{"id":1085,"date":"2015-05-26T16:00:11","date_gmt":"2015-05-26T16:00:11","guid":{"rendered":"http:\/\/lescheminsdemusarde.fr\/?p=1085"},"modified":"2015-05-29T13:38:51","modified_gmt":"2015-05-29T13:38:51","slug":"larc-en-pays-dauge","status":"publish","type":"post","link":"https:\/\/lescheminsdemusarde.fr\/?p=1085","title":{"rendered":"L&rsquo;ARC en pays d&rsquo;Auge&#8230;"},"content":{"rendered":"<h4 style=\"text-align: justify;\">En cette ann\u00e9e 2015, le calendrier de l&rsquo;Amicale des Randonneurs Cyclo-touristes proposait, en week-end de Pentec\u00f4te, une vir\u00e9e en Normandie, \u00e0 la d\u00e9couverte du Pays d&rsquo;Auge, \u00e0 partir de Blangy-le-Ch\u00e2teau ou d&rsquo;ailleurs il n&rsquo;y a pas de ch\u00e2teau sinon un vieux mur&#8230;<\/h4>\n<p><!--more--><\/p>\n<h4 style=\"text-align: justify;\">Nous \u00e9tions une bonne vingtaine \u00e0 r\u00e9pondre \u00e0 l&rsquo;invitation de R\u00e9gis pour d\u00e9couvrir ce coin de Normandie, bien connu des \u00ab\u00a0bobos parisiens\u00a0\u00bb tant ils \u00e9taient nombreux \u00e0 projeter leur image sur les planches de Deauville et alentours pour ces trois jours de f\u00eate.<\/h4>\n<h4 style=\"text-align: justify;\"><a href=\"https:\/\/lescheminsdemusarde.fr\/wp-content\/uploads\/2015\/05\/DSCN0010-Copie.jpg\"><img loading=\"lazy\" decoding=\"async\" class=\"alignleft size-thumbnail wp-image-1061\" src=\"https:\/\/lescheminsdemusarde.fr\/wp-content\/uploads\/2015\/05\/DSCN0010-Copie-150x150.jpg\" alt=\"DSCN0010 - Copie\" width=\"150\" height=\"150\" \/><\/a>Install\u00e9s au camping, en bordure d&rsquo;\u00e9tang, nous \u00e9tions d&rsquo;attaque d\u00e8s le samedi matin pour partir \u00e0 la d\u00e9couverte de Deauville, Trouville, Villerville, Honfleur et m\u00eame, lustre supr\u00eame du tourisme \u00e0 bicyclette, avec la visite d&rsquo;une ferme productrice de cidre, jus de pommes et autre calvados&#8230; \u00e0 consommer avec mod\u00e9ration !<\/h4>\n<h4 style=\"text-align: justify;\">En soir\u00e9e, la convivialit\u00e9 prendra le pas sur le sommeil apr\u00e8s le d\u00eener afin de refaire le monde et dieu sait s&rsquo;il y a du boulot&#8230; !<\/h4>\n<h4 style=\"text-align: justify;\"><a href=\"https:\/\/lescheminsdemusarde.fr\/wp-content\/uploads\/2015\/05\/DSCN0057-Copie.jpg\"><img loading=\"lazy\" decoding=\"async\" class=\"alignleft size-thumbnail wp-image-1074\" src=\"https:\/\/lescheminsdemusarde.fr\/wp-content\/uploads\/2015\/05\/DSCN0057-Copie-150x150.jpg\" alt=\"DSCN0057 - Copie\" width=\"150\" height=\"150\" \/><\/a>Le dimanche nous a permis de d\u00e9couvrir la campagne du Pays d&rsquo;Auge&#8230; entre mont\u00e9es (nombreuses) et descentes (trop rares !) avec le beau village de Beuvron-en-Auge et ses vieilles maisons, manoirs et ch\u00e2teaux, Cambremer et sa c\u00f4te o\u00f9 quelques passages entre 11 et 13 % ont mis \u00e0 rude \u00e9preuve les touristes \u00e0 bicyclette, La Roque-Baignard et sa vision bucolique&#8230; de petites routes agr\u00e9ables \u00e0 souhait ont ponctu\u00e9 cette belle journ\u00e9e.<\/h4>\n<h4 style=\"text-align: justify;\">Lundi matin, nous rencontrons un agriculteur passionn\u00e9 et passionnant \u00e0 Saint-Philbert-des-Champs qui nous fait d\u00e9couvrir la fabrication du fromage Pont-L&rsquo;Ev\u00eaque, nous permet de visiter son exploitation et d\u00e9couvrir son \u00e9levage de vaches de race Normande.<\/h4>\n<h4 style=\"text-align: justify;\">Ensuite, notre petit groupe s&rsquo;\u00e9l\u00e8vra de nouveau pour atteindre la basilique de Lisieux et sa c\u00e9l\u00e8bre Sainte avant de revenir tranquillement \u00e0 Blangy-le-Ch\u00e2teau o\u00f9 nous nous s\u00e9parons apr\u00e8s trois belles journ\u00e9es de tourisme \u00e0 bicyclette comme nous les aimons.<\/h4>\n<h4>Grand MERCI \u00e0 l&rsquo;Ami R\u00e9gis.<\/h4>\n<h4><a href=\"https:\/\/lescheminsdemusarde.fr\/?p=1060\">Les photos sont ICI&#8230;<\/a><\/h4>\n","protected":false},"excerpt":{"rendered":"<p>En cette ann\u00e9e 2015, le calendrier de l&rsquo;Amicale des Randonneurs Cyclo-touristes proposait, en week-end de Pentec\u00f4te, une vir\u00e9e en Normandie, \u00e0 la d\u00e9couverte du Pays d&rsquo;Auge, \u00e0 partir de Blangy-le-Ch\u00e2teau ou d&rsquo;ailleurs il n&rsquo;y a pas de ch\u00e2teau sinon un &hellip; <a href=\"https:\/\/lescheminsdemusarde.fr\/?p=1085\">Continuer la lecture <span class=\"meta-nav\">&rarr;<\/span><\/a><\/p>\n","protected":false},"author":1,"featured_media":0,"comment_status":"open","ping_status":"closed","sticky":false,"template":"","format":"standard","meta":{"_exactmetrics_skip_tracking":false,"_exactmetrics_sitenote_active":false,"_exactmetrics_sitenote_note":"","_exactmetrics_sitenote_category":0,"footnotes":""},"categories":[3,2],"tags":[],"class_list":["post-1085","post","type-post","status-publish","format-standard","hentry","category-bicyclette","category-randonnees-voyages"],"_links":{"self":[{"href":"https:\/\/lescheminsdemusarde.fr\/index.php?rest_route=\/wp\/v2\/posts\/1085","targetHints":{"allow":["GET"]}}],"collection":[{"href":"https:\/\/lescheminsdemusarde.fr\/index.php?rest_route=\/wp\/v2\/posts"}],"about":[{"href":"https:\/\/lescheminsdemusarde.fr\/index.php?rest_route=\/wp\/v2\/types\/post"}],"author":[{"embeddable":true,"href":"https:\/\/lescheminsdemusarde.fr\/index.php?rest_route=\/wp\/v2\/users\/1"}],"replies":[{"embeddable":true,"href":"https:\/\/lescheminsdemusarde.fr\/index.php?rest_route=%2Fwp%2Fv2%2Fcomments&post=1085"}],"version-history":[{"count":7,"href":"https:\/\/lescheminsdemusarde.fr\/index.php?rest_route=\/wp\/v2\/posts\/1085\/revisions"}],"predecessor-version":[{"id":1094,"href":"https:\/\/lescheminsdemusarde.fr\/index.php?rest_route=\/wp\/v2\/posts\/1085\/revisions\/1094"}],"wp:attachment":[{"href":"https:\/\/lescheminsdemusarde.fr\/index.php?rest_route=%2Fwp%2Fv2%2Fmedia&parent=1085"}],"wp:term":[{"taxonomy":"category","embeddable":true,"href":"https:\/\/lescheminsdemusarde.fr\/index.php?rest_route=%2Fwp%2Fv2%2Fcategories&post=1085"},{"taxonomy":"post_tag","embeddable":true,"href":"https:\/\/lescheminsdemusarde.fr\/index.php?rest_route=%2Fwp%2Fv2%2Ftags&post=1085"}],"curies":[{"name":"wp","href":"https:\/\/api.w.org\/{rel}","templated":true}]}}