{"id":11395,"date":"2021-08-27T06:18:45","date_gmt":"2021-08-27T05:18:45","guid":{"rendered":"http:\/\/lescheminsdemusarde.fr\/?p=11395"},"modified":"2021-08-27T06:26:01","modified_gmt":"2021-08-27T05:26:01","slug":"le-departement-de-loir-et-cher-sactive-pour-la-mobilite-douce","status":"publish","type":"post","link":"https:\/\/lescheminsdemusarde.fr\/?p=11395","title":{"rendered":"Le d\u00e9partement de Loir-et-Cher s&rsquo;active&#8230; pour la mobilit\u00e9 douce"},"content":{"rendered":"\n<p><strong>Le Loir-et-Cher tente de rattraper son retard en am\u00e9nagements de mobilit\u00e9 douce&#8230; il y a du travail !<\/strong><\/p>\n\n\n\n<!--more-->\n\n\n\n<figure class=\"wp-block-image\"><img decoding=\"async\" src=\"https:\/\/scontent-cdt1-1.xx.fbcdn.net\/v\/t1.6435-9\/240777032_10165689625885531_2541030188643818374_n.jpg?_nc_cat=110&amp;ccb=1-5&amp;_nc_sid=730e14&amp;_nc_ohc=bE6O2_ssY8AAX8dAl8z&amp;tn=7Fu1qsnJRf8MkkV9&amp;_nc_ht=scontent-cdt1-1.xx&amp;oh=60ddcde164538c841b557dca65f3478a&amp;oe=614CD95D\" alt=\"Peut \u00eatre une image de arbre, route et texte qui dit \u2019Loir Cher PROJET DE VOIE VERTE- D 766 BLOIS MOLINEUF MOLINEUF 5 \u5927 \u0a9c7 07%\u2019\"\/><\/figure>\n\n\n\n<figure class=\"wp-block-image\"><img decoding=\"async\" src=\"https:\/\/scontent-cdt1-1.xx.fbcdn.net\/v\/t1.6435-9\/240784983_10165689626045531_343022127249563898_n.jpg?_nc_cat=103&amp;ccb=1-5&amp;_nc_sid=730e14&amp;_nc_ohc=5kJ6NQqrEJkAX_sGCcE&amp;_nc_ht=scontent-cdt1-1.xx&amp;oh=379fd06f413163fa6fe5a3972fdb0a57&amp;oe=614EBBB0\" alt=\"Peut \u00eatre une image de carte\"\/><\/figure>\n\n\n\n<h3 class=\"wp-block-heading\"><a href=\"https:\/\/www.facebook.com\/departement41\/?__cft__[0]=AZUXSA7V_7fS2h8-_CKTPyYMVBU_UNwm3IyIzUAjEsOPhlNRJI851SEfmxl9SWScg4lNu4GucKVdycUAGsf0GsYwhemBR3N5GHhNsz0gp8laVRmwRILxEl6TT8UGHEbY4zNEavvDOQvM44515usI_6CBCe-XsxCAa78UBvuogcVO7g&amp;__tn__=-UC%2CP-y-R\"><strong>Le Loir-et-Cher<\/strong><\/a><\/h3>\n\n\n\n<p><strong><img loading=\"lazy\" decoding=\"async\" width=\"12\" height=\"12\" alt=\"\" src=\"https:\/\/www.facebook.com\/images\/assets_DO_NOT_HARDCODE\/facebook_icons\/star_filled_24_fds-gray-70.png\">Favoris\u00a0 \u00b7 <a href=\"https:\/\/www.facebook.com\/pedibuscyclus#\">ht1Sdpomndsosre1d\u00a0h<\/a>\u00a0 \u00b7 [PLUS DE VOIE VERTE] Soucieux de d\u00e9velopper les mobilit\u00e9s douces en Loir-et-Cher, le conseil d\u00e9partemental am\u00e9nage une voie verte pour les cyclistes, le long de la RD 766, entre Molineuf (Valencisse) et Blois.<img loading=\"lazy\" decoding=\"async\" width=\"16\" height=\"16\" alt=\"&#x1f6b4;\" src=\"https:\/\/static.xx.fbcdn.net\/images\/emoji.php\/v9\/te0\/1\/16\/1f6b4.png\">Les travaux s&rsquo;\u00e9chelonneront de fin ao\u00fbt \u00e0 fin novembre. <img loading=\"lazy\" decoding=\"async\" width=\"16\" height=\"16\" alt=\"&#x1f6a7;\" src=\"https:\/\/static.xx.fbcdn.net\/images\/emoji.php\/v9\/tc4\/1\/16\/1f6a7.png\">La circulation ne sera pas interrompue sur cette p\u00e9riode ; elle se fera par alternance la journ\u00e9e et sera r\u00e9tablie \u00e0 double sens en soir\u00e9e. Merci de votre compr\u00e9hension. Plus d&rsquo;infos : <a rel=\"noreferrer noopener\" href=\"https:\/\/www.departement41.fr\/ses-missions\/mobilite\/les-routes\/les-travaux-routiers\/?fbclid=IwAR1U6oylZJWkfCLVATX_suilCuMJA4zDC5D8l528PmqLx2m0QAxdN-nQyWg\" target=\"_blank\">https:\/\/www.departement41.fr\/&#8230;\/les-travaux-routiers\/<\/a><a href=\"https:\/\/www.facebook.com\/hashtag\/travaux?__eep__=6&amp;__cft__[0]=AZUXSA7V_7fS2h8-_CKTPyYMVBU_UNwm3IyIzUAjEsOPhlNRJI851SEfmxl9SWScg4lNu4GucKVdycUAGsf0GsYwhemBR3N5GHhNsz0gp8laVRmwRILxEl6TT8UGHEbY4zNEavvDOQvM44515usI_6CBCe-XsxCAa78UBvuogcVO7g&amp;__tn__=*NK-y-R\">#travaux<\/a><a href=\"https:\/\/www.facebook.com\/hashtag\/voieverte?__eep__=6&amp;__cft__[0]=AZUXSA7V_7fS2h8-_CKTPyYMVBU_UNwm3IyIzUAjEsOPhlNRJI851SEfmxl9SWScg4lNu4GucKVdycUAGsf0GsYwhemBR3N5GHhNsz0gp8laVRmwRILxEl6TT8UGHEbY4zNEavvDOQvM44515usI_6CBCe-XsxCAa78UBvuogcVO7g&amp;__tn__=*NK-y-R\">#voieverte<\/a><a href=\"https:\/\/www.facebook.com\/hashtag\/cyclistes?__eep__=6&amp;__cft__[0]=AZUXSA7V_7fS2h8-_CKTPyYMVBU_UNwm3IyIzUAjEsOPhlNRJI851SEfmxl9SWScg4lNu4GucKVdycUAGsf0GsYwhemBR3N5GHhNsz0gp8laVRmwRILxEl6TT8UGHEbY4zNEavvDOQvM44515usI_6CBCe-XsxCAa78UBvuogcVO7g&amp;__tn__=*NK-y-R\">#cyclistes<\/a><a href=\"https:\/\/www.facebook.com\/hashtag\/molineuf?__eep__=6&amp;__cft__[0]=AZUXSA7V_7fS2h8-_CKTPyYMVBU_UNwm3IyIzUAjEsOPhlNRJI851SEfmxl9SWScg4lNu4GucKVdycUAGsf0GsYwhemBR3N5GHhNsz0gp8laVRmwRILxEl6TT8UGHEbY4zNEavvDOQvM44515usI_6CBCe-XsxCAa78UBvuogcVO7g&amp;__tn__=*NK-y-R\">#Molineuf<\/a><\/strong><\/p>\n","protected":false},"excerpt":{"rendered":"<p>Le Loir-et-Cher tente de rattraper son retard en am\u00e9nagements de mobilit\u00e9 douce&#8230; il y a du travail !<\/p>\n","protected":false},"author":1,"featured_media":0,"comment_status":"closed","ping_status":"closed","sticky":false,"template":"","format":"standard","meta":{"_exactmetrics_skip_tracking":false,"_exactmetrics_sitenote_active":false,"_exactmetrics_sitenote_note":"","_exactmetrics_sitenote_category":0,"footnotes":""},"categories":[1],"tags":[],"class_list":["post-11395","post","type-post","status-publish","format-standard","hentry","category-divers"],"_links":{"self":[{"href":"https:\/\/lescheminsdemusarde.fr\/index.php?rest_route=\/wp\/v2\/posts\/11395","targetHints":{"allow":["GET"]}}],"collection":[{"href":"https:\/\/lescheminsdemusarde.fr\/index.php?rest_route=\/wp\/v2\/posts"}],"about":[{"href":"https:\/\/lescheminsdemusarde.fr\/index.php?rest_route=\/wp\/v2\/types\/post"}],"author":[{"embeddable":true,"href":"https:\/\/lescheminsdemusarde.fr\/index.php?rest_route=\/wp\/v2\/users\/1"}],"replies":[{"embeddable":true,"href":"https:\/\/lescheminsdemusarde.fr\/index.php?rest_route=%2Fwp%2Fv2%2Fcomments&post=11395"}],"version-history":[{"count":2,"href":"https:\/\/lescheminsdemusarde.fr\/index.php?rest_route=\/wp\/v2\/posts\/11395\/revisions"}],"predecessor-version":[{"id":11401,"href":"https:\/\/lescheminsdemusarde.fr\/index.php?rest_route=\/wp\/v2\/posts\/11395\/revisions\/11401"}],"wp:attachment":[{"href":"https:\/\/lescheminsdemusarde.fr\/index.php?rest_route=%2Fwp%2Fv2%2Fmedia&parent=11395"}],"wp:term":[{"taxonomy":"category","embeddable":true,"href":"https:\/\/lescheminsdemusarde.fr\/index.php?rest_route=%2Fwp%2Fv2%2Fcategories&post=11395"},{"taxonomy":"post_tag","embeddable":true,"href":"https:\/\/lescheminsdemusarde.fr\/index.php?rest_route=%2Fwp%2Fv2%2Ftags&post=11395"}],"curies":[{"name":"wp","href":"https:\/\/api.w.org\/{rel}","templated":true}]}}