{"id":1261,"date":"2015-08-04T06:53:46","date_gmt":"2015-08-04T06:53:46","guid":{"rendered":"http:\/\/lescheminsdemusarde.fr\/?p=1261"},"modified":"2015-11-28T14:55:31","modified_gmt":"2015-11-28T14:55:31","slug":"pedibuscyclus-en-daft-punk","status":"publish","type":"post","link":"https:\/\/lescheminsdemusarde.fr\/?p=1261","title":{"rendered":"Pedibuscyclus en Daft Punk&#8230;"},"content":{"rendered":"<h4 style=\"text-align: justify;\"><a href=\"https:\/\/lescheminsdemusarde.fr\/wp-content\/uploads\/2015\/08\/Daft-Punk-1.jpg\"><img loading=\"lazy\" decoding=\"async\" class=\"alignleft wp-image-1262 size-medium\" src=\"https:\/\/lescheminsdemusarde.fr\/wp-content\/uploads\/2015\/08\/Daft-Punk-1-192x300.jpg\" alt=\"Daft Punk-1\" width=\"192\" height=\"300\" srcset=\"https:\/\/lescheminsdemusarde.fr\/wp-content\/uploads\/2015\/08\/Daft-Punk-1-192x300.jpg 192w, https:\/\/lescheminsdemusarde.fr\/wp-content\/uploads\/2015\/08\/Daft-Punk-1.jpg 511w\" sizes=\"auto, (max-width: 192px) 100vw, 192px\" \/><\/a>Voici ma r\u00e9ponse \u00e0 tous les imb\u00e9ciles et leurs r\u00e9flexions aussi diverses que vari\u00e9es sur le fait que je me refuse \u00e0 porter le casque \u00e0 bicyclette.<\/h4>\n<p><!--more--><\/p>\n<h4 style=\"text-align: justify;\">Et, ils sont nombreux \u00e0 m&rsquo;agresser de leur r\u00e9flexion d\u00e9sobligeante en ne respectant pas ma position, certes tranch\u00e9e, sur le port du casque \u00e0 bicyclette. Le casque ne sert pas \u00e0 grand chose lorsque l&rsquo;on pratique, comme moi, le tourisme \u00e0 bicyclette. Il est vrai qu&rsquo;au vu de la pratique des clubs cyclotouristes d&rsquo;aujourd&rsquo;hui \u00ab\u00a0nez dans le guidon\u00a0\u00bb le port du casque peut se r\u00e9v\u00e9ler utile tant les chutes sont nombreuses.<\/h4>\n<h4 style=\"text-align: justify;\">Pour ce qui me concerne, roulant le plus souvent seul, \u00e0 une vitesse de 18\/20km\/h, en n&rsquo;ayant pas une attitude accidentog\u00e8ne vis \u00e0 vis des autres v\u00e9hicules et aussi vis \u00e0 vis du Code de la route, l&rsquo;occasion de chuter sur la t\u00eate est rare&#8230; en fait, je pratique le v\u00e9lo-tourisme !<\/h4>\n<h4 style=\"text-align: justify;\">Par contre, lors de mes balades \u00e0 bicyclette, je porte un v\u00eatement fluo afin d&rsquo;\u00eatre bien vu des automobilistes, comme quoi ma prudence peut \u00eatre responsable !<\/h4>\n<h4 style=\"text-align: justify;\">Je vous renvoie au dossier de la F\u00e9d\u00e9ration des Usagers de la Bicyclette sur ce sujet d&rsquo;importance&#8230; <a href=\"http:\/\/fubicy.org\/spip.php?article136&amp;var_recherche=casque\">http:\/\/fubicy.org\/spip.php?article136&amp;var_recherche=casque<\/a><\/h4>\n<h4 style=\"text-align: justify;\">Et, s&rsquo;il vous plait, foutez-moi la paix avec vos r\u00e9flexions. Moi, je fais en sorte de respecter votre choix du port du casque \u00e0 bicyclette.<\/h4>\n<h4>pedibuscyclus<\/h4>\n<p>&nbsp;<\/p>\n","protected":false},"excerpt":{"rendered":"<p>Voici ma r\u00e9ponse \u00e0 tous les imb\u00e9ciles et leurs r\u00e9flexions aussi diverses que vari\u00e9es sur le fait que je me refuse \u00e0 porter le casque \u00e0 bicyclette.<\/p>\n","protected":false},"author":1,"featured_media":0,"comment_status":"closed","ping_status":"closed","sticky":false,"template":"","format":"standard","meta":{"_exactmetrics_skip_tracking":false,"_exactmetrics_sitenote_active":false,"_exactmetrics_sitenote_note":"","_exactmetrics_sitenote_category":0,"footnotes":""},"categories":[1],"tags":[],"class_list":["post-1261","post","type-post","status-publish","format-standard","hentry","category-divers"],"_links":{"self":[{"href":"https:\/\/lescheminsdemusarde.fr\/index.php?rest_route=\/wp\/v2\/posts\/1261","targetHints":{"allow":["GET"]}}],"collection":[{"href":"https:\/\/lescheminsdemusarde.fr\/index.php?rest_route=\/wp\/v2\/posts"}],"about":[{"href":"https:\/\/lescheminsdemusarde.fr\/index.php?rest_route=\/wp\/v2\/types\/post"}],"author":[{"embeddable":true,"href":"https:\/\/lescheminsdemusarde.fr\/index.php?rest_route=\/wp\/v2\/users\/1"}],"replies":[{"embeddable":true,"href":"https:\/\/lescheminsdemusarde.fr\/index.php?rest_route=%2Fwp%2Fv2%2Fcomments&post=1261"}],"version-history":[{"count":11,"href":"https:\/\/lescheminsdemusarde.fr\/index.php?rest_route=\/wp\/v2\/posts\/1261\/revisions"}],"predecessor-version":[{"id":1623,"href":"https:\/\/lescheminsdemusarde.fr\/index.php?rest_route=\/wp\/v2\/posts\/1261\/revisions\/1623"}],"wp:attachment":[{"href":"https:\/\/lescheminsdemusarde.fr\/index.php?rest_route=%2Fwp%2Fv2%2Fmedia&parent=1261"}],"wp:term":[{"taxonomy":"category","embeddable":true,"href":"https:\/\/lescheminsdemusarde.fr\/index.php?rest_route=%2Fwp%2Fv2%2Fcategories&post=1261"},{"taxonomy":"post_tag","embeddable":true,"href":"https:\/\/lescheminsdemusarde.fr\/index.php?rest_route=%2Fwp%2Fv2%2Ftags&post=1261"}],"curies":[{"name":"wp","href":"https:\/\/api.w.org\/{rel}","templated":true}]}}