{"id":1273,"date":"2015-08-17T19:30:06","date_gmt":"2015-08-17T19:30:06","guid":{"rendered":"http:\/\/lescheminsdemusarde.fr\/?p=1273"},"modified":"2015-10-10T06:27:04","modified_gmt":"2015-10-10T06:27:04","slug":"larc-en-semaine-estivale-au-pays-dalbret","status":"publish","type":"post","link":"https:\/\/lescheminsdemusarde.fr\/?p=1273","title":{"rendered":"L&rsquo;ARC en semaine estivale au Pays d&rsquo;Albret&#8230;"},"content":{"rendered":"<h4 style=\"text-align: justify;\"><a href=\"https:\/\/lescheminsdemusarde.fr\/wp-content\/uploads\/2014\/08\/Identit\u00e9.jpg\"><img loading=\"lazy\" decoding=\"async\" class=\"alignleft size-thumbnail wp-image-49\" src=\"https:\/\/lescheminsdemusarde.fr\/wp-content\/uploads\/2014\/08\/Identit\u00e9-150x150.jpg\" alt=\"Identit\u00e9\" width=\"150\" height=\"150\" \/><\/a><em>Mon humain a mis les voiles, une fois de plus et sans ma permission, en ce mois d&rsquo;ao\u00fbt 2015, pour aller visiter le Pays d&rsquo;Albret autour de N\u00e9rac en Lot-et-Garonne&#8230; <\/em>Ce Pays d&rsquo;Albret est \u00e0 Jeanne d&rsquo;Albret, m\u00e8re de Henri III de Navarre et futur Henri IV, ce que Chambord et le Val de Loire sont \u00e0 Fran\u00e7ois 1er&#8230; C&rsquo;est \u00e0 dire un lieu important de leur vie ! Cependant, pour mes amis randonneurs, tout n&rsquo;a pas \u00e9t\u00e9 de tout repos par la faute d&rsquo;une m\u00e9t\u00e9o pour le moins changeante, entre pluie, orages et leurs averses, nuages gris et chaudes, voire tr\u00e8s chaudes journ\u00e9es !<\/h4>\n<p><!--more--><\/p>\n<h4 style=\"text-align: justify;\">C&rsquo;est au camping \u00e0 la ferme \u00ab\u00a0des Contes d&rsquo;Albret\u00a0\u00bb, orthographe garantie, pr\u00e8s de N\u00e9rac, que mon humain et ses amis ont pris leur quartier pour une bonne semaine du 8 au 15 ao\u00fbt 2015. Les parcours, tant v\u00e9lo-touristes que p\u00e9destres, avaient \u00e9t\u00e9 pr\u00e9par\u00e9s avec grand soin par les fr\u00e8res G\u00e9rard et Michel G.<\/h4>\n<h4 style=\"text-align: justify;\">Outre la jolie petite ville de N\u00e9rac, les randonneurs \u00e0 bicyclette ont visit\u00e9 les Landes de Gascogne, les vall\u00e9es de la Ba\u00efse, de l&rsquo;Osse, mais aussi les vignobles, les bastides, les ch\u00e2teaux, les \u00e9glises vari\u00e9es, la vall\u00e9e de la Garonne et tout \u00e7a entre c\u00f4tes difficiles et rampes dures &#8230; Un vrai bonheur pour mon humain&#8230; la l\u00e9g\u00e8ret\u00e9 de l&rsquo;\u00eatre ne faisant aucun doute&#8230; ! Hi han ! Hi han !<\/h4>\n<h4 style=\"text-align: justify;\">Mon humain a surtout retenu la visite du ch\u00e2teau de N\u00e9rac, la balade en gabarre sur la Ba\u00efse, la villa gallo-romaine de S\u00e9viac, le village plein d&rsquo;humour de Moncrabeau et ses menteurs, Larressingle et son village m\u00e9di\u00e9val, Fourc\u00e8s et sa bastide ronde, La Romieu village des chats, Le Nomdieu village fleuri et son \u00e9trange clocher, le port fluvial de Buzet-sur-Ba\u00efse &#8230;<\/h4>\n<h4 style=\"text-align: justify;\">L&rsquo;\u00e9quipe, compos\u00e9e d&rsquo;une petite trentaine de randonneurs, dans une ambiance pour le moins joyeuse, a grandement appr\u00e9ci\u00e9 cette semaine en Pays d&rsquo;Albret et remercie de tout c\u0153ur les deux gentils organisateurs qui ont fait \u00ab\u00a0des pieds et des mains\u00a0\u00bb pour faire plaisir \u00e0 leurs amis.<\/h4>\n<h4 style=\"text-align: justify;\"><em>Je m&rsquo;associe pleinement aux fr\u00e8res G\u00e9rard et Michel G. de m&rsquo;avoir d\u00e9barrass\u00e9 de mon humain pendant huit jours. Un vrai repos pour moi !<\/em><\/h4>\n<h4>Sign\u00e9 : Messire Gaspard du Val.<\/h4>\n<h4><a href=\"https:\/\/lescheminsdemusarde.fr\/?p=1280#more-1280\">LES PHOTOS SONT ICI.<\/a><\/h4>\n<p>&nbsp;<\/p>\n<p>&nbsp;<\/p>\n","protected":false},"excerpt":{"rendered":"<p>Mon humain a mis les voiles, une fois de plus et sans ma permission, en ce mois d&rsquo;ao\u00fbt 2015, pour aller visiter le Pays d&rsquo;Albret autour de N\u00e9rac en Lot-et-Garonne&#8230; Ce Pays d&rsquo;Albret est \u00e0 Jeanne d&rsquo;Albret, m\u00e8re de Henri &hellip; <a href=\"https:\/\/lescheminsdemusarde.fr\/?p=1273\">Continuer la lecture <span class=\"meta-nav\">&rarr;<\/span><\/a><\/p>\n","protected":false},"author":1,"featured_media":0,"comment_status":"closed","ping_status":"closed","sticky":false,"template":"","format":"standard","meta":{"_exactmetrics_skip_tracking":false,"_exactmetrics_sitenote_active":false,"_exactmetrics_sitenote_note":"","_exactmetrics_sitenote_category":0,"footnotes":""},"categories":[3,2],"tags":[],"class_list":["post-1273","post","type-post","status-publish","format-standard","hentry","category-bicyclette","category-randonnees-voyages"],"_links":{"self":[{"href":"https:\/\/lescheminsdemusarde.fr\/index.php?rest_route=\/wp\/v2\/posts\/1273","targetHints":{"allow":["GET"]}}],"collection":[{"href":"https:\/\/lescheminsdemusarde.fr\/index.php?rest_route=\/wp\/v2\/posts"}],"about":[{"href":"https:\/\/lescheminsdemusarde.fr\/index.php?rest_route=\/wp\/v2\/types\/post"}],"author":[{"embeddable":true,"href":"https:\/\/lescheminsdemusarde.fr\/index.php?rest_route=\/wp\/v2\/users\/1"}],"replies":[{"embeddable":true,"href":"https:\/\/lescheminsdemusarde.fr\/index.php?rest_route=%2Fwp%2Fv2%2Fcomments&post=1273"}],"version-history":[{"count":11,"href":"https:\/\/lescheminsdemusarde.fr\/index.php?rest_route=\/wp\/v2\/posts\/1273\/revisions"}],"predecessor-version":[{"id":1495,"href":"https:\/\/lescheminsdemusarde.fr\/index.php?rest_route=\/wp\/v2\/posts\/1273\/revisions\/1495"}],"wp:attachment":[{"href":"https:\/\/lescheminsdemusarde.fr\/index.php?rest_route=%2Fwp%2Fv2%2Fmedia&parent=1273"}],"wp:term":[{"taxonomy":"category","embeddable":true,"href":"https:\/\/lescheminsdemusarde.fr\/index.php?rest_route=%2Fwp%2Fv2%2Fcategories&post=1273"},{"taxonomy":"post_tag","embeddable":true,"href":"https:\/\/lescheminsdemusarde.fr\/index.php?rest_route=%2Fwp%2Fv2%2Ftags&post=1273"}],"curies":[{"name":"wp","href":"https:\/\/api.w.org\/{rel}","templated":true}]}}