{"id":13116,"date":"2022-07-27T10:31:21","date_gmt":"2022-07-27T09:31:21","guid":{"rendered":"http:\/\/lescheminsdemusarde.fr\/?p=13116"},"modified":"2022-07-28T07:02:38","modified_gmt":"2022-07-28T06:02:38","slug":"lami-jeannot-arrete","status":"publish","type":"post","link":"https:\/\/lescheminsdemusarde.fr\/?p=13116","title":{"rendered":"L&rsquo;ami Jeannot arr\u00eate"},"content":{"rendered":"\n<p class=\"has-text-color has-medium-font-size\" style=\"color:#065e87\"><strong>Voici le texte qu&rsquo;il a envoy\u00e9 \u00e0 ses amis le 9 juillet 2022 :<\/strong><\/p>\n\n\n\n<p><strong><em>\u00ab\u00a0Chers Amis<\/em>,<\/strong><\/p>\n\n\n\n<p><strong><em>\u00c9pilogue d&rsquo;une passion cyclotouristique de 68 ans, commenc\u00e9e le 1er mai 1954 jusqu&rsquo;au 18 mai 2022.<\/em><\/strong><\/p>\n\n\n\n<p><strong><em>Ce n&rsquo;est pas la fin. Ce n&rsquo;est m\u00eame pas le commencement de la fin. Mais, c&rsquo;est peut-\u00eatre la fin du commencement.<\/em><\/strong><\/p>\n\n\n\n<p><strong><em>Plier les gaules, expression connue des p\u00eacheurs \u00e0 la ligne, c&rsquo;est d\u00e9cider qu&rsquo;il est temps de ranger le mat\u00e9riel et de laisser les poissons en paix !&#8230; On emploie l&rsquo;expression pour signifier \u00ab\u00a0m\u00e9taphoniquement\u00a0\u00bb qu&rsquo;on arr\u00eate une action et qu&rsquo;on s&rsquo;en va, soit on y ait contraint, soit qu&rsquo;il n&rsquo;y a plus rien \u00e0 esp\u00e9rer !&#8230;<\/em><\/strong><\/p>\n\n\n\n<p><strong><em>Si, aujourd&rsquo;hui, apr\u00e8s cet accident, je peux consid\u00e9rer avoir eu de la chance, je peux dire en phon\u00e9tique : \u00ab\u00a0GETOPIDRO\u00a0\u00bb (j&rsquo;ai \u00e9t\u00e9 au pays des h\u00e9ros).<\/em><\/strong><\/p>\n\n\n\n<p><strong><em>Toute notre Amiti\u00e9 va vers vous.<\/em><\/strong><\/p>\n\n\n\n<p><em><strong>Reine et Jean L<\/strong>.<\/em><\/p>\n\n\n\n<p><strong><em>PS : Merci pour toutes nos rencontres et particuli\u00e8rement tes 9 sierras entre 2004 et 2014. A bient\u00f4t.\u00a0\u00bb<\/em><\/strong><\/p>\n\n\n\n<p class=\"has-text-color has-medium-font-size\" style=\"color:#025378\"><strong>Nostalgie !<\/strong> <strong>Tristesse !<\/strong> <strong>Trop de belles balades partag\u00e9es !<\/strong><\/p>\n\n\n\n<p><\/p>\n","protected":false},"excerpt":{"rendered":"<p>Voici le texte qu&rsquo;il a envoy\u00e9 \u00e0 ses amis le 9 juillet 2022 : \u00ab\u00a0Chers Amis, \u00c9pilogue d&rsquo;une passion cyclotouristique de 68 ans, commenc\u00e9e le 1er mai 1954 jusqu&rsquo;au 18 mai 2022. Ce n&rsquo;est pas la fin. Ce n&rsquo;est m\u00eame &hellip; <a href=\"https:\/\/lescheminsdemusarde.fr\/?p=13116\">Continuer la lecture <span class=\"meta-nav\">&rarr;<\/span><\/a><\/p>\n","protected":false},"author":1,"featured_media":0,"comment_status":"closed","ping_status":"closed","sticky":false,"template":"","format":"standard","meta":{"_exactmetrics_skip_tracking":false,"_exactmetrics_sitenote_active":false,"_exactmetrics_sitenote_note":"","_exactmetrics_sitenote_category":0,"footnotes":""},"categories":[3,1,2],"tags":[],"class_list":["post-13116","post","type-post","status-publish","format-standard","hentry","category-bicyclette","category-divers","category-randonnees-voyages"],"_links":{"self":[{"href":"https:\/\/lescheminsdemusarde.fr\/index.php?rest_route=\/wp\/v2\/posts\/13116","targetHints":{"allow":["GET"]}}],"collection":[{"href":"https:\/\/lescheminsdemusarde.fr\/index.php?rest_route=\/wp\/v2\/posts"}],"about":[{"href":"https:\/\/lescheminsdemusarde.fr\/index.php?rest_route=\/wp\/v2\/types\/post"}],"author":[{"embeddable":true,"href":"https:\/\/lescheminsdemusarde.fr\/index.php?rest_route=\/wp\/v2\/users\/1"}],"replies":[{"embeddable":true,"href":"https:\/\/lescheminsdemusarde.fr\/index.php?rest_route=%2Fwp%2Fv2%2Fcomments&post=13116"}],"version-history":[{"count":5,"href":"https:\/\/lescheminsdemusarde.fr\/index.php?rest_route=\/wp\/v2\/posts\/13116\/revisions"}],"predecessor-version":[{"id":13133,"href":"https:\/\/lescheminsdemusarde.fr\/index.php?rest_route=\/wp\/v2\/posts\/13116\/revisions\/13133"}],"wp:attachment":[{"href":"https:\/\/lescheminsdemusarde.fr\/index.php?rest_route=%2Fwp%2Fv2%2Fmedia&parent=13116"}],"wp:term":[{"taxonomy":"category","embeddable":true,"href":"https:\/\/lescheminsdemusarde.fr\/index.php?rest_route=%2Fwp%2Fv2%2Fcategories&post=13116"},{"taxonomy":"post_tag","embeddable":true,"href":"https:\/\/lescheminsdemusarde.fr\/index.php?rest_route=%2Fwp%2Fv2%2Ftags&post=13116"}],"curies":[{"name":"wp","href":"https:\/\/api.w.org\/{rel}","templated":true}]}}