{"id":13183,"date":"2022-08-19T18:12:13","date_gmt":"2022-08-19T17:12:13","guid":{"rendered":"http:\/\/lescheminsdemusarde.fr\/?p=13183"},"modified":"2023-02-25T08:29:29","modified_gmt":"2023-02-25T07:29:29","slug":"le-refuge-de-mes-ancetres-vers-une-nouvelle-aventure","status":"publish","type":"post","link":"https:\/\/lescheminsdemusarde.fr\/?p=13183","title":{"rendered":"\u00ab\u00a0Le Refuge\u00a0\u00bb de mes anc\u00eatres vers une nouvelle aventure"},"content":{"rendered":"\n<p><strong>Mon arri\u00e8re grand-p\u00e8re a achet\u00e9 cette maison d&rsquo;ouvrier agricole en 1924. A son d\u00e9c\u00e8s, mon grand-p\u00e8re en a h\u00e9rit\u00e9 et trop rapidement mon p\u00e8re en 1951. J&rsquo;avais 6 mois lorsque mes parents m&rsquo;ont fait d\u00e9couvrir ce qui allait devenir la maison de famille. <\/strong><\/p>\n\n\n\n<!--more-->\n\n\n\n<p><strong>Mon p\u00e8re l&rsquo;avait baptis\u00e9 \u00ab\u00a0Le Refuge\u00a0\u00bb car c&rsquo;\u00e9tait l\u00e0 que toute la famille se r\u00e9unissait chaque \u00e9t\u00e9 et mon beau-fr\u00e8re en avait confectionn\u00e9 la pancarte appos\u00e9e sur la fa\u00e7ade de la maison.<br>Apr\u00e8s mon p\u00e8re, ma s\u0153ur en fut l&rsquo;heureuse propri\u00e9taire et sa fille, ma ni\u00e8ce, lui a succ\u00e9d\u00e9. La maison fut alors rallong\u00e9e et transform\u00e9e pour devenir une belle long\u00e8re.<br>Mais, chaque \u00e9t\u00e9, nous ne manquions pas de venir lui rendre visite. Les derni\u00e8res vacances eurent lieu en ao\u00fbt 2018 avant le d\u00e9m\u00e9nagement d&rsquo;octobre 2019 avec la vente \u00e0 venir.<br>Pour ma part, entre 1951 et 1973 ann\u00e9e de mon mariage, les \u00e9t\u00e9s se passaient \u00ab\u00a0\u00e0 Valigny\u00a0\u00bb et c&rsquo;\u00e9tait bien : toute mon enfance et mon adolescence.<br>Depuis, en prenant notre ind\u00e9pendance, nous fr\u00e9quentons chaque ann\u00e9e quelques jours, le camping des \u00c9cossais \u00e0 Isle-et-Bardais tout en venant faire r\u00e9guli\u00e8rement la visite \u00e0 la famille \u00e0 moins de 5 km.<br>Aussi, en cette ann\u00e9e 2022, la curiosit\u00e9 nous a conduits \u00e0 passer avec le camping-car au ralenti devant la maison des Colombi\u00e8res. Il y avait bien du changement mais nous n&rsquo;avons pas su l&rsquo;expliquer.<\/strong> <strong>C&rsquo;est arriv\u00e9 \u00e0 la route de la for\u00eat que nous avons compris le devenir de la maison en voyant le panneau \u00ab\u00a0Le Refuge Chambres d&rsquo;h\u00f4tes \u00e0 600 m\u00e8tres\u00a0\u00bb.<\/strong><\/p>\n\n\n\n<p><strong>Voil\u00e0 une belle et grande id\u00e9e, Le Refuge accueillant des touristes en mal de solitude et de grand calme et, en plus, c&rsquo;est beau.<br>Et nous avons trouv\u00e9 le site internet qui va bien : <a href=\"https:\/\/www.lerefugedugrandchene.fr\/\">https:\/\/www.lerefugedugrandchene.fr\/<\/a><br>Alors n&rsquo;h\u00e9sitez pas amis du grand air et amoureux de la for\u00eat de Tron\u00e7ais \u00e0 venir au Refuge, vous ne le regretterez pas !<\/strong><\/p>\n\n\n\n<figure class=\"wp-block-image size-large\"><img loading=\"lazy\" decoding=\"async\" width=\"576\" height=\"1024\" src=\"https:\/\/lescheminsdemusarde.fr\/wp-content\/uploads\/2022\/08\/image3-576x1024.jpg\" alt=\"\" class=\"wp-image-13205\" srcset=\"https:\/\/lescheminsdemusarde.fr\/wp-content\/uploads\/2022\/08\/image3-576x1024.jpg 576w, https:\/\/lescheminsdemusarde.fr\/wp-content\/uploads\/2022\/08\/image3-169x300.jpg 169w, https:\/\/lescheminsdemusarde.fr\/wp-content\/uploads\/2022\/08\/image3-768x1365.jpg 768w, https:\/\/lescheminsdemusarde.fr\/wp-content\/uploads\/2022\/08\/image3-624x1109.jpg 624w, https:\/\/lescheminsdemusarde.fr\/wp-content\/uploads\/2022\/08\/image3.jpg 810w\" sizes=\"auto, (max-width: 576px) 100vw, 576px\" \/><\/figure>\n\n\n\n<figure class=\"wp-block-image size-full\"><img loading=\"lazy\" decoding=\"async\" width=\"1024\" height=\"768\" src=\"https:\/\/lescheminsdemusarde.fr\/wp-content\/uploads\/2022\/08\/000A.jpg\" alt=\"\" class=\"wp-image-13203\" srcset=\"https:\/\/lescheminsdemusarde.fr\/wp-content\/uploads\/2022\/08\/000A.jpg 1024w, https:\/\/lescheminsdemusarde.fr\/wp-content\/uploads\/2022\/08\/000A-300x225.jpg 300w, https:\/\/lescheminsdemusarde.fr\/wp-content\/uploads\/2022\/08\/000A-768x576.jpg 768w, https:\/\/lescheminsdemusarde.fr\/wp-content\/uploads\/2022\/08\/000A-624x468.jpg 624w\" sizes=\"auto, (max-width: 1024px) 100vw, 1024px\" \/><\/figure>\n\n\n\n<p><\/p>\n\n\n\n<figure class=\"wp-block-image size-large\"><img loading=\"lazy\" decoding=\"async\" width=\"1024\" height=\"576\" src=\"https:\/\/lescheminsdemusarde.fr\/wp-content\/uploads\/2022\/08\/20180815_120222-1024x576.jpg\" alt=\"\" class=\"wp-image-13201\" srcset=\"https:\/\/lescheminsdemusarde.fr\/wp-content\/uploads\/2022\/08\/20180815_120222-1024x576.jpg 1024w, https:\/\/lescheminsdemusarde.fr\/wp-content\/uploads\/2022\/08\/20180815_120222-300x169.jpg 300w, https:\/\/lescheminsdemusarde.fr\/wp-content\/uploads\/2022\/08\/20180815_120222-768x432.jpg 768w, https:\/\/lescheminsdemusarde.fr\/wp-content\/uploads\/2022\/08\/20180815_120222-1536x864.jpg 1536w, https:\/\/lescheminsdemusarde.fr\/wp-content\/uploads\/2022\/08\/20180815_120222-624x351.jpg 624w, https:\/\/lescheminsdemusarde.fr\/wp-content\/uploads\/2022\/08\/20180815_120222.jpg 2048w\" sizes=\"auto, (max-width: 1024px) 100vw, 1024px\" \/><\/figure>\n","protected":false},"excerpt":{"rendered":"<p>Mon arri\u00e8re grand-p\u00e8re a achet\u00e9 cette maison d&rsquo;ouvrier agricole en 1924. A son d\u00e9c\u00e8s, mon grand-p\u00e8re en a h\u00e9rit\u00e9 et trop rapidement mon p\u00e8re en 1951. J&rsquo;avais 6 mois lorsque mes parents m&rsquo;ont fait d\u00e9couvrir ce qui allait devenir la &hellip; <a href=\"https:\/\/lescheminsdemusarde.fr\/?p=13183\">Continuer la lecture <span class=\"meta-nav\">&rarr;<\/span><\/a><\/p>\n","protected":false},"author":1,"featured_media":0,"comment_status":"closed","ping_status":"closed","sticky":false,"template":"","format":"standard","meta":{"_exactmetrics_skip_tracking":false,"_exactmetrics_sitenote_active":false,"_exactmetrics_sitenote_note":"","_exactmetrics_sitenote_category":0,"footnotes":""},"categories":[1],"tags":[],"class_list":["post-13183","post","type-post","status-publish","format-standard","hentry","category-divers"],"_links":{"self":[{"href":"https:\/\/lescheminsdemusarde.fr\/index.php?rest_route=\/wp\/v2\/posts\/13183","targetHints":{"allow":["GET"]}}],"collection":[{"href":"https:\/\/lescheminsdemusarde.fr\/index.php?rest_route=\/wp\/v2\/posts"}],"about":[{"href":"https:\/\/lescheminsdemusarde.fr\/index.php?rest_route=\/wp\/v2\/types\/post"}],"author":[{"embeddable":true,"href":"https:\/\/lescheminsdemusarde.fr\/index.php?rest_route=\/wp\/v2\/users\/1"}],"replies":[{"embeddable":true,"href":"https:\/\/lescheminsdemusarde.fr\/index.php?rest_route=%2Fwp%2Fv2%2Fcomments&post=13183"}],"version-history":[{"count":13,"href":"https:\/\/lescheminsdemusarde.fr\/index.php?rest_route=\/wp\/v2\/posts\/13183\/revisions"}],"predecessor-version":[{"id":13926,"href":"https:\/\/lescheminsdemusarde.fr\/index.php?rest_route=\/wp\/v2\/posts\/13183\/revisions\/13926"}],"wp:attachment":[{"href":"https:\/\/lescheminsdemusarde.fr\/index.php?rest_route=%2Fwp%2Fv2%2Fmedia&parent=13183"}],"wp:term":[{"taxonomy":"category","embeddable":true,"href":"https:\/\/lescheminsdemusarde.fr\/index.php?rest_route=%2Fwp%2Fv2%2Fcategories&post=13183"},{"taxonomy":"post_tag","embeddable":true,"href":"https:\/\/lescheminsdemusarde.fr\/index.php?rest_route=%2Fwp%2Fv2%2Ftags&post=13183"}],"curies":[{"name":"wp","href":"https:\/\/api.w.org\/{rel}","templated":true}]}}