{"id":1524,"date":"2015-10-20T10:16:52","date_gmt":"2015-10-20T10:16:52","guid":{"rendered":"http:\/\/lescheminsdemusarde.fr\/?p=1524"},"modified":"2015-10-21T06:10:03","modified_gmt":"2015-10-21T06:10:03","slug":"larc-studieuse","status":"publish","type":"post","link":"https:\/\/lescheminsdemusarde.fr\/?p=1524","title":{"rendered":"L&rsquo;ARC studieuse&#8230;"},"content":{"rendered":"<h4 style=\"text-align: justify;\">C&rsquo;est \u00e0 Ingrandes, au Nord de Ch\u00e2tellerault, en Vienne, que l&rsquo;Amicale des Randonneurs Cyclo-touristes avait convi\u00e9 ses adh\u00e9rents pour la sacro sainte c\u00e9r\u00e9monie annuelle qu&rsquo;est l&rsquo;Assembl\u00e9e G\u00e9n\u00e9rale de l&rsquo;association.<\/h4>\n<p><!--more--><\/p>\n<h4 style=\"text-align: justify;\">Forte d&rsquo;une participation digne d&rsquo;un r\u00e9gime sovi\u00e9tique, l&rsquo;assembl\u00e9e g\u00e9n\u00e9rale s&rsquo;est d\u00e9roul\u00e9e tout le samedi apr\u00e8s-midi 17 octobre 2015, studieuse, d\u00e9mocratique, chaleureuse souvent, mais aussi, parfois, m\u00e9fiante vis \u00e0 vis des d\u00e9cisions propos\u00e9es&#8230; difficile de satisfaire chacun ! A force d&rsquo;explications, tous ont convenu favorablement aux propositions faites.<\/h4>\n<h4 style=\"text-align: justify;\"><a href=\"https:\/\/lescheminsdemusarde.fr\/wp-content\/uploads\/2015\/10\/DSCN0018-Copie.jpg\"><img loading=\"lazy\" decoding=\"async\" class=\"alignleft wp-image-1538 size-medium\" src=\"https:\/\/lescheminsdemusarde.fr\/wp-content\/uploads\/2015\/10\/DSCN0018-Copie-300x225.jpg\" alt=\"DSCN0018 - Copie\" width=\"300\" height=\"225\" srcset=\"https:\/\/lescheminsdemusarde.fr\/wp-content\/uploads\/2015\/10\/DSCN0018-Copie-300x225.jpg 300w, https:\/\/lescheminsdemusarde.fr\/wp-content\/uploads\/2015\/10\/DSCN0018-Copie-600x450.jpg 600w, https:\/\/lescheminsdemusarde.fr\/wp-content\/uploads\/2015\/10\/DSCN0018-Copie-624x468.jpg 624w, https:\/\/lescheminsdemusarde.fr\/wp-content\/uploads\/2015\/10\/DSCN0018-Copie.jpg 800w\" sizes=\"auto, (max-width: 300px) 100vw, 300px\" \/><\/a>La construction du calendrier 2016 a \u00e9t\u00e9 le moment le plus attendu afin de se projeter vers des d\u00e9couvertes v\u00e9lo-touristiques en devenir&#8230; et chacun sait que l&rsquo;Amicale est prolixe \u00e0 faire r\u00eaver ! 2016 sera copieuse en d\u00e9couvertes avec le plateau de Millevaches en point d&rsquo;orgue.<\/h4>\n<h4 style=\"text-align: justify;\">Apr\u00e8s l&rsquo;intronisation des nouveaux adh\u00e9rents 2015, un vin d&rsquo;honneur a cl\u00f4tur\u00e9 cette incontournable r\u00e9union annuelle. Un d\u00eener \u00ab\u00a0royal\u00a0\u00bb o\u00f9 chacun apporte un plat : soupe, entr\u00e9e, plat principal, fromages, desserts et vins de qualit\u00e9&#8230; on est gourmand \u00e0 l&rsquo;ARC, a prolong\u00e9 ce grand moment de convivialit\u00e9. La soir\u00e9e s&rsquo;est ensuite d\u00e9roul\u00e9e avec deux projections, une sur la saison \u00e9coul\u00e9e et un voyage en&#8230; Ouzb\u00e9kistan&#8230; enfin, je ne suis pas trop s\u00fbr de la destination&#8230; Morph\u00e9e m&rsquo;\u00e9tant tomb\u00e9 dessus !!!<\/h4>\n<h4 style=\"text-align: justify;\">La nuit a \u00e9t\u00e9 bonne et, au petit matin, vers 9 heures, lors du d\u00e9part de la randonn\u00e9e du jour, un petit 2 degr\u00e9s s&rsquo;affichait au compteur, sophistiqu\u00e9, de la bicyclette. Nous sommes partis \u00e0 la d\u00e9couverte de la r\u00e9gion sur un parcours concoct\u00e9 par Jean l&rsquo;organisateur. L&rsquo;\u00e9glise Saint-Sulpice de Oyr\u00e9 retient notre attention puis, vers midi, <a href=\"https:\/\/fr.wikipedia.org\/wiki\/Abbaye_royale_Saint-Michel_de_Bois-Aubry\">l&rsquo;abbaye royale Saint Michel de Bois-Aubry<\/a> \u00e0 Luz\u00e9 o\u00f9 nous rencontrons le souvenir de l&rsquo;acteur de cin\u00e9ma <a href=\"https:\/\/fr.wikipedia.org\/wiki\/Yul_Brynner\">Yul Brynner<\/a> dont les cendres sont enterr\u00e9es \u00e0 proximit\u00e9.<\/h4>\n<h4 style=\"text-align: justify;\">Le pique-nique de midi est pris, pour ceux qui n&rsquo;ont pas pu entrer dans le trop petit bistrot de Marigny-Marmande, sous le soleil dans un petit vent pas tr\u00e8s chaud.<\/h4>\n<h4 style=\"text-align: justify;\">Dans l&rsquo;apr\u00e8s-midi, nous regagnons Ingrandes par de petites routes tr\u00e8s agr\u00e9ables o\u00f9 chacun, autour du verre de l&rsquo;Amiti\u00e9, se donne rendez-vous pour une prochaine rencontre.<\/h4>\n<h4 style=\"text-align: justify;\">Grand Merci \u00e0 Jean et Annie les gentils organisateurs.<\/h4>\n<h4><a href=\"https:\/\/lescheminsdemusarde.fr\/?p=1545#more-1545\">LES PHOTOS SONT ICI.<\/a><\/h4>\n","protected":false},"excerpt":{"rendered":"<p>C&rsquo;est \u00e0 Ingrandes, au Nord de Ch\u00e2tellerault, en Vienne, que l&rsquo;Amicale des Randonneurs Cyclo-touristes avait convi\u00e9 ses adh\u00e9rents pour la sacro sainte c\u00e9r\u00e9monie annuelle qu&rsquo;est l&rsquo;Assembl\u00e9e G\u00e9n\u00e9rale de l&rsquo;association.<\/p>\n","protected":false},"author":1,"featured_media":0,"comment_status":"open","ping_status":"closed","sticky":false,"template":"","format":"standard","meta":{"_exactmetrics_skip_tracking":false,"_exactmetrics_sitenote_active":false,"_exactmetrics_sitenote_note":"","_exactmetrics_sitenote_category":0,"footnotes":""},"categories":[3,2],"tags":[],"class_list":["post-1524","post","type-post","status-publish","format-standard","hentry","category-bicyclette","category-randonnees-voyages"],"_links":{"self":[{"href":"https:\/\/lescheminsdemusarde.fr\/index.php?rest_route=\/wp\/v2\/posts\/1524","targetHints":{"allow":["GET"]}}],"collection":[{"href":"https:\/\/lescheminsdemusarde.fr\/index.php?rest_route=\/wp\/v2\/posts"}],"about":[{"href":"https:\/\/lescheminsdemusarde.fr\/index.php?rest_route=\/wp\/v2\/types\/post"}],"author":[{"embeddable":true,"href":"https:\/\/lescheminsdemusarde.fr\/index.php?rest_route=\/wp\/v2\/users\/1"}],"replies":[{"embeddable":true,"href":"https:\/\/lescheminsdemusarde.fr\/index.php?rest_route=%2Fwp%2Fv2%2Fcomments&post=1524"}],"version-history":[{"count":16,"href":"https:\/\/lescheminsdemusarde.fr\/index.php?rest_route=\/wp\/v2\/posts\/1524\/revisions"}],"predecessor-version":[{"id":1563,"href":"https:\/\/lescheminsdemusarde.fr\/index.php?rest_route=\/wp\/v2\/posts\/1524\/revisions\/1563"}],"wp:attachment":[{"href":"https:\/\/lescheminsdemusarde.fr\/index.php?rest_route=%2Fwp%2Fv2%2Fmedia&parent=1524"}],"wp:term":[{"taxonomy":"category","embeddable":true,"href":"https:\/\/lescheminsdemusarde.fr\/index.php?rest_route=%2Fwp%2Fv2%2Fcategories&post=1524"},{"taxonomy":"post_tag","embeddable":true,"href":"https:\/\/lescheminsdemusarde.fr\/index.php?rest_route=%2Fwp%2Fv2%2Ftags&post=1524"}],"curies":[{"name":"wp","href":"https:\/\/api.w.org\/{rel}","templated":true}]}}