{"id":1661,"date":"2015-12-08T15:44:11","date_gmt":"2015-12-08T15:44:11","guid":{"rendered":"http:\/\/lescheminsdemusarde.fr\/?p=1661"},"modified":"2015-12-09T09:10:55","modified_gmt":"2015-12-09T09:10:55","slug":"larc-decouvre-vendome-et-ses-abords","status":"publish","type":"post","link":"https:\/\/lescheminsdemusarde.fr\/?p=1661","title":{"rendered":"L&rsquo;ARC d\u00e9couvre Vend\u00f4me et ses abords."},"content":{"rendered":"<h4 style=\"text-align: justify;\">C&rsquo;est notre ami Alain, appel\u00e9 par ailleurs pour rire le \u00ab\u00a0Duc de Vend\u00f4me\u00a0\u00bb qui \u00e9tait en charge de l&rsquo;organisation de notre week-end hivernal, sans bicyclette pour une fois, des 5 et 6 d\u00e9cembre 2015. Choisi par lui, l&rsquo;accueil \u00e0 l&rsquo;auberge de jeunesse &#8211; foyer des jeunes travailleurs de Vend\u00f4me a \u00e9t\u00e9 parfait, tant pour l&rsquo;h\u00e9bergement en chambres que pour la partie en salle pour la projection pr\u00e9vue et la restauration de qualit\u00e9.<\/h4>\n<p><!--more--><\/p>\n<h4 style=\"text-align: justify;\">Apr\u00e8s le d\u00e9jeuner du samedi, Alain nous invite \u00e0 visiter sa bonne ville de Vend\u00f4me sous la conduite, d\u00e9taill\u00e9e et document\u00e9e, d&rsquo;un guide historien de l&rsquo;office de tourisme (merci \u00e0 cet office de tourisme de m&rsquo;avoir permis de mettre un peu d&rsquo;ordre dans mes notes de visite de la ville. http:\/\/www.vendome-tourisme.fr\/ ) :<\/h4>\n<h4 style=\"text-align: justify;\"><span style=\"color: #0000ff;\"><em><span class=\"txt_gros\"><strong><a href=\"https:\/\/lescheminsdemusarde.fr\/wp-content\/uploads\/2015\/12\/DSCN0005-Copie.jpg\"><img loading=\"lazy\" decoding=\"async\" class=\"alignleft size-thumbnail wp-image-1672\" src=\"https:\/\/lescheminsdemusarde.fr\/wp-content\/uploads\/2015\/12\/DSCN0005-Copie-150x150.jpg\" alt=\"DSCN0005 Copie\" width=\"150\" height=\"150\" \/><\/a>&#8230; Vend\u00f4me a conserv\u00e9 depuis le XVII\u00e8me si\u00e8cle un patrimoine unique d\u2019espaces verts et de jardins sur une centaine d\u2019hectares, toujours fleuris et entretenus avec passion dans une logique respectueuse de l\u2019environnement. A quelques pas du centre ville, l&rsquo;ancien coll\u00e8ge des Oratoriens o\u00f9 Balzac f\u00fbt \u00e9l\u00e8ve pendant 6 ans. De la rue du Change, rue pi\u00e9tonni\u00e8re, on acc\u00e8de au parc Ronsard (\u00eele du Paradis et ancien potager des Oratoriens) par une passerelle. L\u00e0, un immense platane de 1759 surplombe un des bras du Loir. Un vieux lavoir du XV\u00e8me, restaur\u00e9 par l&rsquo;Association R\u00e9surgence, rappelle que la rivi\u00e8re est partout et que les battoirs des lavandi\u00e8res animaient l&rsquo;arri\u00e8re des maisons. L&rsquo;h\u00f4tel de ville \u00e9tait \u00e0 l&rsquo;origine un ancien coll\u00e8ge fond\u00e9 en 1623 par le Duc C\u00e9sar de Vend\u00f4me. D\u00e8s le XIIe si\u00e8cle, la jolie chapelle Saint-Jacques accueille des p\u00e8lerins en chemin vers\u00a0Saint-Jacques de Compostelle&#8230;<\/strong><\/span><\/em><\/span><\/h4>\n<h4 style=\"text-align: justify;\"><span style=\"color: #0000ff;\"><em><span class=\"txt_gros\"><strong><a href=\"https:\/\/lescheminsdemusarde.fr\/wp-content\/uploads\/2015\/12\/DSCN0013-Copie.jpg\"><img loading=\"lazy\" decoding=\"async\" class=\"alignright wp-image-1665 size-thumbnail\" src=\"https:\/\/lescheminsdemusarde.fr\/wp-content\/uploads\/2015\/12\/DSCN0013-Copie-150x150.jpg\" alt=\"DSCN0013 Copie\" width=\"150\" height=\"150\" \/><\/a>&#8230; L&rsquo;abbaye b\u00e9n\u00e9dictine de la Trinit\u00e9 poss\u00e8de une \u00e9glise d\u00e8s l&rsquo;\u00e9poque romane. <\/strong><\/span>En 1508, la virtuosit\u00e9 du ma\u00eetre d\u2019\u0153uvre, Jean Texier dit Jean de Beauce, s&rsquo;allie \u00e0 celle des sculpteurs pour r\u00e9aliser la fa\u00e7ade de l&rsquo;abbatiale de la Trinit\u00e9. Cet \u00ab\u00a0embrasement sculpt\u00e9\u00a0\u00bb est un des chefs-d\u2019\u0153uvre de l&rsquo;art gothique flamboyant. Le clocher de l&rsquo;\u00e9glise constitue aussi un \u00e9difice exceptionnel construit au XIIe si\u00e8cle. Il ressemble au clocher sud de la cath\u00e9drale de Chartres qui lui est contemporain&#8230;<\/em><\/span><\/h4>\n<h4 style=\"text-align: justify;\"><span style=\"color: #0000ff;\">&#8230; <em>La tour Saint-Martin est l&rsquo;ancien clocher d&rsquo;une \u00e9glise qui occupait presque tout l&rsquo;espace de la place actuelle. Apr\u00e8s la R\u00e9volution, de nombreuses transformations ont affaibli la structure de l&rsquo;\u00e9difice et la vo\u00fbte s&rsquo;effondre en 1854. L&rsquo;\u00e9glise est finalement d\u00e9molie et son clocher (fin XVe, d\u00e9but XVIe si\u00e8cles) est converti en beffroi&#8230;<\/em><\/span><\/h4>\n<h4 style=\"text-align: justify;\"><span style=\"color: #0000ff;\"><em><a href=\"https:\/\/lescheminsdemusarde.fr\/wp-content\/uploads\/2015\/12\/DSCN0022-Copie.jpg\"><img loading=\"lazy\" decoding=\"async\" class=\"alignleft size-thumbnail wp-image-1667\" src=\"https:\/\/lescheminsdemusarde.fr\/wp-content\/uploads\/2015\/12\/DSCN0022-Copie-150x150.jpg\" alt=\"DSCN0022 Copie\" width=\"150\" height=\"150\" \/><\/a>&#8230; La porte Saint-Georges est la seule encore en place parmi les quatre qui contr\u00f4laient l&rsquo;acc\u00e8s dans la ville. En 1467, le comte Jean VIII la conc\u00e8de \u00e0 perp\u00e9tuit\u00e9 aux \u00e9chevins qui d\u00e9cident d&rsquo;y tenir leur assembl\u00e9e. La porte est orn\u00e9e d&rsquo;un d\u00e9cor de m\u00e9daillons au XVIe si\u00e8cle. Les r\u00e9unions du conseil municipal et les mariages s&rsquo;y d\u00e9roulent de nouveau depuis sa restauration en 1959 suite \u00e0 l&rsquo;incendie li\u00e9 au bombardement de 1940&#8230;<\/em><\/span><\/h4>\n<h4 style=\"text-align: justify;\"><span style=\"color: #0000ff;\"><em>&#8230; Les vestiges du ch\u00e2teau (XIe &#8211; XVII e s.) et de sa coll\u00e9giale Saint-Georges \u00e9voquent la puissance des comtes, puis ducs de Bourbon-Vend\u00f4me, qui se hiss\u00e8rent jusqu\u2019au tr\u00f4ne de France avec Henri IV. Le c\u0153ur de l\u2019espace castral est occup\u00e9 par un tr\u00e8s beau parc du XIXe s., qui offre un panorama unique sur la ville (c\u00e8dre de 1807 et collection d\u2019hortensias cr\u00e9\u00e9s par la famille Mouill\u00e8re, horticulteurs Vend\u00f4mois)&#8230;<\/em><\/span><\/h4>\n<h4 style=\"text-align: justify;\"><span class=\"txt_gros\"><strong><a href=\"https:\/\/lescheminsdemusarde.fr\/wp-content\/uploads\/2015\/12\/DSCN0020-Copie.jpg\"><img loading=\"lazy\" decoding=\"async\" class=\"alignright wp-image-1666 size-thumbnail\" src=\"https:\/\/lescheminsdemusarde.fr\/wp-content\/uploads\/2015\/12\/DSCN0020-Copie-150x150.jpg\" alt=\"DSCN0020 Copie\" width=\"150\" height=\"150\" \/><\/a>Outre Balzac, nous c\u00f4toyons Pierre de Ronsard \u00ab\u00a0le ma\u00eetre es po\u00e8mes\u00a0\u00bb et un autre grand homme de la ville Rochambeau&#8230; <\/strong><\/span><span style=\"color: #0000ff;\"><em><b>Jean-Baptiste-Donatien de Vimeur, comte de Rochambeau<\/b>, est un <a style=\"color: #0000ff;\" title=\"Liste des g\u00e9n\u00e9raux de la R\u00e9volution et du Premier Empire\" href=\"https:\/\/fr.wikipedia.org\/wiki\/Liste_des_g%C3%A9n%C3%A9raux_de_la_R%C3%A9volution_et_du_Premier_Empire\">g\u00e9n\u00e9ral de la R\u00e9volution fran\u00e7aise<\/a>. Il s&rsquo;illustre \u00e0 la t\u00eate du corps exp\u00e9ditionnaire fran\u00e7ais lors de la <a style=\"color: #0000ff;\" title=\"Guerre d'ind\u00e9pendance des \u00c9tats-Unis\" href=\"https:\/\/fr.wikipedia.org\/wiki\/Guerre_d%27ind%C3%A9pendance_des_%C3%89tats-Unis\">guerre d&rsquo;ind\u00e9pendance des \u00c9tats-Unis<\/a> (1775-1783). Il termine sa carri\u00e8re militaire avec la dignit\u00e9 de <a style=\"color: #0000ff;\" title=\"Mar\u00e9chal de France\" href=\"https:\/\/fr.wikipedia.org\/wiki\/Mar%C3%A9chal_de_France\">mar\u00e9chal de France<\/a>&#8230;<\/em><\/span> Nous connaissons tous La Fayette et la folle \u00e9pop\u00e9e de son bateau L&rsquo;Hermione mais peu connaissent Rochambeau pourtant le v\u00e9ritable h\u00e9ros de la guerre d&rsquo;ind\u00e9pendance des \u00c9tats-Unis, vainqueur de la bataille de Yorktown.<\/h4>\n<h4 style=\"text-align: justify;\">Apr\u00e8s un d\u00eener de qualit\u00e9, la soir\u00e9e des Amicalistes s&rsquo;est prolong\u00e9e par de beaux diaporamas sur la saison de tourisme \u00e0 bicyclette \u00e9coul\u00e9e. Merci \u00e0 Patrice pour ce bon moment.<\/h4>\n<h4 style=\"text-align: justify;\"><a href=\"https:\/\/lescheminsdemusarde.fr\/wp-content\/uploads\/2015\/12\/DSCN0036-Copie.jpg\"><img loading=\"lazy\" decoding=\"async\" class=\"alignleft size-thumbnail wp-image-1675\" src=\"https:\/\/lescheminsdemusarde.fr\/wp-content\/uploads\/2015\/12\/DSCN0036-Copie-150x150.jpg\" alt=\"DSCN0036 Copie\" width=\"150\" height=\"150\" \/><\/a>Le dimanche matin, apr\u00e8s un copieux petit d\u00e9jeuner, \u00e0 d\u00e9faut de bicyclette, nous plongeons de plein pied dans les chaussures de randonn\u00e9e afin de parcourir un itin\u00e9raire, vallonn\u00e9 \u00e0 souhait, trac\u00e9 en grande partie dans le Bois de l&rsquo;Oratoire, au Nord de Vend\u00f4me. Petits chemins et all\u00e9es foresti\u00e8res s&rsquo;offrent \u00e0 nous et donnent l&rsquo;occasion de nombreuses photos des participants. Nous visitons aussi \u00ab\u00a0la pente des Coutis\u00a0\u00bb qui a pour objectif de maintenir un vignoble actif sur le coteau, en partenariat avec les viticulteurs et les riverains. Elle valorise aussi, outre le paysage agricole, une jolie vue sur la ville de Vend\u00f4me.<\/h4>\n<h4 style=\"text-align: justify;\">Mais, tout a une fin et c&rsquo;est le c\u0153ur serr\u00e9, apr\u00e8s le d\u00e9jeuner termin\u00e9, que les Amicalistes ont repris la route de leur domicile, non sans avoir remerci\u00e9 avec chaleur l&rsquo;ami Alain pour ce beau week-end en vend\u00f4mois.<\/h4>\n<h4 style=\"text-align: justify;\">Merci Alain !<\/h4>\n<h2><a href=\"https:\/\/lescheminsdemusarde.fr\/?p=1681#more-1681\">LES PHOTOS SONT ICI.<\/a><\/h2>\n<p>&nbsp;<\/p>\n<p>&nbsp;<\/p>\n<h4 style=\"text-align: justify;\"><\/h4>\n","protected":false},"excerpt":{"rendered":"<p>C&rsquo;est notre ami Alain, appel\u00e9 par ailleurs pour rire le \u00ab\u00a0Duc de Vend\u00f4me\u00a0\u00bb qui \u00e9tait en charge de l&rsquo;organisation de notre week-end hivernal, sans bicyclette pour une fois, des 5 et 6 d\u00e9cembre 2015. Choisi par lui, l&rsquo;accueil \u00e0 l&rsquo;auberge &hellip; <a href=\"https:\/\/lescheminsdemusarde.fr\/?p=1661\">Continuer la lecture <span class=\"meta-nav\">&rarr;<\/span><\/a><\/p>\n","protected":false},"author":1,"featured_media":0,"comment_status":"open","ping_status":"closed","sticky":false,"template":"","format":"standard","meta":{"_exactmetrics_skip_tracking":false,"_exactmetrics_sitenote_active":false,"_exactmetrics_sitenote_note":"","_exactmetrics_sitenote_category":0,"footnotes":""},"categories":[3,2],"tags":[],"class_list":["post-1661","post","type-post","status-publish","format-standard","hentry","category-bicyclette","category-randonnees-voyages"],"_links":{"self":[{"href":"https:\/\/lescheminsdemusarde.fr\/index.php?rest_route=\/wp\/v2\/posts\/1661","targetHints":{"allow":["GET"]}}],"collection":[{"href":"https:\/\/lescheminsdemusarde.fr\/index.php?rest_route=\/wp\/v2\/posts"}],"about":[{"href":"https:\/\/lescheminsdemusarde.fr\/index.php?rest_route=\/wp\/v2\/types\/post"}],"author":[{"embeddable":true,"href":"https:\/\/lescheminsdemusarde.fr\/index.php?rest_route=\/wp\/v2\/users\/1"}],"replies":[{"embeddable":true,"href":"https:\/\/lescheminsdemusarde.fr\/index.php?rest_route=%2Fwp%2Fv2%2Fcomments&post=1661"}],"version-history":[{"count":12,"href":"https:\/\/lescheminsdemusarde.fr\/index.php?rest_route=\/wp\/v2\/posts\/1661\/revisions"}],"predecessor-version":[{"id":1699,"href":"https:\/\/lescheminsdemusarde.fr\/index.php?rest_route=\/wp\/v2\/posts\/1661\/revisions\/1699"}],"wp:attachment":[{"href":"https:\/\/lescheminsdemusarde.fr\/index.php?rest_route=%2Fwp%2Fv2%2Fmedia&parent=1661"}],"wp:term":[{"taxonomy":"category","embeddable":true,"href":"https:\/\/lescheminsdemusarde.fr\/index.php?rest_route=%2Fwp%2Fv2%2Fcategories&post=1661"},{"taxonomy":"post_tag","embeddable":true,"href":"https:\/\/lescheminsdemusarde.fr\/index.php?rest_route=%2Fwp%2Fv2%2Ftags&post=1661"}],"curies":[{"name":"wp","href":"https:\/\/api.w.org\/{rel}","templated":true}]}}