{"id":16946,"date":"2025-02-14T17:37:17","date_gmt":"2025-02-14T16:37:17","guid":{"rendered":"https:\/\/lescheminsdemusarde.fr\/?p=16946"},"modified":"2025-11-22T07:30:23","modified_gmt":"2025-11-22T06:30:23","slug":"ponts-de-muides-sur-loire-a-nouveau-en-travaux","status":"publish","type":"post","link":"https:\/\/lescheminsdemusarde.fr\/?p=16946","title":{"rendered":"Les Ponts de Muides-sur-Loire de nouveau en travaux"},"content":{"rendered":"\n<p class=\"has-large-font-size\"><strong>Et aussi des travaux \u00e0<a href=\"https:\/\/www.facebook.com\/lechateaudechambord?__cft__[0]=AZUAkZR40QfJt8GQCDLSFAcFODm1kxYU4wAo7FOELH-NEMOzHGUXYhibFj0ARs539pq_3H28Fv2-wMKI2YsHodg7w_HTYmdzD_uTrWgdbrIZEReNnDdQ9gDPbyenH4eGwQVbG6ZqPg1J4b7tvwYDLEiCCEykkyZ6c49uLa6U1d3hLEy3CfTtrD_Xil-vdZ4fm1Sm1C3bcvWkyo47KXBk1GqLZp5PglgO9zoXebA5fQVZdA&amp;__tn__=-UC%2CP-y-R\"> <\/a><\/strong><a href=\"https:\/\/www.facebook.com\/lechateaudechambord?__cft__[0]=AZUAkZR40QfJt8GQCDLSFAcFODm1kxYU4wAo7FOELH-NEMOzHGUXYhibFj0ARs539pq_3H28Fv2-wMKI2YsHodg7w_HTYmdzD_uTrWgdbrIZEReNnDdQ9gDPbyenH4eGwQVbG6ZqPg1J4b7tvwYDLEiCCEykkyZ6c49uLa6U1d3hLEy3CfTtrD_Xil-vdZ4fm1Sm1C3bcvWkyo47KXBk1GqLZp5PglgO9zoXebA5fQVZdA&amp;__tn__=-UC%2CP-y-R\"><strong>Chambord<\/strong><\/a><\/p>\n\n\n\n<p><img loading=\"lazy\" decoding=\"async\" src=\"https:\/\/static.xx.fbcdn.net\/images\/emoji.php\/v9\/tc4\/1\/16\/1f6a7.png\" alt=\"?\" width=\"16\" height=\"16\">Attention, fermetures de routes \u00e0 pr\u00e9voir du 24 au 28 novembre dans le domaine de Chambord.<\/p>\n\n\n\n<p>La semaine prochaine, des travaux auront lieu autour du village de Chambord. Voici les informations jour par jour <img loading=\"lazy\" decoding=\"async\" src=\"https:\/\/static.xx.fbcdn.net\/images\/emoji.php\/v9\/t4f\/1\/16\/1f447.png\" alt=\"?\" width=\"16\" height=\"16\"><\/p>\n\n\n\n<p>Lundi 24 et mardi 25 novembre<\/p>\n\n\n\n<p><img loading=\"lazy\" decoding=\"async\" src=\"https:\/\/static.xx.fbcdn.net\/images\/emoji.php\/v9\/t72\/1\/16\/1f538.png\" alt=\"?\" width=\"16\" height=\"16\"> Travers\u00e9e du village perturb\u00e9e<\/p>\n\n\n\n<p><img loading=\"lazy\" decoding=\"async\" src=\"https:\/\/static.xx.fbcdn.net\/images\/emoji.php\/v9\/t72\/1\/16\/1f538.png\" alt=\"?\" width=\"16\" height=\"16\"> Circulation altern\u00e9e sur :<\/p>\n\n\n\n<p>D112 (Charles X au rond-point Fran\u00e7ois Ier)<\/p>\n\n\n\n<p>D33 (Charles X \/ Fran\u00e7ois Ier au route de la Commission)<\/p>\n\n\n\n<p><img loading=\"lazy\" decoding=\"async\" src=\"https:\/\/static.xx.fbcdn.net\/images\/emoji.php\/v9\/t51\/1\/16\/1f449.png\" alt=\"?\" width=\"16\" height=\"16\"> Tous les parkings restent accessibles<\/p>\n\n\n\n<p>Mercredi 26 novembre<\/p>\n\n\n\n<p><img loading=\"lazy\" decoding=\"async\" src=\"https:\/\/static.xx.fbcdn.net\/images\/emoji.php\/v9\/tbd\/1\/16\/26d4.png\" alt=\"\u26d4\" width=\"16\" height=\"16\"> Fermeture route Fran\u00e7ois Ier de mercredi 8h \u00e0 jeudi 8h<\/p>\n\n\n\n<p>Acc\u00e8s parkings visiteurs :<\/p>\n\n\n\n<p>P0, P1 (bus) et Relais de Chambord accessibles par la route Charles X et par le village de Chambord<\/p>\n\n\n\n<p>P2 accessible par les routes de Saint-Dy\u00e9 ou de Muides<\/p>\n\n\n\n<p>Jeudi 27 novembre<\/p>\n\n\n\n<p><img loading=\"lazy\" decoding=\"async\" src=\"https:\/\/static.xx.fbcdn.net\/images\/emoji.php\/v9\/tbd\/1\/16\/26d4.png\" alt=\"\u26d4\" width=\"16\" height=\"16\"> Fermeture route Charles X de 8h \u00e0 vendredi 8h<\/p>\n\n\n\n<p>Acc\u00e8s parkings visiteurs (P0, P1, P2) :<\/p>\n\n\n\n<p>Par les routes de Saint-Dy\u00e9, Muides ou Huisseau-sur-Cosson<\/p>\n\n\n\n<p>Acc\u00e8s commer\u00e7ants :<\/p>\n\n\n\n<p>Par la route de Huisseau-sur-Cosson<\/p>\n\n\n\n<p>Vendredi 28 novembre<\/p>\n\n\n\n<p><img loading=\"lazy\" decoding=\"async\" src=\"https:\/\/static.xx.fbcdn.net\/images\/emoji.php\/v9\/taf\/1\/16\/1f513.png\" alt=\"?\" width=\"16\" height=\"16\"> R\u00e9ouverture de la route Charles X (\u00e0 8h)<\/p>\n\n\n\n<p><img loading=\"lazy\" decoding=\"async\" src=\"https:\/\/static.xx.fbcdn.net\/images\/emoji.php\/v9\/t72\/1\/16\/1f538.png\" alt=\"?\" width=\"16\" height=\"16\"> Circulation altern\u00e9e sur D33 (8h \u00e0 16h30)<\/p>\n\n\n\n<p><img loading=\"lazy\" decoding=\"async\" src=\"https:\/\/static.xx.fbcdn.net\/images\/emoji.php\/v9\/t51\/1\/16\/1f449.png\" alt=\"?\" width=\"16\" height=\"16\"> Tous les parkings sont accessibles<\/p>\n\n\n\n<p>Veuillez nous excuser pour la g\u00eane occasionn\u00e9e.<\/p>\n\n\n\n<p><a href=\"https:\/\/www.facebook.com\/routes.infos41?__cft__[0]=AZUAkZR40QfJt8GQCDLSFAcFODm1kxYU4wAo7FOELH-NEMOzHGUXYhibFj0ARs539pq_3H28Fv2-wMKI2YsHodg7w_HTYmdzD_uTrWgdbrIZEReNnDdQ9gDPbyenH4eGwQVbG6ZqPg1J4b7tvwYDLEiCCEykkyZ6c49uLa6U1d3hLEy3CfTtrD_Xil-vdZ4fm1Sm1C3bcvWkyo47KXBk1GqLZp5PglgO9zoXebA5fQVZdA&amp;__tn__=-]K-y-R\">Routes infos 41<\/a> <a href=\"https:\/\/www.facebook.com\/profile.php?id=100067835472676&amp;__cft__[0]=AZUAkZR40QfJt8GQCDLSFAcFODm1kxYU4wAo7FOELH-NEMOzHGUXYhibFj0ARs539pq_3H28Fv2-wMKI2YsHodg7w_HTYmdzD_uTrWgdbrIZEReNnDdQ9gDPbyenH4eGwQVbG6ZqPg1J4b7tvwYDLEiCCEykkyZ6c49uLa6U1d3hLEy3CfTtrD_Xil-vdZ4fm1Sm1C3bcvWkyo47KXBk1GqLZp5PglgO9zoXebA5fQVZdA&amp;__tn__=-]K-y-R\">Poste a cheval de Chambord &#8211; Loir et cher<\/a> <a href=\"https:\/\/www.facebook.com\/prefet41?__cft__[0]=AZUAkZR40QfJt8GQCDLSFAcFODm1kxYU4wAo7FOELH-NEMOzHGUXYhibFj0ARs539pq_3H28Fv2-wMKI2YsHodg7w_HTYmdzD_uTrWgdbrIZEReNnDdQ9gDPbyenH4eGwQVbG6ZqPg1J4b7tvwYDLEiCCEykkyZ6c49uLa6U1d3hLEy3CfTtrD_Xil-vdZ4fm1Sm1C3bcvWkyo47KXBk1GqLZp5PglgO9zoXebA5fQVZdA&amp;__tn__=-]K-y-R\">Pr\u00e9fet de Loir-et-Cher<\/a> <a href=\"https:\/\/www.facebook.com\/hashtag\/chambord?__eep__=6&amp;__cft__[0]=AZUAkZR40QfJt8GQCDLSFAcFODm1kxYU4wAo7FOELH-NEMOzHGUXYhibFj0ARs539pq_3H28Fv2-wMKI2YsHodg7w_HTYmdzD_uTrWgdbrIZEReNnDdQ9gDPbyenH4eGwQVbG6ZqPg1J4b7tvwYDLEiCCEykkyZ6c49uLa6U1d3hLEy3CfTtrD_Xil-vdZ4fm1Sm1C3bcvWkyo47KXBk1GqLZp5PglgO9zoXebA5fQVZdA&amp;__tn__=*NK-y-R\">#chambord<\/a> <a href=\"https:\/\/www.facebook.com\/hashtag\/fermeturederoute?__eep__=6&amp;__cft__[0]=AZUAkZR40QfJt8GQCDLSFAcFODm1kxYU4wAo7FOELH-NEMOzHGUXYhibFj0ARs539pq_3H28Fv2-wMKI2YsHodg7w_HTYmdzD_uTrWgdbrIZEReNnDdQ9gDPbyenH4eGwQVbG6ZqPg1J4b7tvwYDLEiCCEykkyZ6c49uLa6U1d3hLEy3CfTtrD_Xil-vdZ4fm1Sm1C3bcvWkyo47KXBk1GqLZp5PglgO9zoXebA5fQVZdA&amp;__tn__=*NK-y-R\">#fermeturederoute<\/a> <a href=\"https:\/\/www.facebook.com\/hashtag\/infosvisiteurs?__eep__=6&amp;__cft__[0]=AZUAkZR40QfJt8GQCDLSFAcFODm1kxYU4wAo7FOELH-NEMOzHGUXYhibFj0ARs539pq_3H28Fv2-wMKI2YsHodg7w_HTYmdzD_uTrWgdbrIZEReNnDdQ9gDPbyenH4eGwQVbG6ZqPg1J4b7tvwYDLEiCCEykkyZ6c49uLa6U1d3hLEy3CfTtrD_Xil-vdZ4fm1Sm1C3bcvWkyo47KXBk1GqLZp5PglgO9zoXebA5fQVZdA&amp;__tn__=*NK-y-R\">#infosvisiteurs<\/a><\/p>\n\n\n\n<p><\/p>\n\n\n\n<p><\/p>\n\n\n\n<p><strong><em>L\u2019inspection des ponts de Muides-sur-Loire (RD 112) aura lieu du 24 au 27 novembre 2025. Un alternat de circulation sera mis en place. Soyez vigilants<\/em><\/strong> !<\/p>\n\n\n\n<p><\/p>\n\n\n\n<figure class=\"wp-block-image size-full\"><img loading=\"lazy\" decoding=\"async\" width=\"960\" height=\"720\" src=\"https:\/\/lescheminsdemusarde.fr\/wp-content\/uploads\/2025\/02\/537836303_10233809632475538_5060426942235180531_n.jpg\" alt=\"\" class=\"wp-image-17652\" srcset=\"https:\/\/lescheminsdemusarde.fr\/wp-content\/uploads\/2025\/02\/537836303_10233809632475538_5060426942235180531_n.jpg 960w, https:\/\/lescheminsdemusarde.fr\/wp-content\/uploads\/2025\/02\/537836303_10233809632475538_5060426942235180531_n-300x225.jpg 300w, https:\/\/lescheminsdemusarde.fr\/wp-content\/uploads\/2025\/02\/537836303_10233809632475538_5060426942235180531_n-768x576.jpg 768w\" sizes=\"auto, (max-width: 960px) 100vw, 960px\" \/><\/figure>\n\n\n\n<p class=\"has-medium-font-size\"><strong>Des travaux sur les ponts sur la Loire, de Courbouzon et Muides-sur-Loire (41), en direction de Chambord<\/strong>.<\/p>\n\n\n\n<p class=\"has-medium-font-size\"><strong>Des travaux pr\u00e9vus par le d\u00e9partement du Loir-et-Cher sur les ponts sur la Loire, de Courbouzon et Muides, se d\u00e9rouleront du 17 f\u00e9vrier au 3 juin 2025.<\/strong><\/p>\n\n\n\n<p class=\"has-medium-font-size\"><strong>Une bonne partie des travaux se fera par alternat.<\/strong><\/p>\n\n\n\n<p class=\"has-medium-font-size\"><strong>Des travaux sous coupure ponctuelle de nuit (de 20h \u00e0 6h) pourront \u00eatre programm\u00e9s si n\u00e9cessaire. Les dates \u00e9ventuelles seront communiqu\u00e9es ult\u00e9rieurement.<\/strong><\/p>\n\n\n\n<p class=\"has-text-color has-link-color has-medium-font-size wp-elements-8398f728020a89843c1235761899ecdf\" style=\"color:#b80404\"><em><strong>Les ponts de Courbouzon et Muides -sur-Loire franchissant la Loire sont r\u00e9-ouverts \u00e0 la circulation depuis ce jeudi 26 juin 202<\/strong><\/em><strong><em>5<\/em><\/strong><strong><em>, les signal\u00e9tiques ont \u00e9t\u00e9 retir\u00e9es.<\/em><\/strong><\/p>\n\n\n\n<figure class=\"wp-block-image size-full\"><img loading=\"lazy\" decoding=\"async\" width=\"799\" height=\"599\" src=\"https:\/\/lescheminsdemusarde.fr\/wp-content\/uploads\/2025\/05\/IMG_20250520_230047.jpg\" alt=\"\" class=\"wp-image-17459\" srcset=\"https:\/\/lescheminsdemusarde.fr\/wp-content\/uploads\/2025\/05\/IMG_20250520_230047.jpg 799w, https:\/\/lescheminsdemusarde.fr\/wp-content\/uploads\/2025\/05\/IMG_20250520_230047-300x225.jpg 300w, https:\/\/lescheminsdemusarde.fr\/wp-content\/uploads\/2025\/05\/IMG_20250520_230047-768x576.jpg 768w\" sizes=\"auto, (max-width: 799px) 100vw, 799px\" \/><\/figure>\n","protected":false},"excerpt":{"rendered":"<p>Et aussi des travaux \u00e0 Chambord Attention, fermetures de routes \u00e0 pr\u00e9voir du 24 au 28 novembre dans le domaine de Chambord. La semaine prochaine, des travaux auront lieu autour du village de Chambord. Voici les informations jour par jour &hellip; <a href=\"https:\/\/lescheminsdemusarde.fr\/?p=16946\">Continuer la lecture <span class=\"meta-nav\">&rarr;<\/span><\/a><\/p>\n","protected":false},"author":1,"featured_media":0,"comment_status":"closed","ping_status":"closed","sticky":false,"template":"","format":"standard","meta":{"_exactmetrics_skip_tracking":false,"_exactmetrics_sitenote_active":false,"_exactmetrics_sitenote_note":"","_exactmetrics_sitenote_category":0,"footnotes":""},"categories":[3,4,2],"tags":[],"class_list":["post-16946","post","type-post","status-publish","format-standard","hentry","category-bicyclette","category-pedestre","category-randonnees-voyages"],"_links":{"self":[{"href":"https:\/\/lescheminsdemusarde.fr\/index.php?rest_route=\/wp\/v2\/posts\/16946","targetHints":{"allow":["GET"]}}],"collection":[{"href":"https:\/\/lescheminsdemusarde.fr\/index.php?rest_route=\/wp\/v2\/posts"}],"about":[{"href":"https:\/\/lescheminsdemusarde.fr\/index.php?rest_route=\/wp\/v2\/types\/post"}],"author":[{"embeddable":true,"href":"https:\/\/lescheminsdemusarde.fr\/index.php?rest_route=\/wp\/v2\/users\/1"}],"replies":[{"embeddable":true,"href":"https:\/\/lescheminsdemusarde.fr\/index.php?rest_route=%2Fwp%2Fv2%2Fcomments&post=16946"}],"version-history":[{"count":18,"href":"https:\/\/lescheminsdemusarde.fr\/index.php?rest_route=\/wp\/v2\/posts\/16946\/revisions"}],"predecessor-version":[{"id":18213,"href":"https:\/\/lescheminsdemusarde.fr\/index.php?rest_route=\/wp\/v2\/posts\/16946\/revisions\/18213"}],"wp:attachment":[{"href":"https:\/\/lescheminsdemusarde.fr\/index.php?rest_route=%2Fwp%2Fv2%2Fmedia&parent=16946"}],"wp:term":[{"taxonomy":"category","embeddable":true,"href":"https:\/\/lescheminsdemusarde.fr\/index.php?rest_route=%2Fwp%2Fv2%2Fcategories&post=16946"},{"taxonomy":"post_tag","embeddable":true,"href":"https:\/\/lescheminsdemusarde.fr\/index.php?rest_route=%2Fwp%2Fv2%2Ftags&post=16946"}],"curies":[{"name":"wp","href":"https:\/\/api.w.org\/{rel}","templated":true}]}}