{"id":176,"date":"2014-08-22T18:01:18","date_gmt":"2014-08-22T18:01:18","guid":{"rendered":"http:\/\/lescheminsdemusarde.fr\/?p=176"},"modified":"2014-09-20T09:09:55","modified_gmt":"2014-09-20T09:09:55","slug":"176","status":"publish","type":"post","link":"https:\/\/lescheminsdemusarde.fr\/?p=176","title":{"rendered":"La Grande Travers\u00e9e du Jura&#8230;"},"content":{"rendered":"<p id=\"yui_3_5_0_1_1409507790707_30734\" style=\"text-align: justify;\"><span id=\"yui_3_5_0_1_1409507790707_30757\" style=\"font-family: comic sans ms,sans-serif; font-size: 12pt;\"><img loading=\"lazy\" decoding=\"async\" class=\"GcheTexte alignleft\" src=\"http:\/\/img.over-blog.com\/83x100\/0\/59\/89\/24\/Bonne-annee\/DSCN1518-Copie.JPG\" alt=\"DSCN1518 Copie\" width=\"83\" height=\"100\" data-cke-saved-src=\"http:\/\/img.over-blog.com\/83x100\/0\/59\/89\/24\/Bonne-annee\/DSCN1518-Copie.JPG\" \/>Une fois de plus, mon \u00ab\u00a0humain\u00a0\u00bb a pris la cl\u00e9 des champs&#8230; Avec des amis, il a parcouru, \u00e0 ses dires \u00e0 pied, la Grande Travers\u00e9e du Jura, 120km en sept jours&#8230; <em>Tu parles d&rsquo;un exploit !<\/em><\/span><\/p>\n<p style=\"text-align: justify;\"><span style=\"font-family: comic sans ms,sans-serif; font-size: 12pt;\">C&rsquo;est entre Pontarlier et Les Rousses que mon \u00ab\u00a0humain\u00a0\u00bb a baguenaud\u00e9&#8230; <em>sois-disant le plus joli parcours de la GTJ comme ils disent&#8230;<\/em><\/span><!--more--><\/p>\n<p style=\"text-align: justify;\"><span style=\"font-family: comic sans ms,sans-serif; font-size: 12pt;\">La m\u00e9t\u00e9o leur a \u00e9t\u00e9 frondeuse, entre soleil, chaleur, nuages, averses, fra\u00eecheur&#8230; <em>J&rsquo;en connais un qui aurait pu rester \u00e0 mes c\u00f4t\u00e9s, on se serait r\u00e9chauff\u00e9s !<\/em><\/span><\/p>\n<p style=\"text-align: justify;\"><span style=\"font-family: comic sans ms,sans-serif; font-size: 12pt;\"><img loading=\"lazy\" decoding=\"async\" class=\"DrteTexte alignright\" src=\"http:\/\/img.over-blog.com\/300x225\/0\/59\/89\/24\/GTJura-2011\/15-C-est-serieux.JPG\" alt=\"15-C'est s\u00e9rieux\" width=\"300\" height=\"225\" data-cke-saved-src=\"http:\/\/img.over-blog.com\/300x225\/0\/59\/89\/24\/GTJura-2011\/15-C-est-serieux.JPG\" \/>A ses dires, mon \u00ab\u00a0humain\u00a0\u00bb a trouv\u00e9 le parcours \u00e0 son go\u00fbt&#8230; des paysages superbes, de jolies vaches en p\u00e2turage, des chevaux, des \u00e2nes&#8230; <em>pas tr\u00e8s beaux selon lui par rapport \u00e0 moi&#8230;<\/em> et puis quoi encore&#8230; des chamois surpris au coin d&rsquo;un bois&#8230;<\/span><\/p>\n<p style=\"text-align: justify;\"><span style=\"font-family: comic sans ms,sans-serif; font-size: 12pt;\">Cette organisation parfaite, concoct\u00e9e par Dame Liliane de St Bohaire, les a vus premiers randonneurs \u00e0 parcourir cette r\u00e9gion en cette ann\u00e9e, la neige ayant disparu rapidement en ce printemps.<\/span><\/p>\n<p style=\"text-align: justify;\"><span style=\"font-family: comic sans ms,sans-serif; font-size: 12pt;\"><img loading=\"lazy\" decoding=\"async\" class=\"GcheTexte alignleft\" src=\"http:\/\/img.over-blog.com\/300x225\/0\/59\/89\/24\/GTJura-2011\/26-Le-chalet-Gaillard.JPG\" alt=\"26-Le chalet Gaillard\" width=\"300\" height=\"225\" data-cke-saved-src=\"http:\/\/img.over-blog.com\/300x225\/0\/59\/89\/24\/GTJura-2011\/26-Le-chalet-Gaillard.JPG\" \/>Tous les h\u00e9bergements \u00e9taient de qualit\u00e9 : en Auberge de Jeunesse&#8230; <em>pour des vieux&#8230;<\/em>, en bungalow dans un camping, en g\u00eetes, en chalets, du Club Alpin ou autre&#8230; bref, ils n&rsquo;ont pas bien dormi mais ont appr\u00e9ci\u00e9 les lieux.<\/span><\/p>\n<p style=\"text-align: justify;\"><span style=\"font-family: comic sans ms,sans-serif; font-size: 12pt;\">Mon \u00ab\u00a0humain\u00a0\u00bb remercie Liliane pour l&rsquo;organisation, Brigitte, Philippe et Bernard pour les bons moments partag\u00e9s.<\/span><\/p>\n<p style=\"text-align: justify;\"><span style=\"font-family: comic sans ms,sans-serif; font-size: 12pt;\">Mon \u00ab\u00a0humain\u00a0\u00bb m&rsquo;a gliss\u00e9 \u00e0 l&rsquo;oreille, qu&rsquo;avec cette Grande Travers\u00e9e du Jura, un cycle de voyages se terminait.<\/span><\/p>\n<p style=\"text-align: justify;\"><span style=\"font-family: comic sans ms,sans-serif; font-size: 12pt;\">A l&rsquo;avenir, mon \u00ab\u00a0humain\u00a0\u00bb r\u00e9fl\u00e9chit \u00e0 un nouveau cycle de voyages, \u00e0 bicyclette et \u00e0 pied, quelque peu diff\u00e9rent, mais toujours en conformit\u00e9 avec ses convictions \u00e9thiques&#8230; <em>Voil\u00e0 qu&rsquo;il fait dans la philosophie mon \u00ab\u00a0humain\u00a0\u00bb !<\/em><\/span><\/p>\n<p style=\"text-align: justify;\"><span style=\"font-family: comic sans ms,sans-serif; font-size: 12pt;\">Sign\u00e9 : Gaspard, Messire du Val de M\u00e9roisie.<\/span><\/p>\n<p>&nbsp;<\/p>\n<p>&nbsp;<\/p>\n","protected":false},"excerpt":{"rendered":"<p>Une fois de plus, mon \u00ab\u00a0humain\u00a0\u00bb a pris la cl\u00e9 des champs&#8230; Avec des amis, il a parcouru, \u00e0 ses dires \u00e0 pied, la Grande Travers\u00e9e du Jura, 120km en sept jours&#8230; Tu parles d&rsquo;un exploit ! C&rsquo;est entre Pontarlier &hellip; <a href=\"https:\/\/lescheminsdemusarde.fr\/?p=176\">Continuer la lecture <span class=\"meta-nav\">&rarr;<\/span><\/a><\/p>\n","protected":false},"author":1,"featured_media":0,"comment_status":"open","ping_status":"closed","sticky":false,"template":"","format":"standard","meta":{"_exactmetrics_skip_tracking":false,"_exactmetrics_sitenote_active":false,"_exactmetrics_sitenote_note":"","_exactmetrics_sitenote_category":0,"footnotes":""},"categories":[4,2],"tags":[],"class_list":["post-176","post","type-post","status-publish","format-standard","hentry","category-pedestre","category-randonnees-voyages"],"_links":{"self":[{"href":"https:\/\/lescheminsdemusarde.fr\/index.php?rest_route=\/wp\/v2\/posts\/176","targetHints":{"allow":["GET"]}}],"collection":[{"href":"https:\/\/lescheminsdemusarde.fr\/index.php?rest_route=\/wp\/v2\/posts"}],"about":[{"href":"https:\/\/lescheminsdemusarde.fr\/index.php?rest_route=\/wp\/v2\/types\/post"}],"author":[{"embeddable":true,"href":"https:\/\/lescheminsdemusarde.fr\/index.php?rest_route=\/wp\/v2\/users\/1"}],"replies":[{"embeddable":true,"href":"https:\/\/lescheminsdemusarde.fr\/index.php?rest_route=%2Fwp%2Fv2%2Fcomments&post=176"}],"version-history":[{"count":4,"href":"https:\/\/lescheminsdemusarde.fr\/index.php?rest_route=\/wp\/v2\/posts\/176\/revisions"}],"predecessor-version":[{"id":205,"href":"https:\/\/lescheminsdemusarde.fr\/index.php?rest_route=\/wp\/v2\/posts\/176\/revisions\/205"}],"wp:attachment":[{"href":"https:\/\/lescheminsdemusarde.fr\/index.php?rest_route=%2Fwp%2Fv2%2Fmedia&parent=176"}],"wp:term":[{"taxonomy":"category","embeddable":true,"href":"https:\/\/lescheminsdemusarde.fr\/index.php?rest_route=%2Fwp%2Fv2%2Fcategories&post=176"},{"taxonomy":"post_tag","embeddable":true,"href":"https:\/\/lescheminsdemusarde.fr\/index.php?rest_route=%2Fwp%2Fv2%2Ftags&post=176"}],"curies":[{"name":"wp","href":"https:\/\/api.w.org\/{rel}","templated":true}]}}