{"id":178,"date":"2014-08-22T18:07:12","date_gmt":"2014-08-22T18:07:12","guid":{"rendered":"http:\/\/lescheminsdemusarde.fr\/?p=178"},"modified":"2014-09-20T09:09:34","modified_gmt":"2014-09-20T09:09:34","slug":"un-tour-pedestre-des-monts-daubrac","status":"publish","type":"post","link":"https:\/\/lescheminsdemusarde.fr\/?p=178","title":{"rendered":"Un tour p\u00e9destre des monts d&rsquo;Aubrac&#8230;"},"content":{"rendered":"<p style=\"text-align: justify;\"><span style=\"font-family: comic sans ms,sans-serif; font-size: 12pt;\">La d\u00e9cision de participer \u00e0 un Tour p\u00e9destre des Monts d&rsquo;Aubrac propos\u00e9 et organis\u00e9 par Genevi\u00e8ve n&rsquo;a pas tard\u00e9 \u00e0 \u00eatre prise, presque au dernier instant, tant l&rsquo;attrait pour cette r\u00e9gion aux grands espaces et aux vaches aux yeux \u00ab\u00a0maquill\u00e9s\u00a0\u00bb est fort pour le randonneur que je suis. Cet itin\u00e9raire traverse un plateau granitique avec de nombreux p\u00e2turages. L&rsquo;Aubrac est \u00e0 cheval sur trois d\u00e9partements : la Loz\u00e8re, l&rsquo;Aveyron et le Cantal.<img loading=\"lazy\" decoding=\"async\" class=\"DrteTexte alignleft\" src=\"http:\/\/img.over-blog.com\/300x225\/0\/59\/89\/24\/Aubrac-2010\/Copie-de-DSCN0949.JPG\" alt=\"Copie de DSCN0949\" width=\"300\" height=\"225\" data-cke-saved-src=\"http:\/\/img.over-blog.com\/300x225\/0\/59\/89\/24\/Aubrac-2010\/Copie-de-DSCN0949.JPG\" \/><\/span><!--more--><\/p>\n<p style=\"text-align: justify;\"><span style=\"font-family: comic sans ms,sans-serif; font-size: 12pt;\">Christian a \u00e9t\u00e9 associ\u00e9 \u00e0 l&rsquo;entreprise afin de d\u00e9couvrir le voyage \u00e0 pied avant son p\u00e9riple vers Compostelle&#8230; Une sorte d&rsquo;initiation pour lui.<\/span><\/p>\n<p style=\"text-align: justify;\"><span style=\"font-family: comic sans ms,sans-serif; font-size: 12pt;\">Genevi\u00e8ve nous a alors propos\u00e9 les \u00e9tapes, les nuit\u00e9es et les dates&#8230; Le lieu de d\u00e9part choisi est Aumont-Aubrac pour sa facilit\u00e9 d&rsquo;acc\u00e8s pour les trois participants.<\/span><\/p>\n<p style=\"text-align: justify;\"><span style=\"font-family: comic sans ms,sans-serif; font-size: 12pt;\">La m\u00e9t\u00e9o est annonc\u00e9e au beau fixe pour la semaine et c&rsquo;est le coeur joyeux que nous d\u00e9couvrons les premiers kilom\u00e8tres du GR 65 chemin historique du Puy-en-Velay \u00e0 St-Jacques-de-Compostelle. Nous c\u00f4toyons les p\u00e8lerins, surcharg\u00e9s pour certains, qui cheminent vers le Champs de l&rsquo;Etoile. Nous d\u00e9couvrons les drailles qui parcourent le plateau de l&rsquo;Aubrac pour arriver au g\u00eete de la ferme des Gentianes apr\u00e8s 14 km pour cette premi\u00e8re journ\u00e9e.<\/span><\/p>\n<p style=\"text-align: justify;\"><span style=\"font-family: comic sans ms,sans-serif; font-size: 12pt;\">La premi\u00e8re soir\u00e9e dans un g\u00eete est pour nous chaleureuse avec un succulent aligot, ce sera le seul de la semaine&#8230;<\/span><\/p>\n<p style=\"text-align: justify;\"><span style=\"font-family: comic sans ms,sans-serif; font-size: 12pt;\">La nuit a \u00e9t\u00e9 froide au vu de la bu\u00e9e qui couvre les vitres de la fen\u00eatre, le plafond est bas et le brouillard tant redout\u00e9 absent. L&rsquo;\u00e9tape nous conduira, sous le soleil retrouv\u00e9, jusqu&rsquo;au Pont-de-Gournier en passant par Nasbinal et sa belle \u00e9glise romane. Nous d\u00e9couvrons alors des p\u00e2turages assez pauvres et pratiquement d\u00e9pourvus d&rsquo;arbres. Mais la reine des pr\u00e9s est omnipr\u00e9sente avec ses yeux faits d&rsquo;un coup de crayon noir, sa belle robe d&rsquo;un blond fum\u00e9 et ses cornes harmonieuses. 17 km accomplis \u00e0 Pont-de-Gournier o\u00f9 l&rsquo;h\u00f4tel des Genets d&rsquo;Or nous accueille dans une ambiance tr\u00e8s familiale, nous y passons un bon moment.<\/span><\/p>\n<p style=\"text-align: justify;\"><span style=\"font-family: comic sans ms,sans-serif; font-size: 12pt;\">Le lendemain matin, le thermom\u00e8tre affiche -3 \u00e0 -4 degr\u00e9s, une gel\u00e9e blanche recouvre les champs. Notre \u00e9tape du jour nous conduit \u00e0 Laguiole, capitale du couteau, o\u00f9 nous arrivons par une route goudronn\u00e9e apr\u00e8s avoir parcouru d&rsquo;immenses prairies suivies de chemins ombrag\u00e9s dans les bois. Andr\u00e9e de Rodez nous a rejoint en VTT \u00e0 Saint-Urcise et a randonn\u00e9 avec nous jusqu&rsquo;\u00e0 Laguiole o\u00f9 sa connaissance du village nous a permis d&rsquo;atteindre le g\u00eete communal un peu cach\u00e9. Elle a aussi d\u00eener avec nous&#8230; Merci Andr\u00e9e pour cette belle journ\u00e9e.<\/span><\/p>\n<p style=\"text-align: justify;\"><span style=\"font-family: comic sans ms,sans-serif; font-size: 12pt;\">Laguiole &#8211; Saint-Ch\u00e9ly-d&rsquo;Aubrac et ses 24 km restera l&rsquo;\u00e9tape la plus difficile pour Christian et moi tant le chemin est technique entre descentes et mont\u00e9es raides, \u00e0 travers pr\u00e9s et bois de sapins ou de h\u00eatres. Le tr\u00e8s beau g\u00eete \u00e0 l&rsquo;arriv\u00e9e : La Tour des Chapelains, nous r\u00e9servera encore une surprise avec trois \u00e9tages \u00e0 grimper. Mais la qualit\u00e9 de la chambre et de la literie effacera la fatigue avec une bonne nuit.<\/span><\/p>\n<p style=\"text-align: justify;\"><span style=\"font-family: comic sans ms,sans-serif; font-size: 12pt;\">Ce jour, notre \u00e9tape nous conduit au c\u00e9l\u00e8bre Refuge des Rajas en 18 km.<img loading=\"lazy\" decoding=\"async\" class=\"GcheTexte alignright\" src=\"http:\/\/img.over-blog.com\/300x225\/0\/59\/89\/24\/Aubrac-2010\/Le-refuge-des-Rajas.JPG\" alt=\"Le refuge des Rajas\" width=\"300\" height=\"225\" data-cke-saved-src=\"http:\/\/img.over-blog.com\/300x225\/0\/59\/89\/24\/Aubrac-2010\/Le-refuge-des-Rajas.JPG\" \/> Comme les acteurs du film \u00ab\u00a0Saint-Jacques &#8211; La Mecque\u00a0\u00bb de Coline Serreau, je chercherai le r\u00e9seau de t\u00e9l\u00e9phonie mobile sous l&rsquo;unique arbre du secteur. L&rsquo;ambiance en soir\u00e9e au refuge sera joyeuse en compagnie de nombreux randonneurs, nous \u00e9tions 16 \u00e0 coucher loin de toute civilisation&#8230;<\/span><\/p>\n<p style=\"text-align: justify;\"><span style=\"font-family: comic sans ms,sans-serif; font-size: 12pt;\">Les 28 km du Refuge du Rajas \u00e0 Prinsu\u00e9jols ont \u00e9t\u00e9 bien longs. Des blocs de granit nombreux jonchent les pr\u00e9s. Nous passons devant le ch\u00e2teau de la Baume construit en 1630. Nous avons rejoint la route goudronn\u00e9e que nous ne quitterons plus jusqu&rsquo;\u00e0 Prinsu\u00e9jols. Le g\u00eete du village est agr\u00e9able pour cette derni\u00e8re nuit.<\/span><\/p>\n<p style=\"text-align: justify;\"><span style=\"font-family: comic sans ms,sans-serif; font-size: 12pt;\">Ce matin, il ne nous reste plus que 16 km \u00e0 parcourir afin de rejoindre Aumont-Aubrac notre point de d\u00e9part et ainsi retrouver la civilisation tant nous avons \u00e9t\u00e9 \u00ab\u00a0loin de tout\u00a0\u00bb pendant cette semaine. La derni\u00e8re \u00e9tape est rondement men\u00e9e et Genevi\u00e8ve a toutes les peines du monde \u00e0 nous faire faire un arr\u00eat pique-nique \u00e0 midi sonnante avant de regagner le terme de ce Tour des Monts d&rsquo;Aubrac.<img loading=\"lazy\" decoding=\"async\" class=\"DrteTexte alignleft\" src=\"http:\/\/img.over-blog.com\/300x225\/0\/59\/89\/24\/Aubrac-2010\/Copie-de-DSCN1074.JPG\" alt=\"Copie de DSCN1074\" width=\"300\" height=\"225\" data-cke-saved-src=\"http:\/\/img.over-blog.com\/300x225\/0\/59\/89\/24\/Aubrac-2010\/Copie-de-DSCN1074.JPG\" \/><\/span><\/p>\n<p style=\"text-align: justify;\"><span style=\"font-family: comic sans ms,sans-serif; font-size: 12pt;\">Voil\u00e0 une jolie balade que ce Tour des Monts d&rsquo;Aubrac dans une nature sauvegard\u00e9e, loin de tout, accompagn\u00e9 seulement des troupeaux de vaches Aubrac aux beaux yeux \u00ab\u00a0maquill\u00e9s\u00a0\u00bb.<\/span><\/p>\n<p style=\"text-align: justify;\"><span style=\"font-family: comic sans ms,sans-serif; font-size: 12pt;\">Nous avons pris beaucoup de plaisir \u00e0 parcourir cet itin\u00e9raire organis\u00e9 de main de ma\u00eetre par Genevi\u00e8ve.<\/span><\/p>\n<p style=\"text-align: justify;\"><span style=\"font-family: comic sans ms,sans-serif; font-size: 12pt;\">Merci pour cette belle semaine de randonn\u00e9e.<\/span><\/p>\n<p>&nbsp;<\/p>\n","protected":false},"excerpt":{"rendered":"<p>La d\u00e9cision de participer \u00e0 un Tour p\u00e9destre des Monts d&rsquo;Aubrac propos\u00e9 et organis\u00e9 par Genevi\u00e8ve n&rsquo;a pas tard\u00e9 \u00e0 \u00eatre prise, presque au dernier instant, tant l&rsquo;attrait pour cette r\u00e9gion aux grands espaces et aux vaches aux yeux \u00ab\u00a0maquill\u00e9s\u00a0\u00bb &hellip; <a href=\"https:\/\/lescheminsdemusarde.fr\/?p=178\">Continuer la lecture <span class=\"meta-nav\">&rarr;<\/span><\/a><\/p>\n","protected":false},"author":1,"featured_media":0,"comment_status":"open","ping_status":"closed","sticky":false,"template":"","format":"standard","meta":{"_exactmetrics_skip_tracking":false,"_exactmetrics_sitenote_active":false,"_exactmetrics_sitenote_note":"","_exactmetrics_sitenote_category":0,"footnotes":""},"categories":[4,2],"tags":[],"class_list":["post-178","post","type-post","status-publish","format-standard","hentry","category-pedestre","category-randonnees-voyages"],"_links":{"self":[{"href":"https:\/\/lescheminsdemusarde.fr\/index.php?rest_route=\/wp\/v2\/posts\/178","targetHints":{"allow":["GET"]}}],"collection":[{"href":"https:\/\/lescheminsdemusarde.fr\/index.php?rest_route=\/wp\/v2\/posts"}],"about":[{"href":"https:\/\/lescheminsdemusarde.fr\/index.php?rest_route=\/wp\/v2\/types\/post"}],"author":[{"embeddable":true,"href":"https:\/\/lescheminsdemusarde.fr\/index.php?rest_route=\/wp\/v2\/users\/1"}],"replies":[{"embeddable":true,"href":"https:\/\/lescheminsdemusarde.fr\/index.php?rest_route=%2Fwp%2Fv2%2Fcomments&post=178"}],"version-history":[{"count":4,"href":"https:\/\/lescheminsdemusarde.fr\/index.php?rest_route=\/wp\/v2\/posts\/178\/revisions"}],"predecessor-version":[{"id":204,"href":"https:\/\/lescheminsdemusarde.fr\/index.php?rest_route=\/wp\/v2\/posts\/178\/revisions\/204"}],"wp:attachment":[{"href":"https:\/\/lescheminsdemusarde.fr\/index.php?rest_route=%2Fwp%2Fv2%2Fmedia&parent=178"}],"wp:term":[{"taxonomy":"category","embeddable":true,"href":"https:\/\/lescheminsdemusarde.fr\/index.php?rest_route=%2Fwp%2Fv2%2Fcategories&post=178"},{"taxonomy":"post_tag","embeddable":true,"href":"https:\/\/lescheminsdemusarde.fr\/index.php?rest_route=%2Fwp%2Fv2%2Ftags&post=178"}],"curies":[{"name":"wp","href":"https:\/\/api.w.org\/{rel}","templated":true}]}}