{"id":1847,"date":"2016-01-11T13:06:00","date_gmt":"2016-01-11T13:06:00","guid":{"rendered":"http:\/\/lescheminsdemusarde.fr\/?p=1847"},"modified":"2016-01-14T10:32:13","modified_gmt":"2016-01-14T10:32:13","slug":"montpercher-2016-lembourgeoisement","status":"publish","type":"post","link":"https:\/\/lescheminsdemusarde.fr\/?p=1847","title":{"rendered":"Montpercher 2016 &#8230; L&#8217;embourgeoisement !"},"content":{"rendered":"<h4 style=\"text-align: justify;\"><img loading=\"lazy\" decoding=\"async\" class=\"alignleft size-thumbnail wp-image-1837\" src=\"https:\/\/lescheminsdemusarde.fr\/wp-content\/uploads\/2014\/08\/cropped-Identit\u00e9-150x150.jpg\" alt=\"cropped-Identit\u00e9.jpg\" width=\"150\" height=\"150\" srcset=\"https:\/\/lescheminsdemusarde.fr\/wp-content\/uploads\/2014\/08\/cropped-Identit\u00e9-150x150.jpg 150w, https:\/\/lescheminsdemusarde.fr\/wp-content\/uploads\/2014\/08\/cropped-Identit\u00e9-300x300.jpg 300w, https:\/\/lescheminsdemusarde.fr\/wp-content\/uploads\/2014\/08\/cropped-Identit\u00e9-270x270.jpg 270w, https:\/\/lescheminsdemusarde.fr\/wp-content\/uploads\/2014\/08\/cropped-Identit\u00e9-192x192.jpg 192w, https:\/\/lescheminsdemusarde.fr\/wp-content\/uploads\/2014\/08\/cropped-Identit\u00e9-180x180.jpg 180w, https:\/\/lescheminsdemusarde.fr\/wp-content\/uploads\/2014\/08\/cropped-Identit\u00e9-32x32.jpg 32w, https:\/\/lescheminsdemusarde.fr\/wp-content\/uploads\/2014\/08\/cropped-Identit\u00e9.jpg 512w\" sizes=\"auto, (max-width: 150px) 100vw, 150px\" \/>Hi han ! Hi han ! Je me gausse ! Les randonneurs ont mouill\u00e9 ! Comme chaque ann\u00e9e depuis l&rsquo;an 2000, ce d\u00e9but janvier 2016, mon humain et ses copains ont randonn\u00e9 afin de gagner l&rsquo;\u00e9tang \u00ab\u00a0magique\u00a0\u00bb de Montpercher, en for\u00eat de Boulogne, en lisi\u00e8re du parc du Domaine National de Chambord, pour un casse-croute d&rsquo;ouverture d&rsquo;ann\u00e9e nouvelle avec la galette des Rois.<\/h4>\n<p><!--more--><\/p>\n<h4 style=\"text-align: justify;\"><img loading=\"lazy\" decoding=\"async\" class=\"alignright wp-image-1853 size-medium\" src=\"https:\/\/lescheminsdemusarde.fr\/wp-content\/uploads\/2016\/01\/IMG_0749ClMillet-Copie-300x225.jpg\" alt=\"IMG_0749ClMillet Copie\" width=\"300\" height=\"225\" srcset=\"https:\/\/lescheminsdemusarde.fr\/wp-content\/uploads\/2016\/01\/IMG_0749ClMillet-Copie-300x225.jpg 300w, https:\/\/lescheminsdemusarde.fr\/wp-content\/uploads\/2016\/01\/IMG_0749ClMillet-Copie-768x576.jpg 768w, https:\/\/lescheminsdemusarde.fr\/wp-content\/uploads\/2016\/01\/IMG_0749ClMillet-Copie-600x450.jpg 600w, https:\/\/lescheminsdemusarde.fr\/wp-content\/uploads\/2016\/01\/IMG_0749ClMillet-Copie-624x468.jpg 624w, https:\/\/lescheminsdemusarde.fr\/wp-content\/uploads\/2016\/01\/IMG_0749ClMillet-Copie.jpg 800w\" sizes=\"auto, (max-width: 300px) 100vw, 300px\" \/>Mais, en ce dimanche 10 janvier 2016, partis \u00e0 neuf, les randonneurs ont \u00e9t\u00e9 oblig\u00e9s de faire&#8230; demi-tour&#8230; avant d&rsquo;arriver \u00e0 l&rsquo;\u00e9tang de Montpercher tant la pluie \u00e9tait forte, des trombes d&rsquo;eau aux dires de mon humain&#8230; 6 km sur les 10\/12 annonc\u00e9s qu&rsquo;ils ont fait !!!. Photo Claude M.<\/h4>\n<h4 style=\"text-align: justify;\">Par le pass\u00e9, depuis seize ans, mon humain et sa troupe avaient connu le soleil bien s\u00fbr, mais aussi le froid, le gel, la neige, le verglas, le givre, la pluie aussi, mais jamais ils n&rsquo;avaient renonc\u00e9. Force est donc de constater qu&rsquo;ils ont v\u00e9cu l\u00e0 LE fameux changement climatique&#8230; Hi han ! Hi han ! Bref ! Ils se sont fait rincer et ils se sont d\u00e9gonfl\u00e9s ! Ah ! Vieillesse ennemie !<\/h4>\n<h4 style=\"text-align: justify;\"><img loading=\"lazy\" decoding=\"async\" class=\"alignleft wp-image-1851 size-medium\" src=\"https:\/\/lescheminsdemusarde.fr\/wp-content\/uploads\/2016\/01\/DSCN0004-Copie-300x225.jpg\" alt=\"DSCN0004 Copie\" width=\"300\" height=\"225\" srcset=\"https:\/\/lescheminsdemusarde.fr\/wp-content\/uploads\/2016\/01\/DSCN0004-Copie-300x225.jpg 300w, https:\/\/lescheminsdemusarde.fr\/wp-content\/uploads\/2016\/01\/DSCN0004-Copie-768x576.jpg 768w, https:\/\/lescheminsdemusarde.fr\/wp-content\/uploads\/2016\/01\/DSCN0004-Copie-600x450.jpg 600w, https:\/\/lescheminsdemusarde.fr\/wp-content\/uploads\/2016\/01\/DSCN0004-Copie-624x468.jpg 624w, https:\/\/lescheminsdemusarde.fr\/wp-content\/uploads\/2016\/01\/DSCN0004-Copie.jpg 800w\" sizes=\"auto, (max-width: 300px) 100vw, 300px\" \/>Avec des excuses cependant qu&rsquo;il avance mon humain tout mouill\u00e9. Parmi eux, il y avait un \u00ab\u00a0tout jeune\u00a0\u00bb de 88 ans et demi en pleine forme cependant, une dame novice en mati\u00e8re de rando \u00ab\u00a0un peu particuli\u00e8re\u00a0\u00bb, l&rsquo;\u00e9pouse de mon humain&#8230; et mon humain lui-m\u00eame et son \u00e9pine calcan\u00e9enne !<\/h4>\n<h4 style=\"text-align: justify;\">Tous mouill\u00e9s jusqu&rsquo;aux os !!! Je me bidonne, je brais de plaisir ! Photo Pedibuscyclus.<\/h4>\n<h4 style=\"text-align: justify;\">Mais, il leur restait des ressources \u00e0 ces mouill\u00e9s du jour avec la proposition de Nicole et Jean-Fran\u00e7ois de rejoindre la maison de JeF \u00e0 Bracieux pour y faire le casse-croute malgr\u00e9 l&rsquo;adversit\u00e9&#8230; Il n&rsquo;y a que la bouffe qui compte pour ces humains l\u00e0 !!!<\/h4>\n<h4 style=\"text-align: justify;\">Et les voil\u00e0 \u00e0 Bracieux \u00e0 patauger joyeusement sur le carrelage de la salle \u00e0 manger tout mouill\u00e9 qu&rsquo;ils sont ! C&rsquo;est Nicole et JeF qui ont jou\u00e9 de la serpilli\u00e8re apr\u00e8s &#8230; !<\/h4>\n<h4 style=\"text-align: justify;\"><img loading=\"lazy\" decoding=\"async\" class=\"alignright wp-image-1852 size-medium\" src=\"https:\/\/lescheminsdemusarde.fr\/wp-content\/uploads\/2016\/01\/DSCN0005-Copie-300x225.jpg\" alt=\"DSCN0005 Copie\" width=\"300\" height=\"225\" srcset=\"https:\/\/lescheminsdemusarde.fr\/wp-content\/uploads\/2016\/01\/DSCN0005-Copie-300x225.jpg 300w, https:\/\/lescheminsdemusarde.fr\/wp-content\/uploads\/2016\/01\/DSCN0005-Copie-768x576.jpg 768w, https:\/\/lescheminsdemusarde.fr\/wp-content\/uploads\/2016\/01\/DSCN0005-Copie-600x450.jpg 600w, https:\/\/lescheminsdemusarde.fr\/wp-content\/uploads\/2016\/01\/DSCN0005-Copie-624x468.jpg 624w, https:\/\/lescheminsdemusarde.fr\/wp-content\/uploads\/2016\/01\/DSCN0005-Copie.jpg 800w\" sizes=\"auto, (max-width: 300px) 100vw, 300px\" \/>Un grand moment de convivialit\u00e9, pensez donc, il faut bien se remonter le moral : terrine de sanglier, rillettes, fromages, boissons de toutes les couleurs, galette des Rois avec cidre breton (cette ann\u00e9e, c&rsquo;est une Reine \u00e0 ce qu&rsquo;il para\u00eet !), le caf\u00e9 et son averse&#8230; Bref, je leur fais confiance pour ce qui est du bien vivre ! Photo Pedibuscyclus.<\/h4>\n<h4>Hi han ! Rendez-vous pour l&rsquo;\u00e9dition 2017&#8230; qu&rsquo;ils se sont dits les mouill\u00e9s de 2016 !<\/h4>\n<h4>Sign\u00e9 : Gaspard-du-Val, tout heureux d&rsquo;avoir bien ri &#8230; \u00e0 l&rsquo;abri, lui !<\/h4>\n<p style=\"text-align: justify;\">\n","protected":false},"excerpt":{"rendered":"<p>Hi han ! Hi han ! Je me gausse ! Les randonneurs ont mouill\u00e9 ! Comme chaque ann\u00e9e depuis l&rsquo;an 2000, ce d\u00e9but janvier 2016, mon humain et ses copains ont randonn\u00e9 afin de gagner l&rsquo;\u00e9tang \u00ab\u00a0magique\u00a0\u00bb de Montpercher, en &hellip; <a href=\"https:\/\/lescheminsdemusarde.fr\/?p=1847\">Continuer la lecture <span class=\"meta-nav\">&rarr;<\/span><\/a><\/p>\n","protected":false},"author":1,"featured_media":0,"comment_status":"open","ping_status":"closed","sticky":false,"template":"","format":"standard","meta":{"_exactmetrics_skip_tracking":false,"_exactmetrics_sitenote_active":false,"_exactmetrics_sitenote_note":"","_exactmetrics_sitenote_category":0,"footnotes":""},"categories":[4,2],"tags":[],"class_list":["post-1847","post","type-post","status-publish","format-standard","hentry","category-pedestre","category-randonnees-voyages"],"_links":{"self":[{"href":"https:\/\/lescheminsdemusarde.fr\/index.php?rest_route=\/wp\/v2\/posts\/1847","targetHints":{"allow":["GET"]}}],"collection":[{"href":"https:\/\/lescheminsdemusarde.fr\/index.php?rest_route=\/wp\/v2\/posts"}],"about":[{"href":"https:\/\/lescheminsdemusarde.fr\/index.php?rest_route=\/wp\/v2\/types\/post"}],"author":[{"embeddable":true,"href":"https:\/\/lescheminsdemusarde.fr\/index.php?rest_route=\/wp\/v2\/users\/1"}],"replies":[{"embeddable":true,"href":"https:\/\/lescheminsdemusarde.fr\/index.php?rest_route=%2Fwp%2Fv2%2Fcomments&post=1847"}],"version-history":[{"count":12,"href":"https:\/\/lescheminsdemusarde.fr\/index.php?rest_route=\/wp\/v2\/posts\/1847\/revisions"}],"predecessor-version":[{"id":1869,"href":"https:\/\/lescheminsdemusarde.fr\/index.php?rest_route=\/wp\/v2\/posts\/1847\/revisions\/1869"}],"wp:attachment":[{"href":"https:\/\/lescheminsdemusarde.fr\/index.php?rest_route=%2Fwp%2Fv2%2Fmedia&parent=1847"}],"wp:term":[{"taxonomy":"category","embeddable":true,"href":"https:\/\/lescheminsdemusarde.fr\/index.php?rest_route=%2Fwp%2Fv2%2Fcategories&post=1847"},{"taxonomy":"post_tag","embeddable":true,"href":"https:\/\/lescheminsdemusarde.fr\/index.php?rest_route=%2Fwp%2Fv2%2Ftags&post=1847"}],"curies":[{"name":"wp","href":"https:\/\/api.w.org\/{rel}","templated":true}]}}