{"id":2503,"date":"2016-06-23T06:32:46","date_gmt":"2016-06-23T06:32:46","guid":{"rendered":"http:\/\/lescheminsdemusarde.fr\/?p=2503"},"modified":"2016-06-26T15:07:37","modified_gmt":"2016-06-26T15:07:37","slug":"la-loire-a-velo-obstruee","status":"publish","type":"post","link":"https:\/\/lescheminsdemusarde.fr\/?p=2503","title":{"rendered":"La Loire \u00e0 v\u00e9lo&#8230; obstru\u00e9e !"},"content":{"rendered":"<h4 style=\"text-align: justify;\">Voil\u00e0 bient\u00f4t un mois des inondations importantes ont eu lieu dans notre d\u00e9partement de Loir-et-Cher. La Loire a grossi un peu, mais point trop tout de m\u00eame, une chance !<\/h4>\n<p><!--more--><\/p>\n<h4 style=\"text-align: justify;\">Pourtant, notre fleuve royal s&rsquo;est largement r\u00e9pandu aux endroits habituellement \u00ab\u00a0fragiles\u00a0\u00bb comme entre Saint-Dy\u00e9-sur-Loire et le centre \u00e9questre de Montlivault. A chaque mont\u00e9e de Loire, ce secteur est inond\u00e9 car trop bas par rapport au lit de La Loire.<\/h4>\n<h4 style=\"text-align: justify;\"><img loading=\"lazy\" decoding=\"async\" class=\"alignleft wp-image-2505 size-large\" src=\"https:\/\/lescheminsdemusarde.fr\/wp-content\/uploads\/2016\/06\/20160622_091142-1024x576.jpg\" alt=\"20160622_091142\" width=\"625\" height=\"352\" srcset=\"https:\/\/lescheminsdemusarde.fr\/wp-content\/uploads\/2016\/06\/20160622_091142.jpg 1024w, https:\/\/lescheminsdemusarde.fr\/wp-content\/uploads\/2016\/06\/20160622_091142-300x169.jpg 300w, https:\/\/lescheminsdemusarde.fr\/wp-content\/uploads\/2016\/06\/20160622_091142-768x432.jpg 768w, https:\/\/lescheminsdemusarde.fr\/wp-content\/uploads\/2016\/06\/20160622_091142-600x338.jpg 600w, https:\/\/lescheminsdemusarde.fr\/wp-content\/uploads\/2016\/06\/20160622_091142-624x351.jpg 624w\" sizes=\"auto, (max-width: 625px) 100vw, 625px\" \/>Et, lors du dernier d\u00e9bordement, fin mai-d\u00e9but juin 2016, le fleuve a charri\u00e9 quantit\u00e9s de bois qui n&rsquo;ont pas manqu\u00e9es de se d\u00e9poser l\u00e0 o\u00f9 elles ont \u00e9t\u00e9 bloqu\u00e9es&#8230; Et, par malchance, l&rsquo;itin\u00e9raire de La Loire \u00e0 v\u00e9lo s&rsquo;en est trouv\u00e9 obstru\u00e9 &#8230; constat\u00e9 le mercredi 22 juin 2016.<\/h4>\n<h4 style=\"text-align: justify;\">Depuis, comme \u00e0 chaque fois, rien n&rsquo;a \u00e9t\u00e9 fait pour redonner vie \u00e0 ce superbe itin\u00e9raire qui draine nombre de touristes \u00e0 bicyclette. Pourtant, un service du Conseil D\u00e9partemental est en charge des bords de Loire &#8230;<\/h4>\n<h4 style=\"text-align: justify;\">Privil\u00e9gier un chemin qui donne une manne \u00e9conomique non n\u00e9gligeable pour le d\u00e9partement n&rsquo;est pas, manifestement, dans toutes les t\u00eates &#8230; Des discours certes, mais avant tout des actes ! La Loire \u00e0 v\u00e9lo doit \u00eatre entretenue !<\/h4>\n<h4 style=\"text-align: justify;\">Une bien mauvaise image pour notre Val de Loire Bl\u00e9sois ! Triste !<\/h4>\n<h4><span style=\"color: #0000ff;\">Je suis repass\u00e9 \u00e0 cet endroit le dimanche 26 juin 2016 et tout avait \u00e9t\u00e9 nettoy\u00e9&#8230; Merci !<\/span><\/h4>\n","protected":false},"excerpt":{"rendered":"<p>Voil\u00e0 bient\u00f4t un mois des inondations importantes ont eu lieu dans notre d\u00e9partement de Loir-et-Cher. La Loire a grossi un peu, mais point trop tout de m\u00eame, une chance !<\/p>\n","protected":false},"author":1,"featured_media":0,"comment_status":"open","ping_status":"closed","sticky":false,"template":"","format":"standard","meta":{"_exactmetrics_skip_tracking":false,"_exactmetrics_sitenote_active":false,"_exactmetrics_sitenote_note":"","_exactmetrics_sitenote_category":0,"footnotes":""},"categories":[1],"tags":[],"class_list":["post-2503","post","type-post","status-publish","format-standard","hentry","category-divers"],"_links":{"self":[{"href":"https:\/\/lescheminsdemusarde.fr\/index.php?rest_route=\/wp\/v2\/posts\/2503","targetHints":{"allow":["GET"]}}],"collection":[{"href":"https:\/\/lescheminsdemusarde.fr\/index.php?rest_route=\/wp\/v2\/posts"}],"about":[{"href":"https:\/\/lescheminsdemusarde.fr\/index.php?rest_route=\/wp\/v2\/types\/post"}],"author":[{"embeddable":true,"href":"https:\/\/lescheminsdemusarde.fr\/index.php?rest_route=\/wp\/v2\/users\/1"}],"replies":[{"embeddable":true,"href":"https:\/\/lescheminsdemusarde.fr\/index.php?rest_route=%2Fwp%2Fv2%2Fcomments&post=2503"}],"version-history":[{"count":13,"href":"https:\/\/lescheminsdemusarde.fr\/index.php?rest_route=\/wp\/v2\/posts\/2503\/revisions"}],"predecessor-version":[{"id":2536,"href":"https:\/\/lescheminsdemusarde.fr\/index.php?rest_route=\/wp\/v2\/posts\/2503\/revisions\/2536"}],"wp:attachment":[{"href":"https:\/\/lescheminsdemusarde.fr\/index.php?rest_route=%2Fwp%2Fv2%2Fmedia&parent=2503"}],"wp:term":[{"taxonomy":"category","embeddable":true,"href":"https:\/\/lescheminsdemusarde.fr\/index.php?rest_route=%2Fwp%2Fv2%2Fcategories&post=2503"},{"taxonomy":"post_tag","embeddable":true,"href":"https:\/\/lescheminsdemusarde.fr\/index.php?rest_route=%2Fwp%2Fv2%2Ftags&post=2503"}],"curies":[{"name":"wp","href":"https:\/\/api.w.org\/{rel}","templated":true}]}}