{"id":2624,"date":"2016-07-25T10:02:05","date_gmt":"2016-07-25T10:02:05","guid":{"rendered":"http:\/\/lescheminsdemusarde.fr\/?p=2624"},"modified":"2016-07-25T14:35:01","modified_gmt":"2016-07-25T14:35:01","slug":"photos-avec-le-club-des-100-cols-sur-le-vercors","status":"publish","type":"post","link":"https:\/\/lescheminsdemusarde.fr\/?p=2624","title":{"rendered":"Photos : Avec le Club des 100 Cols sur le Vercors"},"content":{"rendered":"<p><img loading=\"lazy\" decoding=\"async\" class=\"aligncenter wp-image-2619 size-large\" src=\"https:\/\/lescheminsdemusarde.fr\/wp-content\/uploads\/2016\/07\/DSCN0280-Copie-1024x768.jpg\" alt=\"DSCN0280 Copie\" width=\"625\" height=\"469\" srcset=\"https:\/\/lescheminsdemusarde.fr\/wp-content\/uploads\/2016\/07\/DSCN0280-Copie.jpg 1024w, https:\/\/lescheminsdemusarde.fr\/wp-content\/uploads\/2016\/07\/DSCN0280-Copie-300x225.jpg 300w, https:\/\/lescheminsdemusarde.fr\/wp-content\/uploads\/2016\/07\/DSCN0280-Copie-768x576.jpg 768w, https:\/\/lescheminsdemusarde.fr\/wp-content\/uploads\/2016\/07\/DSCN0280-Copie-600x450.jpg 600w, https:\/\/lescheminsdemusarde.fr\/wp-content\/uploads\/2016\/07\/DSCN0280-Copie-624x468.jpg 624w\" sizes=\"auto, (max-width: 625px) 100vw, 625px\" \/><\/p>\n<h4>Vassieux vu de la descente du Col de La Chau<\/h4>\n<p><!--more--><\/p>\n<p><img loading=\"lazy\" decoding=\"async\" class=\"aligncenter wp-image-2613 size-large\" src=\"https:\/\/lescheminsdemusarde.fr\/wp-content\/uploads\/2016\/07\/DSCN0273-Copie-1024x768.jpg\" alt=\"DSCN0273 Copie\" width=\"625\" height=\"469\" srcset=\"https:\/\/lescheminsdemusarde.fr\/wp-content\/uploads\/2016\/07\/DSCN0273-Copie.jpg 1024w, https:\/\/lescheminsdemusarde.fr\/wp-content\/uploads\/2016\/07\/DSCN0273-Copie-300x225.jpg 300w, https:\/\/lescheminsdemusarde.fr\/wp-content\/uploads\/2016\/07\/DSCN0273-Copie-768x576.jpg 768w, https:\/\/lescheminsdemusarde.fr\/wp-content\/uploads\/2016\/07\/DSCN0273-Copie-600x450.jpg 600w, https:\/\/lescheminsdemusarde.fr\/wp-content\/uploads\/2016\/07\/DSCN0273-Copie-624x468.jpg 624w\" sizes=\"auto, (max-width: 625px) 100vw, 625px\" \/><\/p>\n<h4>Au Col de Carri<\/h4>\n<p><img loading=\"lazy\" decoding=\"async\" class=\"aligncenter wp-image-2616 size-large\" src=\"https:\/\/lescheminsdemusarde.fr\/wp-content\/uploads\/2016\/07\/DSCN0276-Copie-1024x768.jpg\" alt=\"DSCN0276 Copie\" width=\"625\" height=\"469\" srcset=\"https:\/\/lescheminsdemusarde.fr\/wp-content\/uploads\/2016\/07\/DSCN0276-Copie.jpg 1024w, https:\/\/lescheminsdemusarde.fr\/wp-content\/uploads\/2016\/07\/DSCN0276-Copie-300x225.jpg 300w, https:\/\/lescheminsdemusarde.fr\/wp-content\/uploads\/2016\/07\/DSCN0276-Copie-768x576.jpg 768w, https:\/\/lescheminsdemusarde.fr\/wp-content\/uploads\/2016\/07\/DSCN0276-Copie-600x450.jpg 600w, https:\/\/lescheminsdemusarde.fr\/wp-content\/uploads\/2016\/07\/DSCN0276-Copie-624x468.jpg 624w\" sizes=\"auto, (max-width: 625px) 100vw, 625px\" \/><\/p>\n<h4>Paysage du Vercors<\/h4>\n<p><img loading=\"lazy\" decoding=\"async\" class=\"aligncenter wp-image-2615 size-large\" src=\"https:\/\/lescheminsdemusarde.fr\/wp-content\/uploads\/2016\/07\/DSCN0275-Copie-1024x808.jpg\" alt=\"DSCN0275 Copie\" width=\"625\" height=\"493\" srcset=\"https:\/\/lescheminsdemusarde.fr\/wp-content\/uploads\/2016\/07\/DSCN0275-Copie.jpg 1024w, https:\/\/lescheminsdemusarde.fr\/wp-content\/uploads\/2016\/07\/DSCN0275-Copie-300x237.jpg 300w, https:\/\/lescheminsdemusarde.fr\/wp-content\/uploads\/2016\/07\/DSCN0275-Copie-768x606.jpg 768w, https:\/\/lescheminsdemusarde.fr\/wp-content\/uploads\/2016\/07\/DSCN0275-Copie-600x473.jpg 600w, https:\/\/lescheminsdemusarde.fr\/wp-content\/uploads\/2016\/07\/DSCN0275-Copie-624x492.jpg 624w\" sizes=\"auto, (max-width: 625px) 100vw, 625px\" \/><\/p>\n<h4>Au Col de Proncel<\/h4>\n<p><img loading=\"lazy\" decoding=\"async\" class=\"aligncenter wp-image-2621 size-large\" src=\"https:\/\/lescheminsdemusarde.fr\/wp-content\/uploads\/2016\/07\/DSCN1008-Copie-1024x768.jpg\" alt=\"DSCN1008 Copie\" width=\"625\" height=\"469\" srcset=\"https:\/\/lescheminsdemusarde.fr\/wp-content\/uploads\/2016\/07\/DSCN1008-Copie.jpg 1024w, https:\/\/lescheminsdemusarde.fr\/wp-content\/uploads\/2016\/07\/DSCN1008-Copie-300x225.jpg 300w, https:\/\/lescheminsdemusarde.fr\/wp-content\/uploads\/2016\/07\/DSCN1008-Copie-768x576.jpg 768w, https:\/\/lescheminsdemusarde.fr\/wp-content\/uploads\/2016\/07\/DSCN1008-Copie-600x450.jpg 600w, https:\/\/lescheminsdemusarde.fr\/wp-content\/uploads\/2016\/07\/DSCN1008-Copie-624x468.jpg 624w\" sizes=\"auto, (max-width: 625px) 100vw, 625px\" \/><\/p>\n<h4>En Vercors<\/h4>\n<p><img loading=\"lazy\" decoding=\"async\" class=\"aligncenter wp-image-2623 size-large\" src=\"https:\/\/lescheminsdemusarde.fr\/wp-content\/uploads\/2016\/07\/DSCN1004-Copie-1024x768.jpg\" alt=\"DSCN1004 Copie\" width=\"625\" height=\"469\" srcset=\"https:\/\/lescheminsdemusarde.fr\/wp-content\/uploads\/2016\/07\/DSCN1004-Copie.jpg 1024w, https:\/\/lescheminsdemusarde.fr\/wp-content\/uploads\/2016\/07\/DSCN1004-Copie-300x225.jpg 300w, https:\/\/lescheminsdemusarde.fr\/wp-content\/uploads\/2016\/07\/DSCN1004-Copie-768x576.jpg 768w, https:\/\/lescheminsdemusarde.fr\/wp-content\/uploads\/2016\/07\/DSCN1004-Copie-600x450.jpg 600w, https:\/\/lescheminsdemusarde.fr\/wp-content\/uploads\/2016\/07\/DSCN1004-Copie-624x468.jpg 624w\" sizes=\"auto, (max-width: 625px) 100vw, 625px\" \/><\/p>\n<h4>Au superbe Col de Vassieux<\/h4>\n<p><img loading=\"lazy\" decoding=\"async\" class=\"aligncenter wp-image-2622 size-large\" src=\"https:\/\/lescheminsdemusarde.fr\/wp-content\/uploads\/2016\/07\/DSCN1009-Copie-1024x768.jpg\" alt=\"DSCN1009 Copie\" width=\"625\" height=\"469\" srcset=\"https:\/\/lescheminsdemusarde.fr\/wp-content\/uploads\/2016\/07\/DSCN1009-Copie.jpg 1024w, https:\/\/lescheminsdemusarde.fr\/wp-content\/uploads\/2016\/07\/DSCN1009-Copie-300x225.jpg 300w, https:\/\/lescheminsdemusarde.fr\/wp-content\/uploads\/2016\/07\/DSCN1009-Copie-768x576.jpg 768w, https:\/\/lescheminsdemusarde.fr\/wp-content\/uploads\/2016\/07\/DSCN1009-Copie-600x450.jpg 600w, https:\/\/lescheminsdemusarde.fr\/wp-content\/uploads\/2016\/07\/DSCN1009-Copie-624x468.jpg 624w\" sizes=\"auto, (max-width: 625px) 100vw, 625px\" \/><\/p>\n<h4>Vertige au Col de Vassieux<\/h4>\n<p><img loading=\"lazy\" decoding=\"async\" class=\"aligncenter wp-image-2617 size-large\" src=\"https:\/\/lescheminsdemusarde.fr\/wp-content\/uploads\/2016\/07\/DSCN0277-Copie-1024x768.jpg\" alt=\"DSCN0277 Copie\" width=\"625\" height=\"469\" srcset=\"https:\/\/lescheminsdemusarde.fr\/wp-content\/uploads\/2016\/07\/DSCN0277-Copie.jpg 1024w, https:\/\/lescheminsdemusarde.fr\/wp-content\/uploads\/2016\/07\/DSCN0277-Copie-300x225.jpg 300w, https:\/\/lescheminsdemusarde.fr\/wp-content\/uploads\/2016\/07\/DSCN0277-Copie-768x576.jpg 768w, https:\/\/lescheminsdemusarde.fr\/wp-content\/uploads\/2016\/07\/DSCN0277-Copie-600x450.jpg 600w, https:\/\/lescheminsdemusarde.fr\/wp-content\/uploads\/2016\/07\/DSCN0277-Copie-624x468.jpg 624w\" sizes=\"auto, (max-width: 625px) 100vw, 625px\" \/><\/p>\n<h4>Paysage du Vercors<\/h4>\n<p><img loading=\"lazy\" decoding=\"async\" class=\"aligncenter wp-image-2620 size-large\" src=\"https:\/\/lescheminsdemusarde.fr\/wp-content\/uploads\/2016\/07\/DSCN0284-Copie-1024x768.jpg\" alt=\"DSCN0284 Copie\" width=\"625\" height=\"469\" srcset=\"https:\/\/lescheminsdemusarde.fr\/wp-content\/uploads\/2016\/07\/DSCN0284-Copie.jpg 1024w, https:\/\/lescheminsdemusarde.fr\/wp-content\/uploads\/2016\/07\/DSCN0284-Copie-300x225.jpg 300w, https:\/\/lescheminsdemusarde.fr\/wp-content\/uploads\/2016\/07\/DSCN0284-Copie-768x576.jpg 768w, https:\/\/lescheminsdemusarde.fr\/wp-content\/uploads\/2016\/07\/DSCN0284-Copie-600x450.jpg 600w, https:\/\/lescheminsdemusarde.fr\/wp-content\/uploads\/2016\/07\/DSCN0284-Copie-624x468.jpg 624w\" sizes=\"auto, (max-width: 625px) 100vw, 625px\" \/><\/p>\n<h4>La-haut \u00e0 la Porte d&rsquo;Urle !<\/h4>\n<p><img loading=\"lazy\" decoding=\"async\" class=\"aligncenter wp-image-2612 size-large\" src=\"https:\/\/lescheminsdemusarde.fr\/wp-content\/uploads\/2016\/07\/DSCN1010-Copie-1024x768.jpg\" alt=\"DSCN1010 Copie\" width=\"625\" height=\"469\" srcset=\"https:\/\/lescheminsdemusarde.fr\/wp-content\/uploads\/2016\/07\/DSCN1010-Copie.jpg 1024w, https:\/\/lescheminsdemusarde.fr\/wp-content\/uploads\/2016\/07\/DSCN1010-Copie-300x225.jpg 300w, https:\/\/lescheminsdemusarde.fr\/wp-content\/uploads\/2016\/07\/DSCN1010-Copie-768x576.jpg 768w, https:\/\/lescheminsdemusarde.fr\/wp-content\/uploads\/2016\/07\/DSCN1010-Copie-600x450.jpg 600w, https:\/\/lescheminsdemusarde.fr\/wp-content\/uploads\/2016\/07\/DSCN1010-Copie-624x468.jpg 624w\" sizes=\"auto, (max-width: 625px) 100vw, 625px\" \/><\/p>\n<h4>La Prairie du Col de Vassieux<\/h4>\n<p><img loading=\"lazy\" decoding=\"async\" class=\"aligncenter wp-image-2618 size-large\" src=\"https:\/\/lescheminsdemusarde.fr\/wp-content\/uploads\/2016\/07\/DSCN0278-Copie-1024x923.jpg\" alt=\"DSCN0278 Copie\" width=\"625\" height=\"563\" srcset=\"https:\/\/lescheminsdemusarde.fr\/wp-content\/uploads\/2016\/07\/DSCN0278-Copie.jpg 1024w, https:\/\/lescheminsdemusarde.fr\/wp-content\/uploads\/2016\/07\/DSCN0278-Copie-300x270.jpg 300w, https:\/\/lescheminsdemusarde.fr\/wp-content\/uploads\/2016\/07\/DSCN0278-Copie-768x692.jpg 768w, https:\/\/lescheminsdemusarde.fr\/wp-content\/uploads\/2016\/07\/DSCN0278-Copie-600x541.jpg 600w, https:\/\/lescheminsdemusarde.fr\/wp-content\/uploads\/2016\/07\/DSCN0278-Copie-624x562.jpg 624w\" sizes=\"auto, (max-width: 625px) 100vw, 625px\" \/><\/p>\n<h4>Un trompe-l\u2019\u0153il remarquable \u00e0 l&rsquo;entr\u00e9e du village de Vassieux<\/h4>\n<p>&nbsp;<\/p>\n","protected":false},"excerpt":{"rendered":"<p>Vassieux vu de la descente du Col de La Chau<\/p>\n","protected":false},"author":1,"featured_media":0,"comment_status":"open","ping_status":"closed","sticky":false,"template":"","format":"standard","meta":{"_exactmetrics_skip_tracking":false,"_exactmetrics_sitenote_active":false,"_exactmetrics_sitenote_note":"","_exactmetrics_sitenote_category":0,"footnotes":""},"categories":[2,6],"tags":[],"class_list":["post-2624","post","type-post","status-publish","format-standard","hentry","category-randonnees-voyages","category-photos"],"_links":{"self":[{"href":"https:\/\/lescheminsdemusarde.fr\/index.php?rest_route=\/wp\/v2\/posts\/2624","targetHints":{"allow":["GET"]}}],"collection":[{"href":"https:\/\/lescheminsdemusarde.fr\/index.php?rest_route=\/wp\/v2\/posts"}],"about":[{"href":"https:\/\/lescheminsdemusarde.fr\/index.php?rest_route=\/wp\/v2\/types\/post"}],"author":[{"embeddable":true,"href":"https:\/\/lescheminsdemusarde.fr\/index.php?rest_route=\/wp\/v2\/users\/1"}],"replies":[{"embeddable":true,"href":"https:\/\/lescheminsdemusarde.fr\/index.php?rest_route=%2Fwp%2Fv2%2Fcomments&post=2624"}],"version-history":[{"count":7,"href":"https:\/\/lescheminsdemusarde.fr\/index.php?rest_route=\/wp\/v2\/posts\/2624\/revisions"}],"predecessor-version":[{"id":2660,"href":"https:\/\/lescheminsdemusarde.fr\/index.php?rest_route=\/wp\/v2\/posts\/2624\/revisions\/2660"}],"wp:attachment":[{"href":"https:\/\/lescheminsdemusarde.fr\/index.php?rest_route=%2Fwp%2Fv2%2Fmedia&parent=2624"}],"wp:term":[{"taxonomy":"category","embeddable":true,"href":"https:\/\/lescheminsdemusarde.fr\/index.php?rest_route=%2Fwp%2Fv2%2Fcategories&post=2624"},{"taxonomy":"post_tag","embeddable":true,"href":"https:\/\/lescheminsdemusarde.fr\/index.php?rest_route=%2Fwp%2Fv2%2Ftags&post=2624"}],"curies":[{"name":"wp","href":"https:\/\/api.w.org\/{rel}","templated":true}]}}