{"id":2630,"date":"2016-07-25T11:25:49","date_gmt":"2016-07-25T11:25:49","guid":{"rendered":"http:\/\/lescheminsdemusarde.fr\/?p=2630"},"modified":"2016-07-28T14:48:45","modified_gmt":"2016-07-28T14:48:45","slug":"avec-le-club-des-100-cols-sur-le-vercors","status":"publish","type":"post","link":"https:\/\/lescheminsdemusarde.fr\/?p=2630","title":{"rendered":"Avec le Club des 100 Cols sur le Vercors"},"content":{"rendered":"<h4 style=\"text-align: justify;\"><img loading=\"lazy\" decoding=\"async\" class=\"alignleft size-thumbnail wp-image-49\" src=\"https:\/\/lescheminsdemusarde.fr\/wp-content\/uploads\/2014\/08\/Identit\u00e9-150x150.jpg\" alt=\"Identit\u00e9\" width=\"150\" height=\"150\" \/>Mon humain est revenu, enfin, du Vercors o\u00f9 il participait au s\u00e9jour d&rsquo;\u00e9t\u00e9 du Club des 100 Cols. Mais que diable ! Qu&rsquo;est-il all\u00e9 faire en montagne ? Lui qui est un traumatis\u00e9 de la vie ! Grimper des cols n&rsquo;est plus de son \u00e2ge ! Va-t-il un jour l&rsquo;admettre ? Il me fait rire, mon humain, \u00e0 se croire, immortel ! Il devrait y regarder de plus pr\u00e8s !<\/h4>\n<p><!--more--><\/p>\n<h4 style=\"text-align: justify;\">Certes, il y a retrouv\u00e9 des amis, pour certains pas vus depuis 2012.<\/h4>\n<h4 style=\"text-align: justify;\">C&rsquo;est donc \u00e0 Vassieux-en-Vercors que mon humain a retrouv\u00e9 nombre de ses amis au camping des Pins, agr\u00e9able \u00e0 souhait et ombrag\u00e9. Le plus gros de la troupe \u00e9tait h\u00e9berg\u00e9 au village vacances du Piroulet. Des parcours \u00e9taient organis\u00e9s au d\u00e9part de Vassieux, d&rsquo;autres n\u00e9cessitaient de longs d\u00e9placements en voiture, c&rsquo;est une habitude pour une diversification des cols.<\/h4>\n<h4 style=\"text-align: justify;\"><img loading=\"lazy\" decoding=\"async\" class=\"alignright wp-image-2619 size-thumbnail\" src=\"https:\/\/lescheminsdemusarde.fr\/wp-content\/uploads\/2016\/07\/DSCN0280-Copie-150x150.jpg\" alt=\"DSCN0280 Copie\" width=\"150\" height=\"150\" \/>Mon humain, \u00e9colo qu&rsquo;il est, n&rsquo;a jamais pu se r\u00e9soudre \u00e0 se d\u00e9placer en voiture lors d&rsquo;un s\u00e9jour, aussi s&rsquo;est-il organis\u00e9 pour cr\u00e9er ses propres parcours au d\u00e9part du camping, avec un nombre de cols forc\u00e9ment limit\u00e9. Mais, il est vrai que mon humain n&rsquo;est plus dans \u00ab\u00a0la collectionnite aigu\u00eb\u00a0\u00bb avec ses 1 000 cols au tableau d&rsquo;honneur \u00ab\u00a0ad vitam aeternam\u00a0\u00bb comme il aime \u00e0 le dire. Son \u00e9tat d&rsquo;esprit est tout autre et n&rsquo;entre plus dans le contexte. Plut\u00f4t une belle balade bucolique avec photos qu&rsquo;une collection tout azimut de cols ! C&rsquo;est son choix ! Mais, il respecte bien s\u00fbr celui de ses amis collectionneurs de cols.<\/h4>\n<h4 style=\"text-align: justify;\"><img loading=\"lazy\" decoding=\"async\" class=\"alignleft wp-image-2617 size-thumbnail\" src=\"https:\/\/lescheminsdemusarde.fr\/wp-content\/uploads\/2016\/07\/DSCN0277-Copie-150x150.jpg\" alt=\"DSCN0277 Copie\" width=\"150\" height=\"150\" \/>Aussi, il lui aura fallu quatre circuits au d\u00e9part de Vassieux afin de satisfaire ses envies de montagne. Les trois premiers jours ont \u00e9t\u00e9 difficiles dans l&rsquo;attente de retrouver un \u00ab\u00a0coup de p\u00e9dale\u00a0\u00bb digne d&rsquo;un montagnard aguerri. Au quatri\u00e8me jour, \u00f4 miracle ! Le coup de p\u00e9dale montagnard est revenu et c&rsquo;est sur une bonne impression que mon humain a termin\u00e9 son s\u00e9jour, enchant\u00e9 de cette ultime rando !<\/h4>\n<h4 style=\"text-align: justify;\">Voil\u00e0 les derni\u00e8res aventures de mon humain racont\u00e9es \u00e0 mes longues oreilles tandis que moi je me chauffais le dos dans mon parc ensoleill\u00e9. Heureusement que les voyageurs \u00e0 bicyclette de la Loire \u00e0 V\u00e9lo sont l\u00e0 pour me distraire !<\/h4>\n<h4>Mon humain remercie de tout c\u0153ur les organisateurs.<\/h4>\n<h4>Sign\u00e9 : Messire Gaspard du Val.<\/h4>\n<h3><a href=\"https:\/\/lescheminsdemusarde.fr\/?p=2624#more-2624\"><span style=\"color: #ff0000;\">LES PHOTOS SONT ICI.<\/span><\/a><\/h3>\n<p>&nbsp;<\/p>\n<p>&nbsp;<\/p>\n<p>&nbsp;<\/p>\n<p>&nbsp;<\/p>\n","protected":false},"excerpt":{"rendered":"<p>Mon humain est revenu, enfin, du Vercors o\u00f9 il participait au s\u00e9jour d&rsquo;\u00e9t\u00e9 du Club des 100 Cols. Mais que diable ! Qu&rsquo;est-il all\u00e9 faire en montagne ? Lui qui est un traumatis\u00e9 de la vie ! Grimper des cols &hellip; <a href=\"https:\/\/lescheminsdemusarde.fr\/?p=2630\">Continuer la lecture <span class=\"meta-nav\">&rarr;<\/span><\/a><\/p>\n","protected":false},"author":1,"featured_media":0,"comment_status":"open","ping_status":"closed","sticky":false,"template":"","format":"standard","meta":{"_exactmetrics_skip_tracking":false,"_exactmetrics_sitenote_active":false,"_exactmetrics_sitenote_note":"","_exactmetrics_sitenote_category":0,"footnotes":""},"categories":[3,2],"tags":[],"class_list":["post-2630","post","type-post","status-publish","format-standard","hentry","category-bicyclette","category-randonnees-voyages"],"_links":{"self":[{"href":"https:\/\/lescheminsdemusarde.fr\/index.php?rest_route=\/wp\/v2\/posts\/2630","targetHints":{"allow":["GET"]}}],"collection":[{"href":"https:\/\/lescheminsdemusarde.fr\/index.php?rest_route=\/wp\/v2\/posts"}],"about":[{"href":"https:\/\/lescheminsdemusarde.fr\/index.php?rest_route=\/wp\/v2\/types\/post"}],"author":[{"embeddable":true,"href":"https:\/\/lescheminsdemusarde.fr\/index.php?rest_route=\/wp\/v2\/users\/1"}],"replies":[{"embeddable":true,"href":"https:\/\/lescheminsdemusarde.fr\/index.php?rest_route=%2Fwp%2Fv2%2Fcomments&post=2630"}],"version-history":[{"count":14,"href":"https:\/\/lescheminsdemusarde.fr\/index.php?rest_route=\/wp\/v2\/posts\/2630\/revisions"}],"predecessor-version":[{"id":2669,"href":"https:\/\/lescheminsdemusarde.fr\/index.php?rest_route=\/wp\/v2\/posts\/2630\/revisions\/2669"}],"wp:attachment":[{"href":"https:\/\/lescheminsdemusarde.fr\/index.php?rest_route=%2Fwp%2Fv2%2Fmedia&parent=2630"}],"wp:term":[{"taxonomy":"category","embeddable":true,"href":"https:\/\/lescheminsdemusarde.fr\/index.php?rest_route=%2Fwp%2Fv2%2Fcategories&post=2630"},{"taxonomy":"post_tag","embeddable":true,"href":"https:\/\/lescheminsdemusarde.fr\/index.php?rest_route=%2Fwp%2Fv2%2Ftags&post=2630"}],"curies":[{"name":"wp","href":"https:\/\/api.w.org\/{rel}","templated":true}]}}