{"id":2797,"date":"2016-09-29T18:28:24","date_gmt":"2016-09-29T18:28:24","guid":{"rendered":"http:\/\/lescheminsdemusarde.fr\/?p=2797"},"modified":"2016-10-01T15:28:08","modified_gmt":"2016-10-01T15:28:08","slug":"les-amis-du-randonneur-en-vallee-du-cher","status":"publish","type":"post","link":"https:\/\/lescheminsdemusarde.fr\/?p=2797","title":{"rendered":"Les Amis du Randonneur en Vall\u00e9e du Cher&#8230;"},"content":{"rendered":"<h4 style=\"text-align: justify;\"><img loading=\"lazy\" decoding=\"async\" class=\"alignleft size-thumbnail wp-image-1840\" src=\"https:\/\/lescheminsdemusarde.fr\/wp-content\/uploads\/2014\/08\/cropped-Identit\u00e9-1-150x150.jpg\" alt=\"cropped-Identit\u00e9-1.jpg\" width=\"150\" height=\"150\" srcset=\"https:\/\/lescheminsdemusarde.fr\/wp-content\/uploads\/2014\/08\/cropped-Identit\u00e9-1-150x150.jpg 150w, https:\/\/lescheminsdemusarde.fr\/wp-content\/uploads\/2014\/08\/cropped-Identit\u00e9-1-300x300.jpg 300w, https:\/\/lescheminsdemusarde.fr\/wp-content\/uploads\/2014\/08\/cropped-Identit\u00e9-1-270x270.jpg 270w, https:\/\/lescheminsdemusarde.fr\/wp-content\/uploads\/2014\/08\/cropped-Identit\u00e9-1-192x192.jpg 192w, https:\/\/lescheminsdemusarde.fr\/wp-content\/uploads\/2014\/08\/cropped-Identit\u00e9-1-180x180.jpg 180w, https:\/\/lescheminsdemusarde.fr\/wp-content\/uploads\/2014\/08\/cropped-Identit\u00e9-1-32x32.jpg 32w, https:\/\/lescheminsdemusarde.fr\/wp-content\/uploads\/2014\/08\/cropped-Identit\u00e9-1.jpg 512w\" sizes=\"auto, (max-width: 150px) 100vw, 150px\" \/>Bon ! Amis visiteurs, c&rsquo;est moi Gaspard du Val, \u00e2ne de bonne composition,\u00a0 je suis oblig\u00e9 de prendre le mulot. Mon humain a autre chose \u00e0 faire. Pris entre son bois \u00e0 entasser, 10 st\u00e8res : l&rsquo;hiver s&rsquo;annonce froid, voire tr\u00e8s froid ! Et, ses foins pour ma nourriture hivernale comme si, il n&rsquo;avait pas pu faire \u00e7a en juillet o\u00f9 ao\u00fbt&#8230; Comprenne qui pourra ! Donc, je vais essayer de vous narrer cette nouvelle Rencontre des Amis du Randonneur en Vall\u00e9e du Cher, du c\u00f4t\u00e9 de Monthou-sur-Cher, son camping municipal tr\u00e8s agr\u00e9able et les g\u00eetes accueillants qui pars\u00e8ment les environs.<\/h4>\n<p><!--more--><\/p>\n<h4 style=\"text-align: justify;\">Mais, en r\u00e9alit\u00e9, c&rsquo;est son ami Luc, \u00e0 mon humain, qui a fait tout le travail : itin\u00e9raires, sites touristiques \u00e0 visiter, lieux de pique-nique \u00e0 choisir, moments de convivialit\u00e9, organisation des 40 ans du r\u00e9dac&rsquo; Chef de la revue de tourisme \u00e0 bicyclette : Le Randonneur. Bref, mon humain a plut\u00f4t jou\u00e9 les \u00ab\u00a0petites mains\u00a0\u00bb au service de la bonne cause : accueillir de belle fa\u00e7on les Amis abonn\u00e9s.<\/h4>\n<h4 style=\"text-align: justify;\">Ils ont \u00e9t\u00e9 nombreux \u00e0 se retrouver en ce troisi\u00e8me week-end de septembre 2016 en vall\u00e9e du Cher : pas moins de soixante participants dont une bonne cinquantaine \u00e0 bicyclette, \u00e0 ce qu&rsquo;il m&rsquo;a dit mon humain.<\/h4>\n<h4 style=\"text-align: justify;\"><img loading=\"lazy\" decoding=\"async\" class=\"alignright wp-image-2785 size-thumbnail\" src=\"https:\/\/lescheminsdemusarde.fr\/wp-content\/uploads\/2016\/09\/DSCN0506-Copie-150x150.jpg\" alt=\"dscn0506-copie\" width=\"150\" height=\"150\" \/>Les circuits ont permis une visite approfondie, par de toutes petites routes, de la vall\u00e9e du Cher et de ses abords imm\u00e9diats&#8230; maisons troglodytes remarquables, petits ch\u00e2teaux et autres manoirs, route du vignoble, \u00e9glises, ruines gallo-romaines, canal de Berry, \u00e9cluses, pont canal, camp am\u00e9ricain et la\u00a0 dr\u00f4le histoire de l&rsquo;arri\u00e8re arri\u00e8re grand-m\u00e8re de Luc, Chenonceau vu de la rive gauche du Cher, moulins, menhirs, polissoir, un zoo avec des z\u00e8bres et des \u00e2nes, des copains \u00e0 moi&#8230; et j&rsquo;en oublie forc\u00e9ment car ce bougre d&rsquo;humain ne m&rsquo;a pas tout dit !<img loading=\"lazy\" decoding=\"async\" class=\"alignleft size-thumbnail wp-image-2777\" src=\"https:\/\/lescheminsdemusarde.fr\/wp-content\/uploads\/2016\/09\/DSCN0475-Copie-150x150.jpg\" alt=\"dscn0475-copie\" width=\"150\" height=\"150\" \/> Mais aussi, un d\u00eener d&rsquo;anniversaire, 40 ans \u00e7a se f\u00eate, tout en convivialit\u00e9 avec des surprises agr\u00e9ables pour le quadrag\u00e9naire nouveau&#8230; la f\u00eate quoi ! Et, mon humain s&rsquo;y entend avec ses copains ! Bref, d&rsquo;apr\u00e8s mon humain, un week-end d&rsquo;Amiti\u00e9, de convivialit\u00e9 bien dans la tradition des Amis du Randonneur !<\/h4>\n<h4 style=\"text-align: justify;\">Voil\u00e0 l&rsquo;affaire racont\u00e9e. J&rsquo;ai fait pour le mieux !<\/h4>\n<h4>Sign\u00e9 : Messire Gaspard-du-Val, \u00e2ne de bonne composition !<\/h4>\n<h3><a href=\"https:\/\/lescheminsdemusarde.fr\/?p=2774#more-2774\"><span style=\"color: #ff0000;\">LES PHOTOS SONT ICI&#8230;<\/span><\/a><\/h3>\n","protected":false},"excerpt":{"rendered":"<p>Bon ! Amis visiteurs, c&rsquo;est moi Gaspard du Val, \u00e2ne de bonne composition,\u00a0 je suis oblig\u00e9 de prendre le mulot. Mon humain a autre chose \u00e0 faire. Pris entre son bois \u00e0 entasser, 10 st\u00e8res : l&rsquo;hiver s&rsquo;annonce froid, voire &hellip; <a href=\"https:\/\/lescheminsdemusarde.fr\/?p=2797\">Continuer la lecture <span class=\"meta-nav\">&rarr;<\/span><\/a><\/p>\n","protected":false},"author":1,"featured_media":0,"comment_status":"open","ping_status":"closed","sticky":false,"template":"","format":"standard","meta":{"_exactmetrics_skip_tracking":false,"_exactmetrics_sitenote_active":false,"_exactmetrics_sitenote_note":"","_exactmetrics_sitenote_category":0,"footnotes":""},"categories":[3,2],"tags":[],"class_list":["post-2797","post","type-post","status-publish","format-standard","hentry","category-bicyclette","category-randonnees-voyages"],"_links":{"self":[{"href":"https:\/\/lescheminsdemusarde.fr\/index.php?rest_route=\/wp\/v2\/posts\/2797","targetHints":{"allow":["GET"]}}],"collection":[{"href":"https:\/\/lescheminsdemusarde.fr\/index.php?rest_route=\/wp\/v2\/posts"}],"about":[{"href":"https:\/\/lescheminsdemusarde.fr\/index.php?rest_route=\/wp\/v2\/types\/post"}],"author":[{"embeddable":true,"href":"https:\/\/lescheminsdemusarde.fr\/index.php?rest_route=\/wp\/v2\/users\/1"}],"replies":[{"embeddable":true,"href":"https:\/\/lescheminsdemusarde.fr\/index.php?rest_route=%2Fwp%2Fv2%2Fcomments&post=2797"}],"version-history":[{"count":13,"href":"https:\/\/lescheminsdemusarde.fr\/index.php?rest_route=\/wp\/v2\/posts\/2797\/revisions"}],"predecessor-version":[{"id":2823,"href":"https:\/\/lescheminsdemusarde.fr\/index.php?rest_route=\/wp\/v2\/posts\/2797\/revisions\/2823"}],"wp:attachment":[{"href":"https:\/\/lescheminsdemusarde.fr\/index.php?rest_route=%2Fwp%2Fv2%2Fmedia&parent=2797"}],"wp:term":[{"taxonomy":"category","embeddable":true,"href":"https:\/\/lescheminsdemusarde.fr\/index.php?rest_route=%2Fwp%2Fv2%2Fcategories&post=2797"},{"taxonomy":"post_tag","embeddable":true,"href":"https:\/\/lescheminsdemusarde.fr\/index.php?rest_route=%2Fwp%2Fv2%2Ftags&post=2797"}],"curies":[{"name":"wp","href":"https:\/\/api.w.org\/{rel}","templated":true}]}}