{"id":2826,"date":"2016-10-03T18:36:38","date_gmt":"2016-10-03T18:36:38","guid":{"rendered":"http:\/\/lescheminsdemusarde.fr\/?p=2826"},"modified":"2016-10-03T18:39:33","modified_gmt":"2016-10-03T18:39:33","slug":"le-casque-velo-vraiment-efficace","status":"publish","type":"post","link":"https:\/\/lescheminsdemusarde.fr\/?p=2826","title":{"rendered":"Le casque v\u00e9lo vraiment efficace"},"content":{"rendered":"<header class=\"entry-header\">\n<h4 class=\"entry-meta\" style=\"text-align: justify;\"><strong><span class=\"on-date\" style=\"color: #0000ff;\">Un article repris du site internet\u00a0http:\/\/carfree.fr\/index.php\/2016\/10\/03\/le-casque-velo-vraiment-efficace\/<\/span><\/strong><\/h4>\n<h4 class=\"entry-meta\" style=\"text-align: justify;\"><span class=\"on-date\">Publi\u00e9 le <a title=\"8:19\" href=\"http:\/\/carfree.fr\/index.php\/2016\/10\/03\/le-casque-velo-vraiment-efficace\/\" rel=\"bookmark\"><time class=\"entry-date\" datetime=\"2016-10-03T08:19:32+00:00\">3 octobre 2016<\/time><\/a><\/span><span class=\"by-author\"> par <span class=\"author vcard\"><a class=\"url fn n\" title=\"Voir tous les articles de V\u00e9love\" href=\"http:\/\/carfree.fr\/index.php\/author\/velove\/\" rel=\"author\">V\u00e9love<\/a><\/span><\/span> <img decoding=\"async\" title=\"Nombre de visites\" src=\"http:\/\/carfree.free.fr\/wp-content\/themes\/grid_focus_public\/images\/doc.png\" \/> <span class=\"date\"><br \/>\n<\/span><\/h4>\n<\/header>\n<div class=\"entry-content\">\n<h4 style=\"text-align: left;\">D\u2019apr\u00e8s la science, pour qu\u2019un casque v\u00e9lo soit r\u00e9ellement efficace contre les commotions c\u00e9r\u00e9brales, il devrait ressembler \u00e0 cela.<\/h4>\n<h4 style=\"text-align: left;\"><img loading=\"lazy\" decoding=\"async\" class=\"attachment-featured size-featured wp-post-image\" src=\"http:\/\/i2.wp.com\/carfree.fr\/img\/2016\/09\/commotions-cerebrales.jpg?resize=600%2C324\" alt=\"commotions-cerebrales\" width=\"600\" height=\"324\" \/><span id=\"more-37815\"><\/span><\/h4>\n<p><!--more--><\/p>\n<\/div>\n<h4 style=\"text-align: justify;\">Une association de promotion du casque v\u00e9lo (?) de Washington aux USA a demand\u00e9 \u00e0 deux experts quelle \u00e9paisseur de mousse serait n\u00e9cessaire pour transformer un casque de v\u00e9lo que l\u2019on peut trouver sur le march\u00e9 en un v\u00e9ritable casque anti-commotion c\u00e9r\u00e9brale.<\/h4>\n<h4 style=\"text-align: justify;\">Les deux experts ont produit une <a href=\"http:\/\/www.bhsi.org\/foamthick.pdf\" target=\"_blank\">analyse chiffr\u00e9e<\/a> et l\u2019association a r\u00e9alis\u00e9 un casque sur la base des chiffres des deux experts (photo).<\/h4>\n<h4 style=\"text-align: justify;\">Bon, le casque en question n\u2019est peut-\u00eatre pas tr\u00e8s pratique \u00e0 utiliser tous les jours sur son v\u00e9lo pour aller au boulot par exemple, mais c\u2019est garanti anti-commotion c\u00e9r\u00e9brale!<\/h4>\n<h4 style=\"text-align: justify;\">Par contre, cela am\u00e8ne une question : \u00e0 quoi servent r\u00e9ellement tous les casques v\u00e9lo que l\u2019on trouve sur le march\u00e9 ? Vous avez trouv\u00e9 la r\u00e9ponse ? A rien.<\/h4>\n<h4 style=\"text-align: justify;\">Source: <a href=\"http:\/\/www.bhsi.org\/concussionhelmet.htm\" target=\"_blank\">http:\/\/www.bhsi.org\/concussionhelmet.htm<\/a><\/h4>\n<p>&nbsp;<\/p>\n<p>&nbsp;<\/p>\n","protected":false},"excerpt":{"rendered":"<p>Un article repris du site internet\u00a0http:\/\/carfree.fr\/index.php\/2016\/10\/03\/le-casque-velo-vraiment-efficace\/ Publi\u00e9 le 3 octobre 2016 par V\u00e9love D\u2019apr\u00e8s la science, pour qu\u2019un casque v\u00e9lo soit r\u00e9ellement efficace contre les commotions c\u00e9r\u00e9brales, il devrait ressembler \u00e0 cela.<\/p>\n","protected":false},"author":1,"featured_media":0,"comment_status":"open","ping_status":"closed","sticky":false,"template":"","format":"standard","meta":{"_exactmetrics_skip_tracking":false,"_exactmetrics_sitenote_active":false,"_exactmetrics_sitenote_note":"","_exactmetrics_sitenote_category":0,"footnotes":""},"categories":[1],"tags":[],"class_list":["post-2826","post","type-post","status-publish","format-standard","hentry","category-divers"],"_links":{"self":[{"href":"https:\/\/lescheminsdemusarde.fr\/index.php?rest_route=\/wp\/v2\/posts\/2826","targetHints":{"allow":["GET"]}}],"collection":[{"href":"https:\/\/lescheminsdemusarde.fr\/index.php?rest_route=\/wp\/v2\/posts"}],"about":[{"href":"https:\/\/lescheminsdemusarde.fr\/index.php?rest_route=\/wp\/v2\/types\/post"}],"author":[{"embeddable":true,"href":"https:\/\/lescheminsdemusarde.fr\/index.php?rest_route=\/wp\/v2\/users\/1"}],"replies":[{"embeddable":true,"href":"https:\/\/lescheminsdemusarde.fr\/index.php?rest_route=%2Fwp%2Fv2%2Fcomments&post=2826"}],"version-history":[{"count":3,"href":"https:\/\/lescheminsdemusarde.fr\/index.php?rest_route=\/wp\/v2\/posts\/2826\/revisions"}],"predecessor-version":[{"id":2829,"href":"https:\/\/lescheminsdemusarde.fr\/index.php?rest_route=\/wp\/v2\/posts\/2826\/revisions\/2829"}],"wp:attachment":[{"href":"https:\/\/lescheminsdemusarde.fr\/index.php?rest_route=%2Fwp%2Fv2%2Fmedia&parent=2826"}],"wp:term":[{"taxonomy":"category","embeddable":true,"href":"https:\/\/lescheminsdemusarde.fr\/index.php?rest_route=%2Fwp%2Fv2%2Fcategories&post=2826"},{"taxonomy":"post_tag","embeddable":true,"href":"https:\/\/lescheminsdemusarde.fr\/index.php?rest_route=%2Fwp%2Fv2%2Ftags&post=2826"}],"curies":[{"name":"wp","href":"https:\/\/api.w.org\/{rel}","templated":true}]}}