{"id":2880,"date":"2016-10-17T12:01:55","date_gmt":"2016-10-17T12:01:55","guid":{"rendered":"http:\/\/lescheminsdemusarde.fr\/?p=2880"},"modified":"2016-10-17T18:45:44","modified_gmt":"2016-10-17T18:45:44","slug":"week-end-dassemblee-generale-de-larc","status":"publish","type":"post","link":"https:\/\/lescheminsdemusarde.fr\/?p=2880","title":{"rendered":"Week-end d&rsquo;Assembl\u00e9e G\u00e9n\u00e9rale de L&rsquo;ARC&#8230;"},"content":{"rendered":"<h4 style=\"text-align: justify;\"><img loading=\"lazy\" decoding=\"async\" class=\"alignleft size-thumbnail wp-image-2875\" src=\"https:\/\/lescheminsdemusarde.fr\/wp-content\/uploads\/2016\/10\/DSCN0577-Copie-150x150.jpg\" alt=\"dscn0577-copie\" width=\"150\" height=\"150\" \/>Une fois dans l&rsquo;ann\u00e9e, une association digne de ce nom se doit d&rsquo;organiser une Assembl\u00e9e G\u00e9n\u00e9rale r\u00e9unissant tous ses adh\u00e9rents. L&rsquo;Amicale des Randonneurs Cyclotouristes (ARC) a organis\u00e9 celle-ci dans les locaux accueillants de la Maison Familiale Rurale du hameau de La Jallet \u00e0 St Denis-du-Pin en Charente-Maritime ces 15 et 16 octobre 2016.<\/h4>\n<p><!--more--><\/p>\n<h4 style=\"text-align: justify;\">Ils se sont retrouv\u00e9s \u00e0 pr\u00e8s de cinquante adh\u00e9rents (48 votants), plus les invit\u00e9es pour une d\u00e9couverte de l&rsquo;Amicale, afin de mettre un terme au d\u00e9roul\u00e9 de l&rsquo;ann\u00e9e 2016 et \u00e0 r\u00e9fl\u00e9chir afin de se projeter sur l&rsquo;ann\u00e9e 2017 avec un calendrier d\u00e9j\u00e0 bien rempli.<\/h4>\n<h4 style=\"text-align: justify;\">En soir\u00e9e, de nouveaux adh\u00e9rents apr\u00e8s cette \u00ab\u00a0sacr\u00e9e\u00a0\u00bb ann\u00e9e de d\u00e9couverte ont sacrifi\u00e9 au rituel d&rsquo;adh\u00e9sion d\u00e9finitif sous la houlette bienveillante du Grand Ma\u00eetre Jean et chacun des participants de renouveler son adh\u00e9sion pour l&rsquo;ann\u00e9e \u00e0 venir.<\/h4>\n<h4 style=\"text-align: justify;\">Un pot de l&rsquo;Amiti\u00e9 et un d\u00eener \u00ab\u00a0royal\u00a0\u00bb o\u00f9 chacun avait apport\u00e9 un plat ont pr\u00e9c\u00e9d\u00e9 une soir\u00e9e diaporamas et films o\u00f9 chacun a pu appr\u00e9cier les prouesses des photographes. Sourires et rires ont ponctu\u00e9 une soir\u00e9e bien joyeuse.<\/h4>\n<h4 style=\"text-align: justify;\">Quelques heures de sommeil r\u00e9parateur et soudain&#8230; une alarme incendie (sans feu heureusement) fort bruyante r\u00e9veille tout ce beau monde, il est 4h15&prime; !!! Et ce, trois fois de suite en 45 minutes avant de retrouver un petit sommeil r\u00e9parateur&#8230; Une araign\u00e9e en serait la cause !!!<\/h4>\n<h4 style=\"text-align: justify;\">Dimanche 16 octobre, nous \u00e9tait propos\u00e9s un beau circuit de tourisme \u00e0 bicyclette au travers de la Saintonge romane pour le plus grand plaisir des participants et par de toutes petites routes ayant fait l&rsquo;objet d&rsquo;une recherche approfondie.<\/h4>\n<h4 style=\"text-align: justify;\">C&rsquo;est vers la fin d&rsquo;apr\u00e8s-midi du dimanche, apr\u00e8s le pot de l&rsquo;Amiti\u00e9, que chacun, heureux, a regagn\u00e9 ses p\u00e9nates dans l&rsquo;attente f\u00e9brile d&rsquo;un prochain rendez-vous&#8230;<\/h4>\n<h4>Merci Jean-Yves pour l&rsquo;organisation parfaite.<\/h4>\n<h3><a href=\"https:\/\/lescheminsdemusarde.fr\/?p=2873#more-2873\"><span style=\"color: #ff0000;\"><strong>LES PHOTOS SONT ICI.<\/strong><\/span><\/a><\/h3>\n","protected":false},"excerpt":{"rendered":"<p>Une fois dans l&rsquo;ann\u00e9e, une association digne de ce nom se doit d&rsquo;organiser une Assembl\u00e9e G\u00e9n\u00e9rale r\u00e9unissant tous ses adh\u00e9rents. L&rsquo;Amicale des Randonneurs Cyclotouristes (ARC) a organis\u00e9 celle-ci dans les locaux accueillants de la Maison Familiale Rurale du hameau de &hellip; <a href=\"https:\/\/lescheminsdemusarde.fr\/?p=2880\">Continuer la lecture <span class=\"meta-nav\">&rarr;<\/span><\/a><\/p>\n","protected":false},"author":1,"featured_media":0,"comment_status":"open","ping_status":"closed","sticky":false,"template":"","format":"standard","meta":{"_exactmetrics_skip_tracking":false,"_exactmetrics_sitenote_active":false,"_exactmetrics_sitenote_note":"","_exactmetrics_sitenote_category":0,"footnotes":""},"categories":[3,2],"tags":[],"class_list":["post-2880","post","type-post","status-publish","format-standard","hentry","category-bicyclette","category-randonnees-voyages"],"_links":{"self":[{"href":"https:\/\/lescheminsdemusarde.fr\/index.php?rest_route=\/wp\/v2\/posts\/2880","targetHints":{"allow":["GET"]}}],"collection":[{"href":"https:\/\/lescheminsdemusarde.fr\/index.php?rest_route=\/wp\/v2\/posts"}],"about":[{"href":"https:\/\/lescheminsdemusarde.fr\/index.php?rest_route=\/wp\/v2\/types\/post"}],"author":[{"embeddable":true,"href":"https:\/\/lescheminsdemusarde.fr\/index.php?rest_route=\/wp\/v2\/users\/1"}],"replies":[{"embeddable":true,"href":"https:\/\/lescheminsdemusarde.fr\/index.php?rest_route=%2Fwp%2Fv2%2Fcomments&post=2880"}],"version-history":[{"count":18,"href":"https:\/\/lescheminsdemusarde.fr\/index.php?rest_route=\/wp\/v2\/posts\/2880\/revisions"}],"predecessor-version":[{"id":2904,"href":"https:\/\/lescheminsdemusarde.fr\/index.php?rest_route=\/wp\/v2\/posts\/2880\/revisions\/2904"}],"wp:attachment":[{"href":"https:\/\/lescheminsdemusarde.fr\/index.php?rest_route=%2Fwp%2Fv2%2Fmedia&parent=2880"}],"wp:term":[{"taxonomy":"category","embeddable":true,"href":"https:\/\/lescheminsdemusarde.fr\/index.php?rest_route=%2Fwp%2Fv2%2Fcategories&post=2880"},{"taxonomy":"post_tag","embeddable":true,"href":"https:\/\/lescheminsdemusarde.fr\/index.php?rest_route=%2Fwp%2Fv2%2Ftags&post=2880"}],"curies":[{"name":"wp","href":"https:\/\/api.w.org\/{rel}","templated":true}]}}