{"id":2925,"date":"2016-10-26T15:23:57","date_gmt":"2016-10-26T15:23:57","guid":{"rendered":"http:\/\/lescheminsdemusarde.fr\/?p=2925"},"modified":"2016-10-30T06:44:49","modified_gmt":"2016-10-30T06:44:49","slug":"les-amis-du-randonneur-en-haute-ardeche-2","status":"publish","type":"post","link":"https:\/\/lescheminsdemusarde.fr\/?p=2925","title":{"rendered":"Les Amis du Randonneur en Haute Ard\u00e8che."},"content":{"rendered":"<h4 style=\"text-align: justify;\"><em><img loading=\"lazy\" decoding=\"async\" class=\"alignleft wp-image-2927 size-medium\" src=\"https:\/\/lescheminsdemusarde.fr\/wp-content\/uploads\/2016\/10\/DSCN1050-Copie-300x225.jpg\" alt=\"dscn1050-copie\" width=\"300\" height=\"225\" srcset=\"https:\/\/lescheminsdemusarde.fr\/wp-content\/uploads\/2016\/10\/DSCN1050-Copie-300x225.jpg 300w, https:\/\/lescheminsdemusarde.fr\/wp-content\/uploads\/2016\/10\/DSCN1050-Copie-768x576.jpg 768w, https:\/\/lescheminsdemusarde.fr\/wp-content\/uploads\/2016\/10\/DSCN1050-Copie.jpg 1024w, https:\/\/lescheminsdemusarde.fr\/wp-content\/uploads\/2016\/10\/DSCN1050-Copie-624x468.jpg 624w\" sizes=\"auto, (max-width: 300px) 100vw, 300px\" \/>\u00ab\u00a0Pourtant que la montagne est belle<\/em><br \/>\n<em> Comment peut-on s&rsquo;imaginer<\/em><br \/>\n<em> En voyant un vol d&rsquo;hirondelles<\/em><br \/>\n<em> Que l&rsquo;automne vient d&rsquo;arriver ?\u00a0\u00bb<\/em><\/h4>\n<h4 style=\"text-align: justify;\">Jean Ferrat nous a fait aimer la Haute Ard\u00e8che avec cette merveilleuse chanson, les Amis du Randonneur ont voulu v\u00e9rifier par eux-m\u00eames les 22 et 23 octobre 2016. Et, c&rsquo;est dans un tr\u00e8s joli village : Saint-Pierreville, qu&rsquo;ils se sont retrouv\u00e9s trois petites poign\u00e9es pour une balade dans la montagne ard\u00e9choise.<\/h4>\n<p><!--more--><\/p>\n<h4 style=\"text-align: justify;\">Bien leur en a pris, ils avaient pr\u00e9vu les sacoches afin de ramasser sur le bord des petites routes les ch\u00e2taignes tomb\u00e9es en abondance.<\/h4>\n<h4 style=\"text-align: justify;\">Avec un soleil bien pr\u00e9sent, ils ont eu toutefois assez froid tant la temp\u00e9rature \u00e9tait basse en ce d\u00e9but d&rsquo;automne, un peu en dessous de z\u00e9ro en certains endroits.<\/h4>\n<h4 style=\"text-align: justify;\">Avec des doigts un peu gourds, ils ont fait provisions de ch\u00e2taignes tomb\u00e9es sur les routes et \u00e9cras\u00e9es par les automobiles&#8230;<\/h4>\n<h4 style=\"text-align: justify;\">En soir\u00e9e, comme \u00e0 l&rsquo;habitude, l&rsquo;ambiance \u00e9tait conviviale et c&rsquo;est vers 22h30&prime; que tout ce beau monde c&rsquo;est endormi, raisonnable pour une fois !<\/h4>\n<h4 style=\"text-align: justify;\">Mais, au petit matin du dimanche, la pluie a fait son apparition clouant au camping les touristes \u00e0 bicyclette&#8230; Nous nous sommes occup\u00e9s \u00e0 refaire le monde&#8230; Dans l&rsquo;apr\u00e8s-midi, Pierre M. a eu la bonne id\u00e9e de sortir ses montages diaporamas sur l&rsquo;Islande et la Norv\u00e8ge&#8230; un grand moment d&rsquo;aventure !<\/h4>\n<h4 style=\"text-align: justify;\">Et, lundi matin, au petit jour, chacun s&rsquo;est \u00e9vertu\u00e9 \u00e0 remettre en ordre ses affaires dans son v\u00e9hicule afin de retourner chacun vers son chez soi.<\/h4>\n<h4 style=\"text-align: justify;\">Merci \u00e0 Pierre et Patrice pour ces deux jours en Haute Ard\u00e8che.<\/h4>\n<h3><a href=\"https:\/\/lescheminsdemusarde.fr\/?p=2920#more-2920\"><span style=\"color: #ff0000;\">LES PHOTOS SONT ICI.<\/span><\/a><\/h3>\n","protected":false},"excerpt":{"rendered":"<p>\u00ab\u00a0Pourtant que la montagne est belle Comment peut-on s&rsquo;imaginer En voyant un vol d&rsquo;hirondelles Que l&rsquo;automne vient d&rsquo;arriver ?\u00a0\u00bb Jean Ferrat nous a fait aimer la Haute Ard\u00e8che avec cette merveilleuse chanson, les Amis du Randonneur ont voulu v\u00e9rifier par &hellip; <a href=\"https:\/\/lescheminsdemusarde.fr\/?p=2925\">Continuer la lecture <span class=\"meta-nav\">&rarr;<\/span><\/a><\/p>\n","protected":false},"author":1,"featured_media":0,"comment_status":"open","ping_status":"closed","sticky":false,"template":"","format":"standard","meta":{"_exactmetrics_skip_tracking":false,"_exactmetrics_sitenote_active":false,"_exactmetrics_sitenote_note":"","_exactmetrics_sitenote_category":0,"footnotes":""},"categories":[3,2],"tags":[],"class_list":["post-2925","post","type-post","status-publish","format-standard","hentry","category-bicyclette","category-randonnees-voyages"],"_links":{"self":[{"href":"https:\/\/lescheminsdemusarde.fr\/index.php?rest_route=\/wp\/v2\/posts\/2925","targetHints":{"allow":["GET"]}}],"collection":[{"href":"https:\/\/lescheminsdemusarde.fr\/index.php?rest_route=\/wp\/v2\/posts"}],"about":[{"href":"https:\/\/lescheminsdemusarde.fr\/index.php?rest_route=\/wp\/v2\/types\/post"}],"author":[{"embeddable":true,"href":"https:\/\/lescheminsdemusarde.fr\/index.php?rest_route=\/wp\/v2\/users\/1"}],"replies":[{"embeddable":true,"href":"https:\/\/lescheminsdemusarde.fr\/index.php?rest_route=%2Fwp%2Fv2%2Fcomments&post=2925"}],"version-history":[{"count":7,"href":"https:\/\/lescheminsdemusarde.fr\/index.php?rest_route=\/wp\/v2\/posts\/2925\/revisions"}],"predecessor-version":[{"id":2979,"href":"https:\/\/lescheminsdemusarde.fr\/index.php?rest_route=\/wp\/v2\/posts\/2925\/revisions\/2979"}],"wp:attachment":[{"href":"https:\/\/lescheminsdemusarde.fr\/index.php?rest_route=%2Fwp%2Fv2%2Fmedia&parent=2925"}],"wp:term":[{"taxonomy":"category","embeddable":true,"href":"https:\/\/lescheminsdemusarde.fr\/index.php?rest_route=%2Fwp%2Fv2%2Fcategories&post=2925"},{"taxonomy":"post_tag","embeddable":true,"href":"https:\/\/lescheminsdemusarde.fr\/index.php?rest_route=%2Fwp%2Fv2%2Ftags&post=2925"}],"curies":[{"name":"wp","href":"https:\/\/api.w.org\/{rel}","templated":true}]}}