{"id":2948,"date":"2016-10-28T12:33:41","date_gmt":"2016-10-28T12:33:41","guid":{"rendered":"http:\/\/lescheminsdemusarde.fr\/?p=2948"},"modified":"2016-10-31T15:49:44","modified_gmt":"2016-10-31T15:49:44","slug":"renouveau-a-montpercher","status":"publish","type":"post","link":"https:\/\/lescheminsdemusarde.fr\/?p=2948","title":{"rendered":"Renouveau \u00e0 Montpercher&#8230;"},"content":{"rendered":"<h4 style=\"text-align: justify;\"><img loading=\"lazy\" decoding=\"async\" class=\"size-thumbnail wp-image-2945 alignleft\" src=\"https:\/\/lescheminsdemusarde.fr\/wp-content\/uploads\/2016\/10\/DSCN1094-Copie-150x150.jpg\" alt=\"dscn1094-copie\" width=\"150\" height=\"150\" \/>Il est des moments qu&rsquo;il faut savoir savourer avec plaisir ! Voil\u00e0 plus d&rsquo;une ann\u00e9e que, suite \u00e0 une douloureuse \u00e9pine calcan\u00e9enne au talon droit, je n&rsquo;avais pas pratiqu\u00e9 la randonn\u00e9e p\u00e9destre. Par la gentillesse des dirigeants du tout nouveau club de ma commune, Rando Val de Mer 41, j&rsquo;ai pu me joindre \u00e0 eux afin de go\u00fbter \u00e0 nouveau au plaisir de mettre un pied devant l&rsquo;autre.<\/h4>\n<p><!--more--><\/p>\n<h4 style=\"text-align: justify;\"><img loading=\"lazy\" decoding=\"async\" class=\"size-thumbnail wp-image-2962 alignright\" src=\"https:\/\/lescheminsdemusarde.fr\/wp-content\/uploads\/2016\/10\/cropped-DSCN1099-Copie-150x150.jpg\" alt=\"cropped-DSCN1099-Copie.jpg\" width=\"150\" height=\"150\" \/>Un premier parcours pour voir le jeudi 20 octobre du c\u00f4t\u00e9 de Crouy-sur-Cosson en Sologne et ce parcours du jeudi 27 octobre 2016, v\u00e9ritable r\u00e9surrection, qui avait \u00e9t\u00e9 trac\u00e9 en for\u00eat de Boulogne, juste au Sud du Domaine de Chambord, \u00e0 destination de ce que je consid\u00e8re comme le joyau de la for\u00eat : l&rsquo;\u00e9tang de Montpercher. C&rsquo;est un lieu de silence que je fr\u00e9quente avec r\u00e9gularit\u00e9 tout au long d&rsquo;une ann\u00e9e, \u00e0 pied ou \u00e0 bicyclette, car c&rsquo;est un endroit d&rsquo;o\u00f9 se d\u00e9gage une certaine magie.<\/h4>\n<h4 style=\"text-align: justify;\">Apr\u00e8s avoir parcouru les all\u00e9es foresti\u00e8res o\u00f9 les couleurs d&rsquo;automne sont arriv\u00e9es, nous sommes parvenus tranquillement en vue de l&rsquo;\u00e9tang drap\u00e9 dans sa robe rousse et verte.<\/h4>\n<h4 style=\"text-align: justify;\">Apr\u00e8s quelques photos, un sympathique caf\u00e9 servi sur la lev\u00e9e de l&rsquo;\u00e9tang, nous a permis un repos agr\u00e9able fait de convivialit\u00e9 avant de reprendre le chemin ou plut\u00f4t une sente incertaine en bordure de l&rsquo;eau afin de regagner, heureux, nos v\u00e9hicules.<\/h4>\n<h4 style=\"text-align: justify;\">10 km parcourus avec le grand plaisir de retrouver la randonn\u00e9e p\u00e9destre, partag\u00e9s avec un groupe de randonneurs bien sympathique.<\/h4>\n","protected":false},"excerpt":{"rendered":"<p>Il est des moments qu&rsquo;il faut savoir savourer avec plaisir ! Voil\u00e0 plus d&rsquo;une ann\u00e9e que, suite \u00e0 une douloureuse \u00e9pine calcan\u00e9enne au talon droit, je n&rsquo;avais pas pratiqu\u00e9 la randonn\u00e9e p\u00e9destre. Par la gentillesse des dirigeants du tout nouveau &hellip; <a href=\"https:\/\/lescheminsdemusarde.fr\/?p=2948\">Continuer la lecture <span class=\"meta-nav\">&rarr;<\/span><\/a><\/p>\n","protected":false},"author":1,"featured_media":0,"comment_status":"open","ping_status":"closed","sticky":false,"template":"","format":"standard","meta":{"_exactmetrics_skip_tracking":false,"_exactmetrics_sitenote_active":false,"_exactmetrics_sitenote_note":"","_exactmetrics_sitenote_category":0,"footnotes":""},"categories":[4,2],"tags":[],"class_list":["post-2948","post","type-post","status-publish","format-standard","hentry","category-pedestre","category-randonnees-voyages"],"_links":{"self":[{"href":"https:\/\/lescheminsdemusarde.fr\/index.php?rest_route=\/wp\/v2\/posts\/2948","targetHints":{"allow":["GET"]}}],"collection":[{"href":"https:\/\/lescheminsdemusarde.fr\/index.php?rest_route=\/wp\/v2\/posts"}],"about":[{"href":"https:\/\/lescheminsdemusarde.fr\/index.php?rest_route=\/wp\/v2\/types\/post"}],"author":[{"embeddable":true,"href":"https:\/\/lescheminsdemusarde.fr\/index.php?rest_route=\/wp\/v2\/users\/1"}],"replies":[{"embeddable":true,"href":"https:\/\/lescheminsdemusarde.fr\/index.php?rest_route=%2Fwp%2Fv2%2Fcomments&post=2948"}],"version-history":[{"count":16,"href":"https:\/\/lescheminsdemusarde.fr\/index.php?rest_route=\/wp\/v2\/posts\/2948\/revisions"}],"predecessor-version":[{"id":2990,"href":"https:\/\/lescheminsdemusarde.fr\/index.php?rest_route=\/wp\/v2\/posts\/2948\/revisions\/2990"}],"wp:attachment":[{"href":"https:\/\/lescheminsdemusarde.fr\/index.php?rest_route=%2Fwp%2Fv2%2Fmedia&parent=2948"}],"wp:term":[{"taxonomy":"category","embeddable":true,"href":"https:\/\/lescheminsdemusarde.fr\/index.php?rest_route=%2Fwp%2Fv2%2Fcategories&post=2948"},{"taxonomy":"post_tag","embeddable":true,"href":"https:\/\/lescheminsdemusarde.fr\/index.php?rest_route=%2Fwp%2Fv2%2Ftags&post=2948"}],"curies":[{"name":"wp","href":"https:\/\/api.w.org\/{rel}","templated":true}]}}