{"id":341,"date":"2014-08-22T12:19:06","date_gmt":"2014-08-22T12:19:06","guid":{"rendered":"http:\/\/lescheminsdemusarde.fr\/?p=341"},"modified":"2014-10-04T13:08:14","modified_gmt":"2014-10-04T13:08:14","slug":"linaccessible-etoile","status":"publish","type":"post","link":"https:\/\/lescheminsdemusarde.fr\/?p=341","title":{"rendered":"L\u2019inaccessible \u00e9toile\u2026"},"content":{"rendered":"<h3 style=\"text-align: justify;\"><a href=\"https:\/\/lescheminsdemusarde.fr\/wp-content\/uploads\/2014\/09\/Le-Saint-Bosc.jpg\"><img loading=\"lazy\" decoding=\"async\" class=\"alignleft wp-image-344 size-medium\" src=\"https:\/\/lescheminsdemusarde.fr\/wp-content\/uploads\/2014\/09\/Le-Saint-Bosc-225x300.jpg\" alt=\"Le Saint-Bosc\" width=\"225\" height=\"300\" srcset=\"https:\/\/lescheminsdemusarde.fr\/wp-content\/uploads\/2014\/09\/Le-Saint-Bosc-225x300.jpg 225w, https:\/\/lescheminsdemusarde.fr\/wp-content\/uploads\/2014\/09\/Le-Saint-Bosc.jpg 600w\" sizes=\"auto, (max-width: 225px) 100vw, 225px\" \/><\/a>Cet article est paru dans le dernier num\u00e9ro du 650, bulletin n\u00b035 d&rsquo;octobre 2013 de la Confr\u00e9rie des 650. Il a \u00e9t\u00e9 aussi compl\u00e9t\u00e9 pour La Draille, petit journal informel d&rsquo;une bande de copains randonneurs \u00e0 bicyclette&#8230; Voici pour vous cet article complet&#8230; \u00a0 \u00a0 \u00a0 \u00a0 \u00a0 \u00a0 \u00a0 \u00a0\u00a0 \u00a0\u00a0\u00a0\u00a0\u00a0\u00a0\u00a0\u00a0\u00a0\u00a0\u00a0\u00a0 \u00ab\u00a0Q<em>ui n\u2019a pas r\u00eav\u00e9, dans sa vie de touriste \u00e0 bicyclette, de poss\u00e9der une belle randonneuse dite \u00ab \u00e0 la fran\u00e7aise \u00bb construite par un grand couturier du cycle, comme ils sont appel\u00e9s dans le milieu bien inform\u00e9 ? Singer, Herse, Follis, Berthoud, Cattin, Routens, Saint-Martin, Rando-Cycles, Vagabonde Cycles, la Confr\u00e9rie des 650\u2026 et j\u2019en oublie bien s\u00fbr.<\/em><\/h3>\n<p><!--more--><\/p>\n<h3 style=\"text-align: justify;\"><em>Certains ont disparu comme Follis, d\u2019autre repris par les am\u00e9ricains comme Herse, pourtant les artisans du cycle haut de gamme, gr\u00e2ce \u00e0 cette niche, r\u00e9sistent \u00e0 la crise lorsqu\u2019ils construisent du mat\u00e9riel de grande qualit\u00e9. Je n\u2019oublie pas, surtout pas, l\u2019excellente op\u00e9ration \u00ab Chiche \u00bb de la Confr\u00e9rie des 650 qui, avec son beau mod\u00e8le \u00ab C\u00e9vennes \u00bb, a trouv\u00e9 le juste rapport \u00ab qualit\u00e9\/prix \u00bb.<\/em><\/h3>\n<h3 style=\"text-align: justify;\"><em>Pour ce qui me concerne, j\u2019ai toujours r\u00eav\u00e9 d\u2019une belle randonneuse Alex Singer, le c\u00e9l\u00e8bre constructeur du 53 de la rue Victor Hugo \u00e0 Levallois-Perret en banlieue parisienne. Parvenir \u00e0 ce r\u00eave est difficile sinon impossible pour moi, d\u2019autres choix de vie sont faits et la randonneuse de prestige de ne rester\u2026 qu\u2019un r\u00eave !<\/em><\/h3>\n<h3 style=\"text-align: justify;\"><em>Oui, un r\u00eave certes, mais, parfois le hasard peut faire bien \u00e9voluer les choses\u2026 Il suffit qu\u2019un ami proche lance \u00e0 la cantonade qu\u2019il vend une randonneuse Alex Singer d\u2019occasion\u2026 et moi, de pr\u00eater une oreille int\u00e9ress\u00e9e. C\u2019est alors que je m\u2019entends \u00ab \u00e0 l\u2019insu de mon plein gr\u00e9 \u00bb prononcer la phrase suivante \u00ab Tu ne peux vendre cette randonneuse qu\u2019\u00e0 moi \u00bb. C\u2019est p\u00e9remptoire, d\u00e9finitif, imp\u00e9ratif, obligatoire, incontournable, bref, c\u2019est fait ! Et moi, pris \u00e0 mon propre pi\u00e8ge !<\/em><\/h3>\n<h3 style=\"text-align: justify;\"><em>Il se trouve, par chance, que la randonneuse en question est \u00e0 ma taille, fabriqu\u00e9e, en 1981, pour le cadre par Roland Csuka, un artiste du chalumeau, aujourd\u2019hui disparu. Elle est de couleur bleue, une des couleurs originelles des cycles Alex Singer. Elle a \u00e9t\u00e9 remise en \u00e9tat par le v\u00e9lociste de Levallois, Ernest Csuka avant son d\u00e9c\u00e8s, voil\u00e0 quelques ann\u00e9es\u2026 Bref, du beau mat\u00e9riel ! L\u2019ancien propri\u00e9taire, un jeune parisien, par ailleurs non membre de la Confr\u00e9rie des 650, collectionneur de v\u00e9los \u00ab vintage \u00bb comme on dit aujourd\u2019hui, lui a donn\u00e9 un nom\u2026 le Saint-Bosc, en hommage \u00e0 Henri Bosc, fondateur en 1995 et Pr\u00e9sident d\u2019honneur aujourd\u2019hui, de la Confr\u00e9rie des 650. Il en est \u00ab l\u2019ap\u00f4tre \u00bb bien connu du milieu de la belle randonneuse \u00ab \u00e0 la fran\u00e7aise \u00bb. Je lui conserverai cette appellation ayant pour Henri grand respect et amiti\u00e9<\/em>.<\/h3>\n<h3 style=\"text-align: justify;\"><em><a href=\"https:\/\/lescheminsdemusarde.fr\/wp-content\/uploads\/2014\/09\/DSCN0418.jpg\"><img loading=\"lazy\" decoding=\"async\" class=\"alignright wp-image-343 size-medium\" src=\"https:\/\/lescheminsdemusarde.fr\/wp-content\/uploads\/2014\/09\/DSCN0418-300x225.jpg\" alt=\"DSCN0418\" width=\"300\" height=\"225\" srcset=\"https:\/\/lescheminsdemusarde.fr\/wp-content\/uploads\/2014\/09\/DSCN0418-300x225.jpg 300w, https:\/\/lescheminsdemusarde.fr\/wp-content\/uploads\/2014\/09\/DSCN0418-600x450.jpg 600w, https:\/\/lescheminsdemusarde.fr\/wp-content\/uploads\/2014\/09\/DSCN0418-624x468.jpg 624w, https:\/\/lescheminsdemusarde.fr\/wp-content\/uploads\/2014\/09\/DSCN0418.jpg 800w\" sizes=\"auto, (max-width: 300px) 100vw, 300px\" \/><\/a>L\u2019inaccessible \u00e9toile est arriv\u00e9e chez moi le samedi 20 juillet 2013, brillante dans sa belle robe bleue et un peu moins inaccessible de ce fait. Elle est l\u00e0, devant mes yeux, rutilante, pr\u00eate \u00e0 une petite balade afin de go\u00fbter sa qualit\u00e9 cycliste. Je la caresse longuement, apr\u00e8s quelques r\u00e9glages, je l\u2019enfourche et roule de plaisir\u2026 !<\/em><\/h3>\n<h3 style=\"text-align: justify;\"><em>La qualit\u00e9 de roulement est quasi parfaite gr\u00e2ce aux moyeux maxi-car, dont la fabrication a aujourd\u2019hui disparue. Notre balade, avec R\u00e9gis et son amie, dans le Val de Loire, sur un petit kilom\u00e9trage de 40 km, est un vrai moment de plaisir. Le \u00ab Saint-Bosc \u00bb se comporte \u00e0 merveille\u2026 Je me l\u2019approprie d\u00e9finitivement en le nettoyant \u00e0 fond, en le lustrant, en le graissant, en approfondissant notre connaissance mutuelle pour une utilisation sans nuage. Je suis heureux ! Je roule sur un v\u00e9lo Alex Singer\u2026<\/em><\/h3>\n<h3 style=\"text-align: justify;\"><em>L\u2019inaccessible \u00e9toile m\u2019appartient\u2026 Mon r\u00eave est r\u00e9alis\u00e9 !<\/em><\/h3>\n<h3 style=\"text-align: justify;\"><em>Depuis, une sacoche de guidon de la marque \u00ab Sologne \u00bb disparue en 1983, reprise par la maison Berthoud, tr\u00f4ne sur le devant du cintre&#8230; du plus bel effet ! Cette sacoche a \u00e9t\u00e9 achet\u00e9e en 1983, avant la fermeture de l&rsquo;atelier de Romorantin, et mise en conservation plusieurs ann\u00e9es avant de trouver, tout naturellement, sa place d\u00e9finitive.\u00a0\u00bb<\/em><\/h3>\n<h3 style=\"text-align: justify;\"><a href=\"http:\/\/www.cycles-alex-singer.fr\/\" data-cke-saved-href=\"http:\/\/www.cycles-alex-singer.fr\/\">http:\/\/www.cycles-alex-singer.fr\/<\/a><\/h3>\n","protected":false},"excerpt":{"rendered":"<p>Cet article est paru dans le dernier num\u00e9ro du 650, bulletin n\u00b035 d&rsquo;octobre 2013 de la Confr\u00e9rie des 650. Il a \u00e9t\u00e9 aussi compl\u00e9t\u00e9 pour La Draille, petit journal informel d&rsquo;une bande de copains randonneurs \u00e0 bicyclette&#8230; Voici pour vous &hellip; <a href=\"https:\/\/lescheminsdemusarde.fr\/?p=341\">Continuer la lecture <span class=\"meta-nav\">&rarr;<\/span><\/a><\/p>\n","protected":false},"author":1,"featured_media":0,"comment_status":"open","ping_status":"closed","sticky":false,"template":"","format":"standard","meta":{"_exactmetrics_skip_tracking":false,"_exactmetrics_sitenote_active":false,"_exactmetrics_sitenote_note":"","_exactmetrics_sitenote_category":0,"footnotes":""},"categories":[3,2],"tags":[],"class_list":["post-341","post","type-post","status-publish","format-standard","hentry","category-bicyclette","category-randonnees-voyages"],"_links":{"self":[{"href":"https:\/\/lescheminsdemusarde.fr\/index.php?rest_route=\/wp\/v2\/posts\/341","targetHints":{"allow":["GET"]}}],"collection":[{"href":"https:\/\/lescheminsdemusarde.fr\/index.php?rest_route=\/wp\/v2\/posts"}],"about":[{"href":"https:\/\/lescheminsdemusarde.fr\/index.php?rest_route=\/wp\/v2\/types\/post"}],"author":[{"embeddable":true,"href":"https:\/\/lescheminsdemusarde.fr\/index.php?rest_route=\/wp\/v2\/users\/1"}],"replies":[{"embeddable":true,"href":"https:\/\/lescheminsdemusarde.fr\/index.php?rest_route=%2Fwp%2Fv2%2Fcomments&post=341"}],"version-history":[{"count":7,"href":"https:\/\/lescheminsdemusarde.fr\/index.php?rest_route=\/wp\/v2\/posts\/341\/revisions"}],"predecessor-version":[{"id":371,"href":"https:\/\/lescheminsdemusarde.fr\/index.php?rest_route=\/wp\/v2\/posts\/341\/revisions\/371"}],"wp:attachment":[{"href":"https:\/\/lescheminsdemusarde.fr\/index.php?rest_route=%2Fwp%2Fv2%2Fmedia&parent=341"}],"wp:term":[{"taxonomy":"category","embeddable":true,"href":"https:\/\/lescheminsdemusarde.fr\/index.php?rest_route=%2Fwp%2Fv2%2Fcategories&post=341"},{"taxonomy":"post_tag","embeddable":true,"href":"https:\/\/lescheminsdemusarde.fr\/index.php?rest_route=%2Fwp%2Fv2%2Ftags&post=341"}],"curies":[{"name":"wp","href":"https:\/\/api.w.org\/{rel}","templated":true}]}}