{"id":3415,"date":"2017-05-22T13:04:52","date_gmt":"2017-05-22T12:04:52","guid":{"rendered":"http:\/\/lescheminsdemusarde.fr\/?p=3415"},"modified":"2017-10-30T07:36:42","modified_gmt":"2017-10-30T06:36:42","slug":"aubracoeur-2017-emotions","status":"publish","type":"post","link":"https:\/\/lescheminsdemusarde.fr\/?p=3415","title":{"rendered":"Aubracoeur 2017&#8230; \u00c9motions !"},"content":{"rendered":"<h4 style=\"text-align: left;\"><img loading=\"lazy\" decoding=\"async\" class=\"size-thumbnail wp-image-3429 alignleft\" src=\"https:\/\/lescheminsdemusarde.fr\/wp-content\/uploads\/2017\/05\/0005-150x150.jpg\" alt=\"\" width=\"150\" height=\"150\" \/>Il est parfois une grande intensit\u00e9 v\u00e9cue, trop rare cependant, pour ces moments d&rsquo;\u00e9motion \u00e0 la vue d&rsquo;un paysage immense, voire intense, d&rsquo;une architecture paysanne sublime, d&rsquo;une musique agr\u00e9able accompagn\u00e9e d&rsquo;un chant en langue occitane, d&rsquo;une amiti\u00e9 et d&rsquo;une convivialit\u00e9 fortes entre les participants. J&rsquo;ai eu le plaisir, la joie, le bonheur de vivre tout cela en ce mois de mai 2017 sur le plateau de l&rsquo;Aubrac.<\/h4>\n<h4><!--more--><\/h4>\n<h4 style=\"text-align: left;\"><img loading=\"lazy\" decoding=\"async\" class=\"alignright size-thumbnail wp-image-3431\" src=\"https:\/\/lescheminsdemusarde.fr\/wp-content\/uploads\/2017\/05\/0016-150x150.jpg\" alt=\"\" width=\"150\" height=\"150\" \/>Avec Pierre aux commandes, l&rsquo;Aubrac authentique s&rsquo;est d\u00e9couvert \u00e0 nos yeux \u00e9carquill\u00e9s. \u00d4 rien de tr\u00e8s sophistiqu\u00e9, simplement un v\u00e9cu de qualit\u00e9 de quelques jours entre chaud soleil, vent, froid et neige&#8230; sur Nasbinal (prononc\u00e9 le premier s et pas celui de fin) et ses alentours.<\/h4>\n<h4><img loading=\"lazy\" decoding=\"async\" class=\"alignleft wp-image-3427 size-thumbnail\" src=\"https:\/\/lescheminsdemusarde.fr\/wp-content\/uploads\/2017\/05\/0003-150x150.jpg\" alt=\"\" width=\"150\" height=\"150\" \/>Nous avons v\u00e9cu des instants d&rsquo;un tourisme curieux, \u00e0 bicyclette mais aussi \u00e0 pied, \u00e0 la d\u00e9couverte d&rsquo;une r\u00e9gion m\u00e9connue, travers\u00e9e cependant par des p\u00e8lerins en mal de foi vers Saint-Jacques-de-Compostelle, l\u00e0-bas \u00e0 l&rsquo;extr\u00e9mit\u00e9 Ouest de l&rsquo;Espagne galicienne.<\/h4>\n<h4>L&rsquo;Aubrac se m\u00e9rite et c&rsquo;est un r\u00e9gal de le parcourir entre petites routes et chemins&#8230;<\/h4>\n<h3><a href=\"https:\/\/lescheminsdemusarde.fr\/?p=3451#more-3451\"><span style=\"color: #ff0000;\">LES PHOTOS SONT ICI&#8230;<\/span><\/a><\/h3>\n<p>&nbsp;<\/p>\n<p>&nbsp;<\/p>\n<p>&nbsp;<\/p>\n","protected":false},"excerpt":{"rendered":"<p>Il est parfois une grande intensit\u00e9 v\u00e9cue, trop rare cependant, pour ces moments d&rsquo;\u00e9motion \u00e0 la vue d&rsquo;un paysage immense, voire intense, d&rsquo;une architecture paysanne sublime, d&rsquo;une musique agr\u00e9able accompagn\u00e9e d&rsquo;un chant en langue occitane, d&rsquo;une amiti\u00e9 et d&rsquo;une convivialit\u00e9 &hellip; <a href=\"https:\/\/lescheminsdemusarde.fr\/?p=3415\">Continuer la lecture <span class=\"meta-nav\">&rarr;<\/span><\/a><\/p>\n","protected":false},"author":1,"featured_media":0,"comment_status":"open","ping_status":"closed","sticky":false,"template":"","format":"standard","meta":{"_exactmetrics_skip_tracking":false,"_exactmetrics_sitenote_active":false,"_exactmetrics_sitenote_note":"","_exactmetrics_sitenote_category":0,"footnotes":""},"categories":[3,2],"tags":[],"class_list":["post-3415","post","type-post","status-publish","format-standard","hentry","category-bicyclette","category-randonnees-voyages"],"_links":{"self":[{"href":"https:\/\/lescheminsdemusarde.fr\/index.php?rest_route=\/wp\/v2\/posts\/3415","targetHints":{"allow":["GET"]}}],"collection":[{"href":"https:\/\/lescheminsdemusarde.fr\/index.php?rest_route=\/wp\/v2\/posts"}],"about":[{"href":"https:\/\/lescheminsdemusarde.fr\/index.php?rest_route=\/wp\/v2\/types\/post"}],"author":[{"embeddable":true,"href":"https:\/\/lescheminsdemusarde.fr\/index.php?rest_route=\/wp\/v2\/users\/1"}],"replies":[{"embeddable":true,"href":"https:\/\/lescheminsdemusarde.fr\/index.php?rest_route=%2Fwp%2Fv2%2Fcomments&post=3415"}],"version-history":[{"count":15,"href":"https:\/\/lescheminsdemusarde.fr\/index.php?rest_route=\/wp\/v2\/posts\/3415\/revisions"}],"predecessor-version":[{"id":3974,"href":"https:\/\/lescheminsdemusarde.fr\/index.php?rest_route=\/wp\/v2\/posts\/3415\/revisions\/3974"}],"wp:attachment":[{"href":"https:\/\/lescheminsdemusarde.fr\/index.php?rest_route=%2Fwp%2Fv2%2Fmedia&parent=3415"}],"wp:term":[{"taxonomy":"category","embeddable":true,"href":"https:\/\/lescheminsdemusarde.fr\/index.php?rest_route=%2Fwp%2Fv2%2Fcategories&post=3415"},{"taxonomy":"post_tag","embeddable":true,"href":"https:\/\/lescheminsdemusarde.fr\/index.php?rest_route=%2Fwp%2Fv2%2Ftags&post=3415"}],"curies":[{"name":"wp","href":"https:\/\/api.w.org\/{rel}","templated":true}]}}