{"id":3541,"date":"2017-06-20T16:09:40","date_gmt":"2017-06-20T15:09:40","guid":{"rendered":"http:\/\/lescheminsdemusarde.fr\/?p=3541"},"modified":"2017-07-06T07:23:11","modified_gmt":"2017-07-06T06:23:11","slug":"avec-les-650-en-aubrac","status":"publish","type":"post","link":"https:\/\/lescheminsdemusarde.fr\/?p=3541","title":{"rendered":"Avec les 650 en Aubrac"},"content":{"rendered":"<h4><img loading=\"lazy\" decoding=\"async\" class=\"alignleft wp-image-3530 size-thumbnail\" src=\"https:\/\/lescheminsdemusarde.fr\/wp-content\/uploads\/2017\/06\/0002-1-150x150.jpg\" alt=\"\" width=\"150\" height=\"150\" \/>C&rsquo;est \u00e0 l&rsquo;invitation de la Confr\u00e9rie des 650 que je suis retourn\u00e9, du 15 au 17 juin 2017, \u00e0 Nasbinals, en Loz\u00e8re, sur le joli plateau de l&rsquo;Aubrac, terre myst\u00e9rieuse s&rsquo;il en est. Une occasion de d\u00e9couvrir le tout nouveau mod\u00e8le de randonneuse appel\u00e9 \u00ab\u00a0Aubrac\u00a0\u00bb de la Confr\u00e9rie pr\u00e9sent\u00e9 \u00e0 la presse &#8230;<\/h4>\n<h4><!--more--><\/h4>\n<h4>Sur ces trois journ\u00e9es, je n&rsquo;aurai effectu\u00e9 que le parcours propos\u00e9 pour la journ\u00e9e du jeudi 15, nous permettant de visiter la vall\u00e9e du Lot. Un parcours qui s&rsquo;est av\u00e9r\u00e9 difficile par la chaleur \u00e9prouvante et un d\u00e9nivel\u00e9 non n\u00e9gligeable.<\/h4>\n<h4>Les deux autres jours, je me suis content\u00e9 de rouler quelques kilom\u00e8tres avec les participants en d\u00e9but de parcours pour ensuite aller \u00e0 la d\u00e9couverte de l&rsquo;Aubrac profond et secret avec les amis Pierre et H\u00e9l\u00e8ne, sp\u00e9cialistes de la question.<\/h4>\n<h4><img loading=\"lazy\" decoding=\"async\" class=\"alignright wp-image-3536 size-thumbnail\" src=\"https:\/\/lescheminsdemusarde.fr\/wp-content\/uploads\/2017\/06\/0008-1-150x150.jpg\" alt=\"\" width=\"150\" height=\"150\" \/>Nous avons d\u00e9couverts de toutes petites routes inconnues jusqu&rsquo;alors de nous o\u00f9 les vieilles fermes, les vieilles pierres, les paysages de ce beau plateau nous ont subjugu\u00e9s. Il faut parfois, tout simplement, savoir prendre la petite route ou le chemin qui s&rsquo;offrent \u00e0 votre droite ou \u00e0 votre gauche et aller \u00e0 la d\u00e9couverte&#8230; du patrimoine local et de ses paysages.<\/h4>\n<h4>Un grand MERCI \u00e0 Johanne, l&rsquo;organisatrice, de nous avoir permis ce retour sur l&rsquo;Aubrac avec le beau temps mais avec un vent \u00e0 d\u00e9corner les vaches locales.<\/h4>\n<h4>Le samedi soir, j&rsquo;ai rejoint, \u00e0 Laguiole, des amis cyclo-touristes que je n&rsquo;avais pas crois\u00e9s depuis plus de deux ann\u00e9es&#8230; Un grand plaisir de se revoir et passer le dimanche en compagnie.<\/h4>\n<h3><a href=\"https:\/\/lescheminsdemusarde.fr\/?p=3526#more-3526\"><span style=\"color: #ff0000;\">LES PHOTOS SONT ICI&#8230;<\/span><\/a><\/h3>\n","protected":false},"excerpt":{"rendered":"<p>C&rsquo;est \u00e0 l&rsquo;invitation de la Confr\u00e9rie des 650 que je suis retourn\u00e9, du 15 au 17 juin 2017, \u00e0 Nasbinals, en Loz\u00e8re, sur le joli plateau de l&rsquo;Aubrac, terre myst\u00e9rieuse s&rsquo;il en est. Une occasion de d\u00e9couvrir le tout nouveau &hellip; <a href=\"https:\/\/lescheminsdemusarde.fr\/?p=3541\">Continuer la lecture <span class=\"meta-nav\">&rarr;<\/span><\/a><\/p>\n","protected":false},"author":1,"featured_media":0,"comment_status":"open","ping_status":"closed","sticky":false,"template":"","format":"standard","meta":{"_exactmetrics_skip_tracking":false,"_exactmetrics_sitenote_active":false,"_exactmetrics_sitenote_note":"","_exactmetrics_sitenote_category":0,"footnotes":""},"categories":[3,2],"tags":[],"class_list":["post-3541","post","type-post","status-publish","format-standard","hentry","category-bicyclette","category-randonnees-voyages"],"_links":{"self":[{"href":"https:\/\/lescheminsdemusarde.fr\/index.php?rest_route=\/wp\/v2\/posts\/3541","targetHints":{"allow":["GET"]}}],"collection":[{"href":"https:\/\/lescheminsdemusarde.fr\/index.php?rest_route=\/wp\/v2\/posts"}],"about":[{"href":"https:\/\/lescheminsdemusarde.fr\/index.php?rest_route=\/wp\/v2\/types\/post"}],"author":[{"embeddable":true,"href":"https:\/\/lescheminsdemusarde.fr\/index.php?rest_route=\/wp\/v2\/users\/1"}],"replies":[{"embeddable":true,"href":"https:\/\/lescheminsdemusarde.fr\/index.php?rest_route=%2Fwp%2Fv2%2Fcomments&post=3541"}],"version-history":[{"count":12,"href":"https:\/\/lescheminsdemusarde.fr\/index.php?rest_route=\/wp\/v2\/posts\/3541\/revisions"}],"predecessor-version":[{"id":3619,"href":"https:\/\/lescheminsdemusarde.fr\/index.php?rest_route=\/wp\/v2\/posts\/3541\/revisions\/3619"}],"wp:attachment":[{"href":"https:\/\/lescheminsdemusarde.fr\/index.php?rest_route=%2Fwp%2Fv2%2Fmedia&parent=3541"}],"wp:term":[{"taxonomy":"category","embeddable":true,"href":"https:\/\/lescheminsdemusarde.fr\/index.php?rest_route=%2Fwp%2Fv2%2Fcategories&post=3541"},{"taxonomy":"post_tag","embeddable":true,"href":"https:\/\/lescheminsdemusarde.fr\/index.php?rest_route=%2Fwp%2Fv2%2Ftags&post=3541"}],"curies":[{"name":"wp","href":"https:\/\/api.w.org\/{rel}","templated":true}]}}