{"id":3692,"date":"2017-08-23T17:13:01","date_gmt":"2017-08-23T16:13:01","guid":{"rendered":"http:\/\/lescheminsdemusarde.fr\/?p=3692"},"modified":"2017-09-12T16:15:30","modified_gmt":"2017-09-12T15:15:30","slug":"larc-dans-les-boucles-de-la-seine","status":"publish","type":"post","link":"https:\/\/lescheminsdemusarde.fr\/?p=3692","title":{"rendered":"Dans les boucles de la Seine"},"content":{"rendered":"<h4><img loading=\"lazy\" decoding=\"async\" class=\"alignleft wp-image-3682 size-thumbnail\" src=\"https:\/\/lescheminsdemusarde.fr\/wp-content\/uploads\/2017\/08\/0013-150x150.jpg\" alt=\"\" width=\"150\" height=\"150\" \/>Ah ! La vache ! La Normandie a \u00e9t\u00e9 pour le moins fra\u00eeche avec des averses et du vent en ce mois d&rsquo;ao\u00fbt 2017. L&rsquo;Amicale des Randonneurs Cyclo-touristes avait choisi Bourg-Achard (27) \u00e0 proximit\u00e9 des boucles de la Seine pour sa semaine estivale du 12 au 19 ao\u00fbt.<\/h4>\n<p><!--more--><\/p>\n<h4>L&rsquo;organisation de R\u00e9gis et Ga\u00eblle a \u00e9t\u00e9 parfaite avec des parcours privil\u00e9giant les petites routes et leur tranquillit\u00e9. Les visites, ou mieux les d\u00e9couvertes, ont \u00e9t\u00e9 de qualit\u00e9 au cours de ces 8 jours.<\/h4>\n<h4><img loading=\"lazy\" decoding=\"async\" class=\"alignright size-thumbnail wp-image-3670\" src=\"https:\/\/lescheminsdemusarde.fr\/wp-content\/uploads\/2017\/08\/0001-150x150.jpg\" alt=\"\" width=\"150\" height=\"150\" \/>Et puis, nous avons pris \u00e0 plusieurs reprises le bac afin de traverser la Seine&#8230; un moment de curiosit\u00e9, de plaisir et de photos.<\/h4>\n<h4><img loading=\"lazy\" decoding=\"async\" class=\"alignleft wp-image-3678 size-thumbnail\" src=\"https:\/\/lescheminsdemusarde.fr\/wp-content\/uploads\/2017\/08\/0009-150x150.jpg\" alt=\"\" width=\"150\" height=\"150\" \/>A notre \u0153il exerc\u00e9 s&rsquo;est d\u00e9couverte la ville de Rouen, un dimanche o\u00f9 la circulation automobile en \u00e9tait absente. Dans la r\u00e9gion proche, nous avons visit\u00e9 les abbayes de Jumi\u00e8ges, du Bec Hellouin, de Saint-Wandrille-de-Fontenelle et de <span id=\"abbaye-saint-georges-de-boscherville\" class=\"filtre_cartographie_interactive\">Saint-Georges-de-Boscherville mais aussi de nombreuses \u00e9glises pittoresques et des ch\u00e2teaux en ruines<\/span>.<\/h4>\n<h4>Nous avons parcouru en tous sens la belle for\u00eat de Brotonne et ses chapelles au fond des bois comme Saint-Maur et Saint-Thomas.<\/h4>\n<h4>Les s\u00e9pultures de la famille Hugo, dont les deux filles de Victor Hugo : Ad\u00e8le et L\u00e9opoldine, \u00e0 Villequier (76) nous ont surpris et R\u00e9gis de nous conter comment L\u00e9opoldine est d\u00e9c\u00e9d\u00e9e. Un grand moment de culture et d&rsquo;histoire, merci \u00e0 lui.<\/h4>\n<h4><img loading=\"lazy\" decoding=\"async\" class=\"alignright size-thumbnail wp-image-3694\" src=\"https:\/\/lescheminsdemusarde.fr\/wp-content\/uploads\/2017\/08\/0018-150x150.jpg\" alt=\"\" width=\"150\" height=\"150\" \/>Et puis nous avons retenu et beaucoup appr\u00e9ci\u00e9 ce mus\u00e9e paysan priv\u00e9 avec ses tr\u00e8s nombreux outils collectionn\u00e9s, un bel endroit.<\/h4>\n<h4><img loading=\"lazy\" decoding=\"async\" class=\"alignleft wp-image-3675 size-thumbnail\" src=\"https:\/\/lescheminsdemusarde.fr\/wp-content\/uploads\/2017\/08\/0006-150x150.jpg\" alt=\"\" width=\"150\" height=\"150\" \/>La Normandie ne serait pas la Normandie sans les tr\u00e8s nombreuses et tr\u00e8s belles chaumi\u00e8res \u00e0 toits de chaume&#8230;<\/h4>\n<h4>Une belle semaine d&rsquo;excursions \u00e0 bicyclette !<\/h4>\n<h4>Grand MERCI \u00e0 R\u00e9gis et Ga\u00eblle.<\/h4>\n<h2><a href=\"https:\/\/lescheminsdemusarde.fr\/?p=3668#more-3668\"><strong><span style=\"color: #ff0000;\">LES PHOTOS SONT ICI&#8230;<\/span><\/strong><\/a><\/h2>\n","protected":false},"excerpt":{"rendered":"<p>Ah ! La vache ! La Normandie a \u00e9t\u00e9 pour le moins fra\u00eeche avec des averses et du vent en ce mois d&rsquo;ao\u00fbt 2017. L&rsquo;Amicale des Randonneurs Cyclo-touristes avait choisi Bourg-Achard (27) \u00e0 proximit\u00e9 des boucles de la Seine pour &hellip; <a href=\"https:\/\/lescheminsdemusarde.fr\/?p=3692\">Continuer la lecture <span class=\"meta-nav\">&rarr;<\/span><\/a><\/p>\n","protected":false},"author":1,"featured_media":0,"comment_status":"closed","ping_status":"closed","sticky":false,"template":"","format":"standard","meta":{"_exactmetrics_skip_tracking":false,"_exactmetrics_sitenote_active":false,"_exactmetrics_sitenote_note":"","_exactmetrics_sitenote_category":0,"footnotes":""},"categories":[3,2],"tags":[],"class_list":["post-3692","post","type-post","status-publish","format-standard","hentry","category-bicyclette","category-randonnees-voyages"],"_links":{"self":[{"href":"https:\/\/lescheminsdemusarde.fr\/index.php?rest_route=\/wp\/v2\/posts\/3692","targetHints":{"allow":["GET"]}}],"collection":[{"href":"https:\/\/lescheminsdemusarde.fr\/index.php?rest_route=\/wp\/v2\/posts"}],"about":[{"href":"https:\/\/lescheminsdemusarde.fr\/index.php?rest_route=\/wp\/v2\/types\/post"}],"author":[{"embeddable":true,"href":"https:\/\/lescheminsdemusarde.fr\/index.php?rest_route=\/wp\/v2\/users\/1"}],"replies":[{"embeddable":true,"href":"https:\/\/lescheminsdemusarde.fr\/index.php?rest_route=%2Fwp%2Fv2%2Fcomments&post=3692"}],"version-history":[{"count":20,"href":"https:\/\/lescheminsdemusarde.fr\/index.php?rest_route=\/wp\/v2\/posts\/3692\/revisions"}],"predecessor-version":[{"id":3812,"href":"https:\/\/lescheminsdemusarde.fr\/index.php?rest_route=\/wp\/v2\/posts\/3692\/revisions\/3812"}],"wp:attachment":[{"href":"https:\/\/lescheminsdemusarde.fr\/index.php?rest_route=%2Fwp%2Fv2%2Fmedia&parent=3692"}],"wp:term":[{"taxonomy":"category","embeddable":true,"href":"https:\/\/lescheminsdemusarde.fr\/index.php?rest_route=%2Fwp%2Fv2%2Fcategories&post=3692"},{"taxonomy":"post_tag","embeddable":true,"href":"https:\/\/lescheminsdemusarde.fr\/index.php?rest_route=%2Fwp%2Fv2%2Ftags&post=3692"}],"curies":[{"name":"wp","href":"https:\/\/api.w.org\/{rel}","templated":true}]}}