{"id":4669,"date":"2018-03-29T15:45:08","date_gmt":"2018-03-29T14:45:08","guid":{"rendered":"http:\/\/lescheminsdemusarde.fr\/?p=4669"},"modified":"2018-04-23T06:34:11","modified_gmt":"2018-04-23T05:34:11","slug":"annee-2018-marcheuse-ou-cyclo-randonneuse","status":"publish","type":"post","link":"https:\/\/lescheminsdemusarde.fr\/?p=4669","title":{"rendered":"Ann\u00e9e 2018 : Marcheuse ou cyclo-randonneuse ?"},"content":{"rendered":"<h4><img loading=\"lazy\" decoding=\"async\" class=\"alignleft wp-image-4672 size-thumbnail\" src=\"https:\/\/lescheminsdemusarde.fr\/wp-content\/uploads\/2018\/03\/DSCN2651-150x150.jpg\" alt=\"\" width=\"150\" height=\"150\" \/>D\u00e9cid\u00e9ment, cette ann\u00e9e 2018 s&rsquo;annonce plus \u00ab\u00a0marcheuse\u00a0\u00bb que \u00ab\u00a0cyclo-randonneuse\u00a0\u00bb&#8230; pour preuve, &#8230; une nouvelle rando p\u00e9destre avec le club de l&rsquo;AMO Rando Val de Mer 41 avec lequel je prends bien du plaisir, comme ce jeudi 29 mars 2018 au matin, avec le soleil, du c\u00f4t\u00e9 de Talcy (41) \u00e0 la rencontre de Cassandre &#8230; \u00ab\u00a0Mignonne, allons voir si la rose &#8230; \u00ab\u00a0<\/h4>\n<p><!--more--><\/p>\n<h4>J&rsquo;ai un manque \u00e9vident de motivation afin de remonter sur ma randonneuse&#8230; le courage absent, la m\u00e9t\u00e9o d\u00e9sagr\u00e9able depuis de longues semaines, &#8230; Trois fois moins de kilom\u00e9trage qu&rsquo;\u00e0 pareille \u00e9poque les autres ann\u00e9es &#8230; Pourtant, il va me falloir faire des efforts d&rsquo;entrainement afin de r\u00e9aliser quelques \u00e9quip\u00e9es v\u00e9locip\u00e9diques en mai prochain !<\/h4>\n<h4>Mais, l&rsquo;ann\u00e9e sera avant tout \u00ab\u00a0marcheuse\u00a0\u00bb certainement avec trois vir\u00e9es pr\u00e9vues dans l&rsquo;Aubrac sur les drailles, le Larzac sur ses chemins templiers et la Bretagne du Finist\u00e8re Nord et son superbe GR 34 des Abers. Je suis plus motiv\u00e9 par le port du sac \u00e0 dos et les chaussures de randonn\u00e9e p\u00e9destre en ce moment.<img loading=\"lazy\" decoding=\"async\" class=\"alignright size-thumbnail wp-image-4674\" src=\"https:\/\/lescheminsdemusarde.fr\/wp-content\/uploads\/2018\/03\/DSCN2662-150x150.jpg\" alt=\"\" width=\"150\" height=\"150\" \/><\/h4>\n<h4>Pour la randonn\u00e9e \u00e0 bicyclette, si seulement le soleil pouvait r\u00e9appara\u00eetre, elle en serait plus agr\u00e9able&#8230; Je le devine \u00e0 porter de p\u00e9dales ce retour \u00e0 chevaucher ma randonneuse impatiente de reprendre la route ou le chemin&#8230;<\/h4>\n<h4>Mais, pour le moment, je randonne \u00e0 pied et c&rsquo;est super bien ! &#8230; \u00e0 suivre !<\/h4>\n","protected":false},"excerpt":{"rendered":"<p>D\u00e9cid\u00e9ment, cette ann\u00e9e 2018 s&rsquo;annonce plus \u00ab\u00a0marcheuse\u00a0\u00bb que \u00ab\u00a0cyclo-randonneuse\u00a0\u00bb&#8230; pour preuve, &#8230; une nouvelle rando p\u00e9destre avec le club de l&rsquo;AMO Rando Val de Mer 41 avec lequel je prends bien du plaisir, comme ce jeudi 29 mars 2018 au &hellip; <a href=\"https:\/\/lescheminsdemusarde.fr\/?p=4669\">Continuer la lecture <span class=\"meta-nav\">&rarr;<\/span><\/a><\/p>\n","protected":false},"author":1,"featured_media":0,"comment_status":"closed","ping_status":"closed","sticky":false,"template":"","format":"standard","meta":{"_exactmetrics_skip_tracking":false,"_exactmetrics_sitenote_active":false,"_exactmetrics_sitenote_note":"","_exactmetrics_sitenote_category":0,"footnotes":""},"categories":[4,2],"tags":[],"class_list":["post-4669","post","type-post","status-publish","format-standard","hentry","category-pedestre","category-randonnees-voyages"],"_links":{"self":[{"href":"https:\/\/lescheminsdemusarde.fr\/index.php?rest_route=\/wp\/v2\/posts\/4669","targetHints":{"allow":["GET"]}}],"collection":[{"href":"https:\/\/lescheminsdemusarde.fr\/index.php?rest_route=\/wp\/v2\/posts"}],"about":[{"href":"https:\/\/lescheminsdemusarde.fr\/index.php?rest_route=\/wp\/v2\/types\/post"}],"author":[{"embeddable":true,"href":"https:\/\/lescheminsdemusarde.fr\/index.php?rest_route=\/wp\/v2\/users\/1"}],"replies":[{"embeddable":true,"href":"https:\/\/lescheminsdemusarde.fr\/index.php?rest_route=%2Fwp%2Fv2%2Fcomments&post=4669"}],"version-history":[{"count":9,"href":"https:\/\/lescheminsdemusarde.fr\/index.php?rest_route=\/wp\/v2\/posts\/4669\/revisions"}],"predecessor-version":[{"id":4863,"href":"https:\/\/lescheminsdemusarde.fr\/index.php?rest_route=\/wp\/v2\/posts\/4669\/revisions\/4863"}],"wp:attachment":[{"href":"https:\/\/lescheminsdemusarde.fr\/index.php?rest_route=%2Fwp%2Fv2%2Fmedia&parent=4669"}],"wp:term":[{"taxonomy":"category","embeddable":true,"href":"https:\/\/lescheminsdemusarde.fr\/index.php?rest_route=%2Fwp%2Fv2%2Fcategories&post=4669"},{"taxonomy":"post_tag","embeddable":true,"href":"https:\/\/lescheminsdemusarde.fr\/index.php?rest_route=%2Fwp%2Fv2%2Ftags&post=4669"}],"curies":[{"name":"wp","href":"https:\/\/api.w.org\/{rel}","templated":true}]}}