{"id":4715,"date":"2018-04-08T13:17:49","date_gmt":"2018-04-08T12:17:49","guid":{"rendered":"http:\/\/lescheminsdemusarde.fr\/?p=4715"},"modified":"2018-04-10T19:49:34","modified_gmt":"2018-04-10T18:49:34","slug":"samedi-7-avril-2018-la-randonnee-de-lamitie","status":"publish","type":"post","link":"https:\/\/lescheminsdemusarde.fr\/?p=4715","title":{"rendered":"Samedi 7 avril 2018, la randonn\u00e9e de l&rsquo;Amiti\u00e9"},"content":{"rendered":"<h4><img loading=\"lazy\" decoding=\"async\" class=\"alignleft wp-image-4697 size-thumbnail\" src=\"https:\/\/lescheminsdemusarde.fr\/wp-content\/uploads\/2018\/04\/0002-150x150.jpg\" alt=\"\" width=\"150\" height=\"150\" \/>La gente humaine est, d\u00e9cid\u00e9ment, une esp\u00e8ce \u00e0 part&#8230; Elle peut \u00eatre parfois d\u00e9sagr\u00e9able et d&rsquo;autres fois merveilleuse \u00e0 c\u00f4toyer. C&rsquo;est vrai que Jean-Pierre restait sur une forte d\u00e9ception et qu&rsquo;il avait un besoin urgent de retrouver un peu de plaisir \u00e0 partager avec ses semblables.<\/h4>\n<p><!--more--><\/p>\n<h4>Ce fut chose faite par la gr\u00e2ce de Claude et Roger ce samedi 7 avril 2018, journ\u00e9e arros\u00e9e les deux premi\u00e8res heures et belle par la suite avec un soleil bien agr\u00e9able entre les nuages. Claude et Roger souhaitaient d\u00e9couvrir \u00ab\u00a0le royaume\u00a0\u00bb de Montpercher \u00e0 la suite de plusieurs \u00e9checs entre forte pluie et grippe mauvaise. Il y avait de la revanche dans l&rsquo;air avec cette invitation lanc\u00e9e par le Marquis.<\/h4>\n<h4>Marilou, Genevi\u00e8ve, Marie-Claude, Luc, Alain, Jean-Pierre ont accompagn\u00e9 Claude et Roger dans cette d\u00e9couverte d&rsquo;un \u00ab\u00a0haut lieu\u00a0\u00bb de la randonn\u00e9e en pays de Chambord (41).<\/h4>\n<h4>Partis de Mer (41) vers 9h30&prime; apr\u00e8s le caf\u00e9, la pluie s&rsquo;\u00e9tait invit\u00e9e au grand d\u00e9sespoir des participants se croyant marqu\u00e9s par le destin !<\/h4>\n<h4><img loading=\"lazy\" decoding=\"async\" class=\"alignright size-thumbnail wp-image-4696\" src=\"https:\/\/lescheminsdemusarde.fr\/wp-content\/uploads\/2018\/04\/0001-150x150.jpg\" alt=\"\" width=\"150\" height=\"150\" \/>Le parcours trac\u00e9 passant devant sa propri\u00e9t\u00e9, Messire Gaspard du Val de MERoisie, en plein sommeil, a r\u00e9pondu aux appels de la joyeuse bande. Il en fut tout troubl\u00e9 de tant de vacarme de la gente cycliste, lui l&rsquo;\u00e2ne le plus photographi\u00e9 de La Loire \u00e0 V\u00e9lo, du GR 3 et du chemin de Compostelle.<\/h4>\n<h4>A l&rsquo;approche du Port de Chambord, \u00e0 Saint-Dy\u00e9-sur-Loire (41), la pluie se fit plus discr\u00e8te mais toujours pr\u00e9sente, pas facile pour les photos ! Dame Genevi\u00e8ve en \u00e9tait toute pessimiste ! Quant \u00e0 Marilou, Marie-Claude et Claude, elles subissaient sans rien dire, courageuses !<\/h4>\n<h4>Les hommes, comme \u00e0 leur habitude, \u00e9taient d&rsquo;un optimisme b\u00e9at car dot\u00e9s d&rsquo;une grosse exp\u00e9rience en mati\u00e8re de m\u00e9t\u00e9o randonneuse !&#8230; Hi ! Hi !<\/h4>\n<h4><img loading=\"lazy\" decoding=\"async\" class=\"alignleft wp-image-4698 size-thumbnail\" src=\"https:\/\/lescheminsdemusarde.fr\/wp-content\/uploads\/2018\/04\/0003-150x150.jpg\" alt=\"\" width=\"150\" height=\"150\" \/>Chambord et son ch\u00e2teau, nous ont donn\u00e9 une belle image d&rsquo;un joyau du patrimoine architectural de notre beau pays.<\/h4>\n<h4>Les pistes cyclables en son Domaine royal et autres petites routes de for\u00eat nous ont conduits doucement \u00e0 l&rsquo;\u00e9tang de Montpercher, destination envisag\u00e9e pour une d\u00e9couverte par Claude et Roger, impatients de partager.<\/h4>\n<h4><img loading=\"lazy\" decoding=\"async\" class=\"alignright size-thumbnail wp-image-4704\" src=\"https:\/\/lescheminsdemusarde.fr\/wp-content\/uploads\/2018\/04\/0009-150x150.jpg\" alt=\"\" width=\"150\" height=\"150\" \/>Que dire du pique-nique, sinon qu&rsquo;il fut joyeux sous un soleil revenu entrecoup\u00e9 de jolis nuages blancs. La petite troupe a partag\u00e9 l\u00e0 un grand moment de convivialit\u00e9 et d&rsquo;amiti\u00e9 !<\/h4>\n<h4>Au retour, deux groupes se sont constitu\u00e9s, Marie-Claude et Luc pour une \u00ab\u00a0urgence\u00a0\u00bb familiale et les six autres compagnons de route de suivre l&rsquo;itin\u00e9raire concoct\u00e9 par ma\u00eetre Jean-Pierre.<\/h4>\n<h4><img loading=\"lazy\" decoding=\"async\" class=\"size-thumbnail wp-image-4706 alignleft\" src=\"https:\/\/lescheminsdemusarde.fr\/wp-content\/uploads\/2018\/04\/00011-150x150.jpg\" alt=\"\" width=\"150\" height=\"150\" \/>Les toutes nouvelles pistes de randonn\u00e9e cr\u00e9\u00e9es dans le parc du Domaine de Chambord leur ont permis de d\u00e9couvrir le superbe \u00e9tang de la Faisanderie et, en remontant sur la Porte de Saint-Dy\u00e9, de jeter un \u0153il de plaisir \u00e9tonn\u00e9 sur une vue m\u00e9connue du c\u00e9l\u00e8bre ch\u00e2teau de Fran\u00e7ois 1er.<\/h4>\n<h4>Comme toutes les bonnes choses, la balade s&rsquo;est termin\u00e9e par un \u00ab\u00a04 heures\u00a0\u00bb concoct\u00e9 par la maitresse de maison Jo\u00eblle tout sourire pour accueillir les cyclos randonneurs enchant\u00e9s de leur journ\u00e9e.<\/h4>\n<h4>Quant \u00e0 Jean-Pierre, il \u00e9tait tout simplement HEUREUX d&rsquo;avoir retrouv\u00e9 des amis de qualit\u00e9 o\u00f9 l&rsquo;amiti\u00e9 a \u00e9t\u00e9 partag\u00e9e sans retenue aucune et sans arri\u00e8re pens\u00e9e.<\/h4>\n<h4>Grand MERCI \u00e0 eux, \u00e7a fait du bien !<\/h4>\n<h4>On recommencera l&rsquo;ann\u00e9e prochaine&#8230; vers le 6 avril 2019 peut-\u00eatre&#8230; Retenez la date.<\/h4>\n<h1><a href=\"https:\/\/lescheminsdemusarde.fr\/?p=4711#more-4711\"><span style=\"color: #ff0000;\">LES PHOTOS SONT ICI&#8230;<\/span><\/a><\/h1>\n<p>&nbsp;<\/p>\n<p>&nbsp;<\/p>\n<p>&nbsp;<\/p>\n","protected":false},"excerpt":{"rendered":"<p>La gente humaine est, d\u00e9cid\u00e9ment, une esp\u00e8ce \u00e0 part&#8230; Elle peut \u00eatre parfois d\u00e9sagr\u00e9able et d&rsquo;autres fois merveilleuse \u00e0 c\u00f4toyer. C&rsquo;est vrai que Jean-Pierre restait sur une forte d\u00e9ception et qu&rsquo;il avait un besoin urgent de retrouver un peu de &hellip; <a href=\"https:\/\/lescheminsdemusarde.fr\/?p=4715\">Continuer la lecture <span class=\"meta-nav\">&rarr;<\/span><\/a><\/p>\n","protected":false},"author":1,"featured_media":0,"comment_status":"closed","ping_status":"closed","sticky":false,"template":"","format":"standard","meta":{"_exactmetrics_skip_tracking":false,"_exactmetrics_sitenote_active":false,"_exactmetrics_sitenote_note":"","_exactmetrics_sitenote_category":0,"footnotes":""},"categories":[3,2],"tags":[],"class_list":["post-4715","post","type-post","status-publish","format-standard","hentry","category-bicyclette","category-randonnees-voyages"],"_links":{"self":[{"href":"https:\/\/lescheminsdemusarde.fr\/index.php?rest_route=\/wp\/v2\/posts\/4715","targetHints":{"allow":["GET"]}}],"collection":[{"href":"https:\/\/lescheminsdemusarde.fr\/index.php?rest_route=\/wp\/v2\/posts"}],"about":[{"href":"https:\/\/lescheminsdemusarde.fr\/index.php?rest_route=\/wp\/v2\/types\/post"}],"author":[{"embeddable":true,"href":"https:\/\/lescheminsdemusarde.fr\/index.php?rest_route=\/wp\/v2\/users\/1"}],"replies":[{"embeddable":true,"href":"https:\/\/lescheminsdemusarde.fr\/index.php?rest_route=%2Fwp%2Fv2%2Fcomments&post=4715"}],"version-history":[{"count":26,"href":"https:\/\/lescheminsdemusarde.fr\/index.php?rest_route=\/wp\/v2\/posts\/4715\/revisions"}],"predecessor-version":[{"id":4760,"href":"https:\/\/lescheminsdemusarde.fr\/index.php?rest_route=\/wp\/v2\/posts\/4715\/revisions\/4760"}],"wp:attachment":[{"href":"https:\/\/lescheminsdemusarde.fr\/index.php?rest_route=%2Fwp%2Fv2%2Fmedia&parent=4715"}],"wp:term":[{"taxonomy":"category","embeddable":true,"href":"https:\/\/lescheminsdemusarde.fr\/index.php?rest_route=%2Fwp%2Fv2%2Fcategories&post=4715"},{"taxonomy":"post_tag","embeddable":true,"href":"https:\/\/lescheminsdemusarde.fr\/index.php?rest_route=%2Fwp%2Fv2%2Ftags&post=4715"}],"curies":[{"name":"wp","href":"https:\/\/api.w.org\/{rel}","templated":true}]}}