{"id":4813,"date":"2018-04-27T13:10:41","date_gmt":"2018-04-27T12:10:41","guid":{"rendered":"http:\/\/lescheminsdemusarde.fr\/?p=4813"},"modified":"2018-06-06T07:20:21","modified_gmt":"2018-06-06T06:20:21","slug":"ffct-or-not-ffvelo","status":"publish","type":"post","link":"https:\/\/lescheminsdemusarde.fr\/?p=4813","title":{"rendered":"FFCT or not FFV\u00e9lo ?"},"content":{"rendered":"<h4><img loading=\"lazy\" decoding=\"async\" class=\"alignleft wp-image-2565 size-thumbnail\" src=\"https:\/\/lescheminsdemusarde.fr\/wp-content\/uploads\/2016\/07\/20160702_140217-Copie-150x150.jpg\" alt=\"\" width=\"150\" height=\"150\" \/>Que se passe-t-il \u00e0 la F\u00e9d\u00e9ration Fran\u00e7aise de Cyclotourisme ?<br \/>\nA priori, une r\u00e9union du Conseil d&rsquo;Administration le week-end dernier des 21 et 22 avril 2018 a ent\u00e9rin\u00e9 quelques d\u00e9cisions d&rsquo;importance&#8230;<br \/>\nAvant tout un changement de logo afin de coller au plus pr\u00e8s du v\u00e9lo en g\u00e9n\u00e9ral et une d\u00e9finition en rapport.<\/h4>\n<p><!--more--><\/p>\n<h4>Voil\u00e0 ce que l&rsquo;on d\u00e9couvre sur son site internet <a href=\"https:\/\/ffct.org\">www.ffct.org<\/a> :<\/h4>\n<h4><em>\u00ab\u00a0La FFV\u00e9lo, c\u2019est bien plus qu\u2019un simple changement de logo : c\u2019est avant tout le souhait profond de dynamiser en rassemblant toutes les pratiques (du v\u00e9lo de route au VTT en passant par le v\u00e9lo \u00e0 assistance \u00e9lectrique) et tous les pratiquants (de tous les \u00e2ges, femmes et hommes). Notre priorit\u00e9 est de faire du v\u00e9lo un v\u00e9ritable mode de vie en France ! La FFV\u00e9lo rassemble autour de ses valeurs que sont la convivialit\u00e9, le partage, le sport, le plaisir et la d\u00e9couverte ! <\/em><em>Nos actions vont \u00eatre les suivantes en 2018 :<\/em><br \/>\n<em> Offrir un cadre accueillant pour pratiquer le v\u00e9lo en sport ou en loisir.<\/em><br \/>\n<em> Promouvoir la pratique du v\u00e9lo, accessible \u00e0 tous, sous toutes ses formes<\/em><br \/>\n<em> Transmettre au plus grand nombre les bienfaits de la pratique du v\u00e9lo.\u00a0\u00a0\u00a0 \u00a0 \u00a0 \u00a0 \u00a0\u00a0 \u00a0\u00a0\u00a0\u00a0\u00a0\u00a0\u00a0\u00a0\u00a0\u00a0\u00a0\u00a0\u00a0\u00a0\u00a0\u00a0\u00a0\u00a0\u00a0\u00a0\u00a0\u00a0\u00a0\u00a0\u00a0\u00a0\u00a0 <\/em><em>N\u2019oubliez pas, \u00e0 v\u00e9lo tout est plus beau !\u00a0\u00bb<\/em><\/h4>\n<p><img loading=\"lazy\" decoding=\"async\" class=\"img-responsive lazyloading\" src=\"https:\/\/ffvelo.fr\/wp-content\/uploads\/logos\/logoffv.jpg\" alt=\"Accueil FFCT\" width=\"402\" height=\"192\" data-was-processed=\"true\" \/><\/p>\n<h4>Ce logo et cette nouvelle d\u00e9finition changent bien des choses \u00e0 la FFCT. Celle-ci se rapproche de la F\u00e9d\u00e9ration Fran\u00e7aise de Cyclisme. C&rsquo;est une bonne chose au vu des pratiques v\u00e9lo d\u2019aujourd\u2019hui o\u00f9 le terme \u00ab\u00a0cyclotourisme\u00a0\u00bb est devenu pour le moins d\u00e9suet.<\/h4>\n<h4>A terme, il serait judicieux de r\u00e9unir ces deux entit\u00e9s en une seule f\u00e9d\u00e9ration pour plus de coh\u00e9rence.<\/h4>\n<h4>Il se trouve que j&rsquo;ai quitt\u00e9 la FFCT voil\u00e0 plus de 12 ann\u00e9es car, d\u00e9j\u00e0 \u00e0 l&rsquo;\u00e9poque, j&rsquo;avais pressenti le devenir de la pratique du v\u00e9lo en France. (Voir le r\u00e9pertoire <a href=\"https:\/\/lescheminsdemusarde.fr\/?page_id=2142\">\u00ab\u00a0Nous conna\u00eetre\u00a0\u00bb \u00ab\u00a0Le bilan\u00a0\u00bb<\/a>).<\/h4>\n<h4>Aujourd&rsquo;hui, bien que \u00e7a ne fasse pas plaisir, les derni\u00e8res d\u00e9cisions prises me donnent raison quant \u00e0 ma r\u00e9flexion de f\u00e9vrier 2006.<\/h4>\n<h4>Maintenant, il est urgent d&rsquo;attendre les \u00e9volutions qui ne manqueront pas de venir. Mais, il doit y avoir quelques soucis de communication entre le si\u00e8ge f\u00e9d\u00e9ral et les \u00e9lus car les v\u00e9ritables, transparentes et franches explications tardent \u00e0 \u00eatre pr\u00e9cis\u00e9es !<\/h4>\n<h4>Encore un effort pour fusionner avec la FFC&#8230; ! Ce serait un geste responsable et permettrait une \u00e9conomie importante en terme d&rsquo;images, de subventions, d&rsquo;\u00e9lus, de personnel f\u00e9d\u00e9ral, de charges, etc&#8230; bref, de gestion !<\/h4>\n<h4>Dans les ann\u00e9es \u00e0 venir, avec l&rsquo;arriv\u00e9e d&rsquo;une nouvelle \u00e9quipe dirigeante, de nouvelles id\u00e9es favoris\u00e9es par cette d\u00e9finition FFV\u00e9lo, la marche d&rsquo;escalier sera plus r\u00e9duite afin de fusionner avec la FFC, \u00e0 moins que d&rsquo;ici l\u00e0 les pouvoirs publics interviennent afin de r\u00e9gulariser la gestion du v\u00e9lo en France&#8230;<\/h4>\n<h4>Et puis, vu de loin, tout \u00e7a \u00e0 vrai dire m\u2019indiff\u00e8re mais, passion de la bicyclette oblige, j&rsquo;\u00e9prouve le besoin de mettre quand m\u00eame mon grain de sel !<\/h4>\n<h4>Euh ! Au fait, les cyclo-touristes, les vrais, les vintages, sont &#8230; ailleurs !<\/h4>\n<h4>J&rsquo;apprends que des amis ont r\u00e9agi avec un courrier \u00e0 la Pr\u00e9sidente ffct qu&rsquo;ils ne renouvelleraient pas leur adh\u00e9sions \u00e0 l&rsquo;avenir&#8230;<\/h4>\n<h4>Bref, chacun son chemin !<\/h4>\n<h4>Sign\u00e9 Pedibuscyclus<\/h4>\n","protected":false},"excerpt":{"rendered":"<p>Que se passe-t-il \u00e0 la F\u00e9d\u00e9ration Fran\u00e7aise de Cyclotourisme ? A priori, une r\u00e9union du Conseil d&rsquo;Administration le week-end dernier des 21 et 22 avril 2018 a ent\u00e9rin\u00e9 quelques d\u00e9cisions d&rsquo;importance&#8230; Avant tout un changement de logo afin de coller &hellip; <a href=\"https:\/\/lescheminsdemusarde.fr\/?p=4813\">Continuer la lecture <span class=\"meta-nav\">&rarr;<\/span><\/a><\/p>\n","protected":false},"author":1,"featured_media":0,"comment_status":"closed","ping_status":"closed","sticky":false,"template":"","format":"standard","meta":{"_exactmetrics_skip_tracking":false,"_exactmetrics_sitenote_active":false,"_exactmetrics_sitenote_note":"","_exactmetrics_sitenote_category":0,"footnotes":""},"categories":[3,2],"tags":[],"class_list":["post-4813","post","type-post","status-publish","format-standard","hentry","category-bicyclette","category-randonnees-voyages"],"_links":{"self":[{"href":"https:\/\/lescheminsdemusarde.fr\/index.php?rest_route=\/wp\/v2\/posts\/4813","targetHints":{"allow":["GET"]}}],"collection":[{"href":"https:\/\/lescheminsdemusarde.fr\/index.php?rest_route=\/wp\/v2\/posts"}],"about":[{"href":"https:\/\/lescheminsdemusarde.fr\/index.php?rest_route=\/wp\/v2\/types\/post"}],"author":[{"embeddable":true,"href":"https:\/\/lescheminsdemusarde.fr\/index.php?rest_route=\/wp\/v2\/users\/1"}],"replies":[{"embeddable":true,"href":"https:\/\/lescheminsdemusarde.fr\/index.php?rest_route=%2Fwp%2Fv2%2Fcomments&post=4813"}],"version-history":[{"count":44,"href":"https:\/\/lescheminsdemusarde.fr\/index.php?rest_route=\/wp\/v2\/posts\/4813\/revisions"}],"predecessor-version":[{"id":5134,"href":"https:\/\/lescheminsdemusarde.fr\/index.php?rest_route=\/wp\/v2\/posts\/4813\/revisions\/5134"}],"wp:attachment":[{"href":"https:\/\/lescheminsdemusarde.fr\/index.php?rest_route=%2Fwp%2Fv2%2Fmedia&parent=4813"}],"wp:term":[{"taxonomy":"category","embeddable":true,"href":"https:\/\/lescheminsdemusarde.fr\/index.php?rest_route=%2Fwp%2Fv2%2Fcategories&post=4813"},{"taxonomy":"post_tag","embeddable":true,"href":"https:\/\/lescheminsdemusarde.fr\/index.php?rest_route=%2Fwp%2Fv2%2Ftags&post=4813"}],"curies":[{"name":"wp","href":"https:\/\/api.w.org\/{rel}","templated":true}]}}