{"id":5027,"date":"2018-05-29T19:43:04","date_gmt":"2018-05-29T18:43:04","guid":{"rendered":"http:\/\/lescheminsdemusarde.fr\/?p=5027"},"modified":"2018-06-02T05:58:13","modified_gmt":"2018-06-02T04:58:13","slug":"laubrac-a-velo","status":"publish","type":"post","link":"https:\/\/lescheminsdemusarde.fr\/?p=5027","title":{"rendered":"L&rsquo;Aubrac \u00e0 v\u00e9lo &#8230;"},"content":{"rendered":"<h4><img loading=\"lazy\" decoding=\"async\" class=\"size-thumbnail wp-image-5014 alignleft\" src=\"https:\/\/lescheminsdemusarde.fr\/wp-content\/uploads\/2018\/05\/002B-150x150.jpg\" alt=\"\" width=\"150\" height=\"150\" \/>Force est de le constater, l&rsquo;ami Pierre est \u00ab\u00a0un fou furieux\u00a0\u00bb. Organisateur de cet \u00ab\u00a0Aubracoeur 2018\u00a0\u00bb il nous a promen\u00e9s de petites routes d\u00e9sertes en chemins caillouteux avec, parfois, des franchissements de cl\u00f4tures ou de mur\u00e9s de pierre afin de parcourir un pr\u00e9 qui pouvait \u00eatre humide, voire tr\u00e8s humide pour rejoindre une sente, un chemin&#8230; Du grand tourisme \u00e0 bicyclette dans toute sa diversit\u00e9.<\/h4>\n<p><!--more--><\/p>\n<h4>C&rsquo;est donc, entre le 19 et le 27 mai 2018 que cette \u00e9dition de \u00ab\u00a0l&rsquo;Aubracoeur\u00a0\u00bb s&rsquo;est d\u00e9roul\u00e9e dans une ambiance conviviale et d&rsquo;amiti\u00e9 entre les participants, un vrai plaisir !<\/h4>\n<h4>La m\u00e9t\u00e9o a \u00e9t\u00e9 de grande sympathie avec nous : soleil frais, voire tr\u00e8s frais, une grande partie de la semaine, les orages passant au large en suivant, entre autre, la vall\u00e9e du Lot et la vall\u00e9e de la Truy\u00e8re sans atteindre le plateau de l&rsquo;Aubrac. Nous pouvions surveiller les avanc\u00e9es orageuses en toute qui\u00e9tude, dominateurs que nous \u00e9tions.<\/h4>\n<h4><img loading=\"lazy\" decoding=\"async\" class=\"alignright size-thumbnail wp-image-4975\" src=\"https:\/\/lescheminsdemusarde.fr\/wp-content\/uploads\/2018\/05\/0005A-150x150.jpg\" alt=\"\" width=\"150\" height=\"150\" \/>Et les cerises sur le g\u00e2teau ont commenc\u00e9 le samedi 26 mai avec la transhumance simple et sympathique entre Nasbinals et Marchastel, suivie en soir\u00e9e de l&rsquo;excellent concert en l&rsquo;\u00e9glise Sainte-Marie de Nasbinals du chanteur local occitan Philippe Vialard. Elles se sont poursuivies le dimanche 27 mai avec la grande transhumance au Col de Bonnecombe o\u00f9 troupeaux multiples aux belles vaches et une foule participante ont fait de ce moment un grand souvenir pour chacun.<\/h4>\n<h4>Je reviendrai en Aubrac en 2019 pour revivre tous ces moments d&rsquo;exception !<\/h4>\n<h4>Un grand Merci aux amis Pierre et H\u00e9l\u00e8ne pour tous ces merveilleux jours de balades originales, voire tr\u00e8s originales.<\/h4>\n<h1><a href=\"https:\/\/lescheminsdemusarde.fr\/?p=5011#more-5011\"><span style=\"color: #ff0000;\">LES PHOTOS SONT ICI &#8230;<\/span><\/a><\/h1>\n","protected":false},"excerpt":{"rendered":"<p>Force est de le constater, l&rsquo;ami Pierre est \u00ab\u00a0un fou furieux\u00a0\u00bb. Organisateur de cet \u00ab\u00a0Aubracoeur 2018\u00a0\u00bb il nous a promen\u00e9s de petites routes d\u00e9sertes en chemins caillouteux avec, parfois, des franchissements de cl\u00f4tures ou de mur\u00e9s de pierre afin de &hellip; <a href=\"https:\/\/lescheminsdemusarde.fr\/?p=5027\">Continuer la lecture <span class=\"meta-nav\">&rarr;<\/span><\/a><\/p>\n","protected":false},"author":1,"featured_media":0,"comment_status":"closed","ping_status":"closed","sticky":false,"template":"","format":"standard","meta":{"_exactmetrics_skip_tracking":false,"_exactmetrics_sitenote_active":false,"_exactmetrics_sitenote_note":"","_exactmetrics_sitenote_category":0,"footnotes":""},"categories":[3,2],"tags":[],"class_list":["post-5027","post","type-post","status-publish","format-standard","hentry","category-bicyclette","category-randonnees-voyages"],"_links":{"self":[{"href":"https:\/\/lescheminsdemusarde.fr\/index.php?rest_route=\/wp\/v2\/posts\/5027","targetHints":{"allow":["GET"]}}],"collection":[{"href":"https:\/\/lescheminsdemusarde.fr\/index.php?rest_route=\/wp\/v2\/posts"}],"about":[{"href":"https:\/\/lescheminsdemusarde.fr\/index.php?rest_route=\/wp\/v2\/types\/post"}],"author":[{"embeddable":true,"href":"https:\/\/lescheminsdemusarde.fr\/index.php?rest_route=\/wp\/v2\/users\/1"}],"replies":[{"embeddable":true,"href":"https:\/\/lescheminsdemusarde.fr\/index.php?rest_route=%2Fwp%2Fv2%2Fcomments&post=5027"}],"version-history":[{"count":12,"href":"https:\/\/lescheminsdemusarde.fr\/index.php?rest_route=\/wp\/v2\/posts\/5027\/revisions"}],"predecessor-version":[{"id":5084,"href":"https:\/\/lescheminsdemusarde.fr\/index.php?rest_route=\/wp\/v2\/posts\/5027\/revisions\/5084"}],"wp:attachment":[{"href":"https:\/\/lescheminsdemusarde.fr\/index.php?rest_route=%2Fwp%2Fv2%2Fmedia&parent=5027"}],"wp:term":[{"taxonomy":"category","embeddable":true,"href":"https:\/\/lescheminsdemusarde.fr\/index.php?rest_route=%2Fwp%2Fv2%2Fcategories&post=5027"},{"taxonomy":"post_tag","embeddable":true,"href":"https:\/\/lescheminsdemusarde.fr\/index.php?rest_route=%2Fwp%2Fv2%2Ftags&post=5027"}],"curies":[{"name":"wp","href":"https:\/\/api.w.org\/{rel}","templated":true}]}}