{"id":5303,"date":"2018-07-07T06:13:51","date_gmt":"2018-07-07T05:13:51","guid":{"rendered":"http:\/\/lescheminsdemusarde.fr\/?p=5303"},"modified":"2018-07-07T06:15:56","modified_gmt":"2018-07-07T05:15:56","slug":"fete-de-leco-mobilite","status":"publish","type":"post","link":"https:\/\/lescheminsdemusarde.fr\/?p=5303","title":{"rendered":"F\u00eate de l&rsquo;\u00e9co-mobilit\u00e9"},"content":{"rendered":"<header>\n<div class=\"container maxwidth\">\n<div class=\"col-xs-12 col-sm-2\"><a title=\"Accueil\" href=\"http:\/\/www.mer41.fr\/spip.php?\"><img decoding=\"async\" class=\"img-responsive logo-top\" src=\"http:\/\/www.mer41.fr\/images\/logo_ville.png\" alt=\"logo\" \/><\/a><\/div>\n<div class=\"col-xs-12 col-sm-10 margin_menu\">\n<div class=\"nav\">\n<div class=\"zone_menu\"><\/div>\n<\/div>\n<\/div>\n<\/div>\n<\/header>\n<div class=\"row\">\n<div class=\"maxwidth\">\n<div class=\"spacer\"><\/div>\n<div class=\"col-xs-12 col-sm-8 col-md-8 col-lg-9 \">\n<div class=\"espace-art \">\n<div class=\"chemin\">\n<h1>F\u00eate de l&rsquo;\u00e9co-mobilit\u00e9<\/h1>\n<\/div>\n<div class=\"zone-art-txt\">\n<div class=\"chapo crayon article-chapo-209 \">\n<h2>samedi 7 juillet, de 10h \u00e0 17h30 sous la Halle<\/h2>\n<\/div>\n<div class=\"TexteArt crayon article-texte-209 \">\n<p>Une f\u00eate pour tester de nouvelles fa\u00e7ons de se d\u00e9placer et aussi pour s\u2019amuser en famille\u00a0!<\/p>\n<\/div>\n<\/div>\n<\/div>\n<\/div>\n<\/div>\n<\/div>\n<p><!--more--><\/p>\n<h3 class=\"spip\">PROGRAMME<\/h3>\n<h4 class=\"spip\">10h30 et 14h30\u00a0: d\u00e9part devant la Halle<\/h4>\n<p>Balade \u00e0 la d\u00e9couverte des noms des rues m\u00e9roises. Par l\u2019UMDC \u00c9v\u00e8nements<\/p>\n<h4 class=\"spip\">De 13h30 \u00e0 17h30<\/h4>\n<p>Atelier de r\u00e9paration de v\u00e9los avec V\u00e9lo 41<\/p>\n<h4 class=\"spip\">D\u00e9part \u00e0 15h<\/h4>\n<p>Concours et d\u00e9fil\u00e9 de v\u00e9los d\u00e9cor\u00e9s<br class=\"autobr\" \/><strong>Inscriptions sur place<\/strong><\/p>\n<blockquote class=\"spip\"><p>\u00c0 GAGNER<br class=\"autobr\" \/>\u2022 Cat\u00e9gorie enfants\u00a0: une trotinette<br class=\"autobr\" \/>\u2022 Cat\u00e9gorie ados\u00a0: un waveboard<br class=\"autobr\" \/>\u2022 Cat\u00e9gorie adultes\u00a0: Bon d\u00e9couverte<br class=\"autobr\" \/>v\u00e9lo \u00e9lectrique 1 journ\u00e9e pour 4 personnes<\/p><\/blockquote>\n<p>Go\u00fbter offert \u00e0 tous les participants du d\u00e9fil\u00e9<\/p>\n<h4 class=\"spip\">16h30 dans la Halle<\/h4>\n<p>T\u00e9moignage de S\u00e9verine et David MICHEL \u00ab\u00a0Voyager autrement\u00a0: itin\u00e9rance au pas de l\u2019\u00e2ne\u00a0\u00bb.<\/p>\n<h3 class=\"spip\">Toute la journ\u00e9e<\/h3>\n<ul class=\"spip\">\n<li>Pr\u00e9sentation de v\u00e9hicules \u00e9lectriques Peugeot et Renault par les concessionnaires locaux<\/li>\n<li>Pr\u00e9sentation et test de v\u00e9lo, v\u00e9lo \u00e9lectrique, trottinette \u00e9lectrique par 100% Bike et la ville de MER<\/li>\n<li>Conseiller en \u00e9lectromobilit\u00e9 et test de voiture Tesla<\/li>\n<li>Simulateur d\u2019\u00e9coconduite<\/li>\n<li>Bourse aux v\u00e9los par l\u2019association V\u00e9lo 41<\/li>\n<li>Parcours d\u2019orientation, balade pour personne \u00e0 mobilit\u00e9 r\u00e9duite en Jo\u00eblette, Stand Rando sant\u00e9 par l\u2019AMO Rando Val de Mer 41<\/li>\n<li>Expositions<\/li>\n<li>Stand du SEL (Syst\u00e8me d\u2019Echange Local) de MER<\/li>\n<li>Pr\u00e9sence de la nouvelle Maison de Services Au Public itin\u00e9rante<\/li>\n<li>Man\u00e8ge \u00e0 v\u00e9los<\/li>\n<li>V\u00e9los rigolos<\/li>\n<li>Buvette et petite restauration par l\u2019AMAP Terres de Mer<\/li>\n<\/ul>\n<p><span class=\"spip_document_416 spip_documents spip_documents_center\"> <img loading=\"lazy\" decoding=\"async\" src=\"http:\/\/www.mer41.fr\/IMG\/jpg\/2018-07-eco-mobilite_financeurs.jpg\" alt=\"\" width=\"330\" height=\"125\" \/><\/span><\/p>\n","protected":false},"excerpt":{"rendered":"<p>F\u00eate de l&rsquo;\u00e9co-mobilit\u00e9 samedi 7 juillet, de 10h \u00e0 17h30 sous la Halle Une f\u00eate pour tester de nouvelles fa\u00e7ons de se d\u00e9placer et aussi pour s\u2019amuser en famille\u00a0!<\/p>\n","protected":false},"author":1,"featured_media":0,"comment_status":"closed","ping_status":"closed","sticky":false,"template":"","format":"standard","meta":{"_exactmetrics_skip_tracking":false,"_exactmetrics_sitenote_active":false,"_exactmetrics_sitenote_note":"","_exactmetrics_sitenote_category":0,"footnotes":""},"categories":[1],"tags":[],"class_list":["post-5303","post","type-post","status-publish","format-standard","hentry","category-divers"],"_links":{"self":[{"href":"https:\/\/lescheminsdemusarde.fr\/index.php?rest_route=\/wp\/v2\/posts\/5303","targetHints":{"allow":["GET"]}}],"collection":[{"href":"https:\/\/lescheminsdemusarde.fr\/index.php?rest_route=\/wp\/v2\/posts"}],"about":[{"href":"https:\/\/lescheminsdemusarde.fr\/index.php?rest_route=\/wp\/v2\/types\/post"}],"author":[{"embeddable":true,"href":"https:\/\/lescheminsdemusarde.fr\/index.php?rest_route=\/wp\/v2\/users\/1"}],"replies":[{"embeddable":true,"href":"https:\/\/lescheminsdemusarde.fr\/index.php?rest_route=%2Fwp%2Fv2%2Fcomments&post=5303"}],"version-history":[{"count":2,"href":"https:\/\/lescheminsdemusarde.fr\/index.php?rest_route=\/wp\/v2\/posts\/5303\/revisions"}],"predecessor-version":[{"id":5305,"href":"https:\/\/lescheminsdemusarde.fr\/index.php?rest_route=\/wp\/v2\/posts\/5303\/revisions\/5305"}],"wp:attachment":[{"href":"https:\/\/lescheminsdemusarde.fr\/index.php?rest_route=%2Fwp%2Fv2%2Fmedia&parent=5303"}],"wp:term":[{"taxonomy":"category","embeddable":true,"href":"https:\/\/lescheminsdemusarde.fr\/index.php?rest_route=%2Fwp%2Fv2%2Fcategories&post=5303"},{"taxonomy":"post_tag","embeddable":true,"href":"https:\/\/lescheminsdemusarde.fr\/index.php?rest_route=%2Fwp%2Fv2%2Ftags&post=5303"}],"curies":[{"name":"wp","href":"https:\/\/api.w.org\/{rel}","templated":true}]}}