{"id":5306,"date":"2018-07-08T17:15:04","date_gmt":"2018-07-08T16:15:04","guid":{"rendered":"http:\/\/lescheminsdemusarde.fr\/?p=5306"},"modified":"2018-07-17T18:11:30","modified_gmt":"2018-07-17T17:11:30","slug":"mobilite-douce-une-premiere","status":"publish","type":"post","link":"https:\/\/lescheminsdemusarde.fr\/?p=5306","title":{"rendered":"Mobilit\u00e9 douce : Une premi\u00e8re"},"content":{"rendered":"<h4><img loading=\"lazy\" decoding=\"async\" class=\"alignleft wp-image-5309 size-thumbnail\" src=\"https:\/\/lescheminsdemusarde.fr\/wp-content\/uploads\/2018\/07\/20180707_114524-150x150.jpg\" alt=\"\" width=\"150\" height=\"150\" \/>Samedi 7 juillet 2018 a eu lieu, sous la responsabilit\u00e9 de la ville, la \u00ab\u00a0premi\u00e8re\u00a0\u00bb f\u00eate de l&rsquo;\u00e9co-mobilit\u00e9 de notre ville de Mer (41). Celle-ci s&rsquo;est d\u00e9roul\u00e9e \u00e0 l&rsquo;int\u00e9rieur de la belle halle aux grains et tout autour du b\u00e2timent pour les stands \u00ab\u00a0log\u00e9s\u00a0\u00bb dehors. <!--more-->On y a trouv\u00e9 diff\u00e9rentes associations locales motiv\u00e9es par le sujet comme le club de l&rsquo;AMO Rando Val de Mer sp\u00e9cialiste de la randonn\u00e9e p\u00e9destre, l&rsquo;AMAP Terre de Mer, l&rsquo;UMDC \u00e9v\u00e8nements avec la pr\u00e9sentation du livre sur les rues de Mer, des distributeurs de v\u00e9los \u00e9lectriques ou non, des concessionnaires autos pour la pr\u00e9sentation de v\u00e9hicules \u00e9lectriques, un simulateur d&rsquo;\u00e9co-conduite, etc &#8230; et une exposition sur le sujet de l&rsquo;\u00e9co-mobilit\u00e9.<\/h4>\n<h4><img loading=\"lazy\" decoding=\"async\" class=\"alignright size-thumbnail wp-image-5313\" src=\"https:\/\/lescheminsdemusarde.fr\/wp-content\/uploads\/2018\/07\/20180707_152827-150x150.jpg\" alt=\"\" width=\"150\" height=\"150\" \/>Une bourse aux v\u00e9los et un atelier de r\u00e9paration avaient \u00e9t\u00e9 mis en place par l&rsquo;association de Blois \u00ab\u00a0V\u00e9lo 41\u00a0\u00bb adh\u00e9rente de la F\u00e9d\u00e9ration Fran\u00e7aise des Usagers de la Bicyclette. L&rsquo;atelier r\u00e9paration a \u00e9t\u00e9 tr\u00e8s sollicit\u00e9 en cours d&rsquo;apr\u00e8s-midi. Une belle exp\u00e9rience !<\/h4>\n<h4>Nous avons \u00e9t\u00e9 tr\u00e8s \u00e9tonn\u00e9s de ne pas voir le club local de randonn\u00e9e de la FFV\u00e9lo, l&rsquo;Association Mer Oxyg\u00e8ne, sp\u00e9cialiste de la randonn\u00e9e \u00e0 bicyclette, sans doute un oubli !<\/h4>\n<h4>Nous avons aussi d\u00e9couvert le voyage au pas de l&rsquo;\u00e2ne avec la projection et le t\u00e9moignage de S\u00e9verine et David M.<\/h4>\n<h4>Un concours et d\u00e9fil\u00e9 de v\u00e9los d\u00e9cor\u00e9s a permis aux plus jeunes de bien s&rsquo;amuser.<\/h4>\n<h4>Bref, cette premi\u00e8re f\u00eate, parfaitement organis\u00e9e, a vu les m\u00e9rois s&rsquo;int\u00e9resser \u00e0 leurs d\u00e9placements en ville et, pour nombre d&rsquo;entre-eux, de prendre \u00ab\u00a0enfin\u00a0\u00bb conscience des enjeux en la mati\u00e8re.<\/h4>\n<h4>Une radio bl\u00e9soise \u00ab\u00a0Studio ZEF\u00a0\u00bb, pr\u00e9sente sur la journ\u00e9e, a fait de nombreux reportages sur le sujet allant \u00e0 la rencontre des uns et des autres.<\/h4>\n<h4>Ce fut une belle exp\u00e9rience \u00e0 notre go\u00fbt pour cette premi\u00e8re ! Merci !<\/h4>\n<p>&nbsp;<\/p>\n","protected":false},"excerpt":{"rendered":"<p>Samedi 7 juillet 2018 a eu lieu, sous la responsabilit\u00e9 de la ville, la \u00ab\u00a0premi\u00e8re\u00a0\u00bb f\u00eate de l&rsquo;\u00e9co-mobilit\u00e9 de notre ville de Mer (41). Celle-ci s&rsquo;est d\u00e9roul\u00e9e \u00e0 l&rsquo;int\u00e9rieur de la belle halle aux grains et tout autour du b\u00e2timent &hellip; <a href=\"https:\/\/lescheminsdemusarde.fr\/?p=5306\">Continuer la lecture <span class=\"meta-nav\">&rarr;<\/span><\/a><\/p>\n","protected":false},"author":1,"featured_media":0,"comment_status":"closed","ping_status":"closed","sticky":false,"template":"","format":"standard","meta":{"_exactmetrics_skip_tracking":false,"_exactmetrics_sitenote_active":false,"_exactmetrics_sitenote_note":"","_exactmetrics_sitenote_category":0,"footnotes":""},"categories":[1],"tags":[],"class_list":["post-5306","post","type-post","status-publish","format-standard","hentry","category-divers"],"_links":{"self":[{"href":"https:\/\/lescheminsdemusarde.fr\/index.php?rest_route=\/wp\/v2\/posts\/5306","targetHints":{"allow":["GET"]}}],"collection":[{"href":"https:\/\/lescheminsdemusarde.fr\/index.php?rest_route=\/wp\/v2\/posts"}],"about":[{"href":"https:\/\/lescheminsdemusarde.fr\/index.php?rest_route=\/wp\/v2\/types\/post"}],"author":[{"embeddable":true,"href":"https:\/\/lescheminsdemusarde.fr\/index.php?rest_route=\/wp\/v2\/users\/1"}],"replies":[{"embeddable":true,"href":"https:\/\/lescheminsdemusarde.fr\/index.php?rest_route=%2Fwp%2Fv2%2Fcomments&post=5306"}],"version-history":[{"count":11,"href":"https:\/\/lescheminsdemusarde.fr\/index.php?rest_route=\/wp\/v2\/posts\/5306\/revisions"}],"predecessor-version":[{"id":5390,"href":"https:\/\/lescheminsdemusarde.fr\/index.php?rest_route=\/wp\/v2\/posts\/5306\/revisions\/5390"}],"wp:attachment":[{"href":"https:\/\/lescheminsdemusarde.fr\/index.php?rest_route=%2Fwp%2Fv2%2Fmedia&parent=5306"}],"wp:term":[{"taxonomy":"category","embeddable":true,"href":"https:\/\/lescheminsdemusarde.fr\/index.php?rest_route=%2Fwp%2Fv2%2Fcategories&post=5306"},{"taxonomy":"post_tag","embeddable":true,"href":"https:\/\/lescheminsdemusarde.fr\/index.php?rest_route=%2Fwp%2Fv2%2Ftags&post=5306"}],"curies":[{"name":"wp","href":"https:\/\/api.w.org\/{rel}","templated":true}]}}