{"id":5322,"date":"2018-07-08T17:44:46","date_gmt":"2018-07-08T16:44:46","guid":{"rendered":"http:\/\/lescheminsdemusarde.fr\/?p=5322"},"modified":"2018-08-01T07:06:49","modified_gmt":"2018-08-01T06:06:49","slug":"rencontre-amicale","status":"publish","type":"post","link":"https:\/\/lescheminsdemusarde.fr\/?p=5322","title":{"rendered":"Rencontre amicale"},"content":{"rendered":"<h4>Ce week-end est \u00e0 marquer \u00e0 la rubrique des souvenirs agr\u00e9ables&#8230;<\/h4>\n<h4><img loading=\"lazy\" decoding=\"async\" class=\"size-thumbnail wp-image-5314 alignleft\" src=\"https:\/\/lescheminsdemusarde.fr\/wp-content\/uploads\/2018\/07\/20180708_083152-150x150.jpg\" alt=\"\" width=\"150\" height=\"150\" \/>J&rsquo;ai eu le privil\u00e8ge de recevoir chez moi l&rsquo;ami Jean-Yves M., Pr\u00e9sident de l&rsquo;excellente Amicale des Randonneurs Cyclo-touristes (ARC) Picto-Charentais.\u00a0 Il m&rsquo;a rejoint le samedi soir 7 juillet 2018 \u00e0 la 1\u00e8re f\u00eate de l&rsquo;\u00e9co-mobilit\u00e9 organis\u00e9e sous la halle de Mer (41) et il avait tr\u00e8s chaud &#8230;<\/h4>\n<p><!--more--><\/p>\n<h4>Jean-Yves, tout proche de la retraite au 1er septembre prochain, effectue un voyage itin\u00e9rant \u00e0 bicyclette avec pour th\u00e8me les vignobles en R\u00e9gion Centre-Val de Loire&#8230; Tout un programme, du Sancerrois \u00e0 la Touraine en passant par Quincy, Reuilly, Mennetou-Salon, Orl\u00e9anais, Mesland, Cheverny et Cour-Cheverny, en particulier.<\/h4>\n<h4>Apr\u00e8s le d\u00eener \u00e0 refaire le monde des randonneurs le samedi soir 7 juillet 2018, une bonne nuit r\u00e9paratrice, nous sommes partis \u00e0 bicyclette le dimanche 8 juillet, dans une fraicheur toute relative, sur un itin\u00e9raire improvis\u00e9 par Jean-Pierre l&rsquo;accueillant.<\/h4>\n<h4><img loading=\"lazy\" decoding=\"async\" class=\"alignright size-thumbnail wp-image-5315\" src=\"https:\/\/lescheminsdemusarde.fr\/wp-content\/uploads\/2018\/07\/20180708_100858-150x150.jpg\" alt=\"\" width=\"150\" height=\"150\" \/>On a pu visiter la belle Sologne au soleil montant par de petites routes sympathiques, l&rsquo;\u00e9tang de Beaumont haut lieu de la biodiversit\u00e9 des \u00e9tangs de Sologne, prendre une bonne bi\u00e8re (Belge !) du c\u00f4t\u00e9 de Neung-sur-Beuvron o\u00f9 Jean-Pierre a retrouv\u00e9 un bon copain cyclo-touriste Michel A. en sortie du dimanche matin.<\/h4>\n<h4>A l&rsquo;approche de Marcilly-en-Gault (41), les amis se sont s\u00e9par\u00e9s en se jurant des retrouvailles \u00e0 venir&#8230;\u00a0 Jean-Pierre de revenir \u00e0 Mer seul sous une forte chaleur 35\u00b0.<\/h4>\n<h4>Et, Jean-Yves de rouler vers un rendez-vous \u00e0 La Fert\u00e9-Imbault (41) et le tr\u00e8s beau mus\u00e9e de la bicyclette d&rsquo;antan d&rsquo;Alain C. avant de rejoindre Vierzon&#8230;<\/h4>\n<h4>Content de ces moments d&rsquo;Amiti\u00e9 !<\/h4>\n<h1><a href=\"https:\/\/lescheminsdemusarde.fr\/?p=5380#more-5380\"><span style=\"color: #ff0000;\">IL Y A UNE SUITE ICI &#8230;<\/span><\/a><\/h1>\n","protected":false},"excerpt":{"rendered":"<p>Ce week-end est \u00e0 marquer \u00e0 la rubrique des souvenirs agr\u00e9ables&#8230; J&rsquo;ai eu le privil\u00e8ge de recevoir chez moi l&rsquo;ami Jean-Yves M., Pr\u00e9sident de l&rsquo;excellente Amicale des Randonneurs Cyclo-touristes (ARC) Picto-Charentais.\u00a0 Il m&rsquo;a rejoint le samedi soir 7 juillet 2018 &hellip; <a href=\"https:\/\/lescheminsdemusarde.fr\/?p=5322\">Continuer la lecture <span class=\"meta-nav\">&rarr;<\/span><\/a><\/p>\n","protected":false},"author":1,"featured_media":0,"comment_status":"closed","ping_status":"closed","sticky":false,"template":"","format":"standard","meta":{"_exactmetrics_skip_tracking":false,"_exactmetrics_sitenote_active":false,"_exactmetrics_sitenote_note":"","_exactmetrics_sitenote_category":0,"footnotes":""},"categories":[3,2],"tags":[],"class_list":["post-5322","post","type-post","status-publish","format-standard","hentry","category-bicyclette","category-randonnees-voyages"],"_links":{"self":[{"href":"https:\/\/lescheminsdemusarde.fr\/index.php?rest_route=\/wp\/v2\/posts\/5322","targetHints":{"allow":["GET"]}}],"collection":[{"href":"https:\/\/lescheminsdemusarde.fr\/index.php?rest_route=\/wp\/v2\/posts"}],"about":[{"href":"https:\/\/lescheminsdemusarde.fr\/index.php?rest_route=\/wp\/v2\/types\/post"}],"author":[{"embeddable":true,"href":"https:\/\/lescheminsdemusarde.fr\/index.php?rest_route=\/wp\/v2\/users\/1"}],"replies":[{"embeddable":true,"href":"https:\/\/lescheminsdemusarde.fr\/index.php?rest_route=%2Fwp%2Fv2%2Fcomments&post=5322"}],"version-history":[{"count":17,"href":"https:\/\/lescheminsdemusarde.fr\/index.php?rest_route=\/wp\/v2\/posts\/5322\/revisions"}],"predecessor-version":[{"id":5441,"href":"https:\/\/lescheminsdemusarde.fr\/index.php?rest_route=\/wp\/v2\/posts\/5322\/revisions\/5441"}],"wp:attachment":[{"href":"https:\/\/lescheminsdemusarde.fr\/index.php?rest_route=%2Fwp%2Fv2%2Fmedia&parent=5322"}],"wp:term":[{"taxonomy":"category","embeddable":true,"href":"https:\/\/lescheminsdemusarde.fr\/index.php?rest_route=%2Fwp%2Fv2%2Fcategories&post=5322"},{"taxonomy":"post_tag","embeddable":true,"href":"https:\/\/lescheminsdemusarde.fr\/index.php?rest_route=%2Fwp%2Fv2%2Ftags&post=5322"}],"curies":[{"name":"wp","href":"https:\/\/api.w.org\/{rel}","templated":true}]}}