{"id":5476,"date":"2018-08-09T06:19:20","date_gmt":"2018-08-09T05:19:20","guid":{"rendered":"http:\/\/lescheminsdemusarde.fr\/?p=5476"},"modified":"2018-08-09T19:01:38","modified_gmt":"2018-08-09T18:01:38","slug":"blois-begon-randonnee-et-sa-journee-pique-nique","status":"publish","type":"post","link":"https:\/\/lescheminsdemusarde.fr\/?p=5476","title":{"rendered":"Blois B\u00e9gon Randonn\u00e9e en journ\u00e9e rando-pique-nique"},"content":{"rendered":"<h4><img loading=\"lazy\" decoding=\"async\" class=\"alignleft wp-image-5483 size-thumbnail\" src=\"https:\/\/lescheminsdemusarde.fr\/wp-content\/uploads\/2018\/08\/0006-150x150.jpg\" alt=\"\" width=\"150\" height=\"150\" \/>Un signe de l&rsquo;amie \u00c9veline il y a quelques temps et me voici engag\u00e9 dans l&rsquo;organisation de la journ\u00e9e pique-nique de mon club de randonn\u00e9e p\u00e9destre : Blois B\u00e9gon Randonn\u00e9e. \u00c9veline avait choisi l&rsquo;\u00e9tang de Montpercher pour cette journ\u00e9e et, de ce fait, j&rsquo;\u00e9tais associ\u00e9 \u00e0 l&rsquo;organisation, comme par hasard&#8230; car habitu\u00e9 des lieux !<\/h4>\n<p><!--more--><\/p>\n<h4>Avec un itin\u00e9raire matinal de 13 km \u00e0 travers bois, donc \u00e0 l&rsquo;ombre, via le GR 31, les participants se sont retrouv\u00e9s pour le pique-nique \u00e0 proximit\u00e9 de l&rsquo;\u00e9tang de Montpercher. La naissance de la petite Lou fut f\u00eat\u00e9e dignement par les grands-parents avant de passer aux agapes joyeuses comme \u00e0 l&rsquo;habitude en ce lieu.<\/h4>\n<h4>Divers produits ont \u00e9t\u00e9 go\u00fbt\u00e9s, confectionn\u00e9s par les mains d\u00e9vou\u00e9es et de qualit\u00e9 de nos randonneuses (Merci \u00e0 elles). Nous avons pass\u00e9 l\u00e0 un excellent moment de convivialit\u00e9 qui fait honneur \u00e0 notre club, l&rsquo;ambiance \u00e9tait au beau fixe et certains ont m\u00eame racont\u00e9 des histoires dr\u00f4les &#8230; !<\/h4>\n<h4><img loading=\"lazy\" decoding=\"async\" class=\"alignright size-thumbnail wp-image-5488\" src=\"https:\/\/lescheminsdemusarde.fr\/wp-content\/uploads\/2018\/08\/00011-150x150.jpg\" alt=\"\" width=\"150\" height=\"150\" \/>Apr\u00e8s ce pique-nique d&rsquo;enfer, il a bien fallu dig\u00e9rer quelque peu et l&rsquo;organisation de proposer une nouvelle balade en sous-bois qui a conduit tout ce petit monde via l&rsquo;all\u00e9e de la biche, la maison foresti\u00e8re de la Bicheti\u00e8re, avant de revenir \u00e0 l&rsquo;\u00e9tang et d&rsquo;en admirer l&rsquo;environnement apr\u00e8s 6 km d&rsquo;une balade digestive mais n\u00e9cessaire.<\/h4>\n<h4>La s\u00e9paration fut difficile apr\u00e8s une telle journ\u00e9e et les conversations ont continu\u00e9 sur le parking sans doute \u00e0 refaire le monde de la rando&#8230;<\/h4>\n<h4>A l&rsquo;ann\u00e9e prochaine les copains &#8230; Si vous le souhaitez, on reviendra \u00e0 Montpercher &#8230;<\/h4>\n<h1><a href=\"https:\/\/lescheminsdemusarde.fr\/?p=5491#more-5491\"><span style=\"color: #ff0000;\">LES PHOTOS SONT ICI &#8230;<\/span><\/a><\/h1>\n","protected":false},"excerpt":{"rendered":"<p>Un signe de l&rsquo;amie \u00c9veline il y a quelques temps et me voici engag\u00e9 dans l&rsquo;organisation de la journ\u00e9e pique-nique de mon club de randonn\u00e9e p\u00e9destre : Blois B\u00e9gon Randonn\u00e9e. \u00c9veline avait choisi l&rsquo;\u00e9tang de Montpercher pour cette journ\u00e9e et, &hellip; <a href=\"https:\/\/lescheminsdemusarde.fr\/?p=5476\">Continuer la lecture <span class=\"meta-nav\">&rarr;<\/span><\/a><\/p>\n","protected":false},"author":1,"featured_media":0,"comment_status":"closed","ping_status":"closed","sticky":false,"template":"","format":"standard","meta":{"_exactmetrics_skip_tracking":false,"_exactmetrics_sitenote_active":false,"_exactmetrics_sitenote_note":"","_exactmetrics_sitenote_category":0,"footnotes":""},"categories":[4,2],"tags":[],"class_list":["post-5476","post","type-post","status-publish","format-standard","hentry","category-pedestre","category-randonnees-voyages"],"_links":{"self":[{"href":"https:\/\/lescheminsdemusarde.fr\/index.php?rest_route=\/wp\/v2\/posts\/5476","targetHints":{"allow":["GET"]}}],"collection":[{"href":"https:\/\/lescheminsdemusarde.fr\/index.php?rest_route=\/wp\/v2\/posts"}],"about":[{"href":"https:\/\/lescheminsdemusarde.fr\/index.php?rest_route=\/wp\/v2\/types\/post"}],"author":[{"embeddable":true,"href":"https:\/\/lescheminsdemusarde.fr\/index.php?rest_route=\/wp\/v2\/users\/1"}],"replies":[{"embeddable":true,"href":"https:\/\/lescheminsdemusarde.fr\/index.php?rest_route=%2Fwp%2Fv2%2Fcomments&post=5476"}],"version-history":[{"count":10,"href":"https:\/\/lescheminsdemusarde.fr\/index.php?rest_route=\/wp\/v2\/posts\/5476\/revisions"}],"predecessor-version":[{"id":5516,"href":"https:\/\/lescheminsdemusarde.fr\/index.php?rest_route=\/wp\/v2\/posts\/5476\/revisions\/5516"}],"wp:attachment":[{"href":"https:\/\/lescheminsdemusarde.fr\/index.php?rest_route=%2Fwp%2Fv2%2Fmedia&parent=5476"}],"wp:term":[{"taxonomy":"category","embeddable":true,"href":"https:\/\/lescheminsdemusarde.fr\/index.php?rest_route=%2Fwp%2Fv2%2Fcategories&post=5476"},{"taxonomy":"post_tag","embeddable":true,"href":"https:\/\/lescheminsdemusarde.fr\/index.php?rest_route=%2Fwp%2Fv2%2Ftags&post=5476"}],"curies":[{"name":"wp","href":"https:\/\/api.w.org\/{rel}","templated":true}]}}