{"id":5563,"date":"2018-08-17T05:27:07","date_gmt":"2018-08-17T04:27:07","guid":{"rendered":"http:\/\/lescheminsdemusarde.fr\/?p=5563"},"modified":"2018-08-17T05:36:46","modified_gmt":"2018-08-17T04:36:46","slug":"obligation-du-port-du-casque-la-fausse-bonne-reponse","status":"publish","type":"post","link":"https:\/\/lescheminsdemusarde.fr\/?p=5563","title":{"rendered":"Obligation du port du casque, la fausse bonne r\u00e9ponse"},"content":{"rendered":"<header class=\"theHeader\">\n<div class=\"theTitle\">\n<div class=\"inner\">\n<h4 class=\"title\">Un article repris du site internet https:\/\/www.weelz.fr\/fr\/obligation-port-casque-velo-fausse-bonne-reponse\/<\/h4>\n<h4 class=\"date\" title=\"Cet article a \u00e9t\u00e9 publi\u00e9 le mercredi 15 ao\u00fbt 2018 \u00e0 10:00\">15 ao\u00fbt 2018 par <a href=\"https:\/\/www.weelz.fr\/fr\/author\/admin\/\">Xavier CADEAU<img loading=\"lazy\" decoding=\"async\" class=\"aligncenter wp-image-11421 size-large\" src=\"http:\/\/www.weelz.fr\/fr\/wp-content\/uploads\/2017\/06\/Weelz-Cycliste-Urbain-Paris-79-1248x832.jpg\" sizes=\"auto, (max-width: 1248px) 100vw, 1248px\" srcset=\"https:\/\/www.weelz.fr\/fr\/wp-content\/uploads\/2017\/06\/Weelz-Cycliste-Urbain-Paris-79.jpg 1248w, https:\/\/www.weelz.fr\/fr\/wp-content\/uploads\/2017\/06\/Weelz-Cycliste-Urbain-Paris-79-210x140.jpg 210w, https:\/\/www.weelz.fr\/fr\/wp-content\/uploads\/2017\/06\/Weelz-Cycliste-Urbain-Paris-79-330x220.jpg 330w, https:\/\/www.weelz.fr\/fr\/wp-content\/uploads\/2017\/06\/Weelz-Cycliste-Urbain-Paris-79-200x133.jpg 200w, https:\/\/www.weelz.fr\/fr\/wp-content\/uploads\/2017\/06\/Weelz-Cycliste-Urbain-Paris-79-800x533.jpg 800w, https:\/\/www.weelz.fr\/fr\/wp-content\/uploads\/2017\/06\/Weelz-Cycliste-Urbain-Paris-79-600x400.jpg 600w, https:\/\/www.weelz.fr\/fr\/wp-content\/uploads\/2017\/06\/Weelz-Cycliste-Urbain-Paris-79-400x267.jpg 400w\" alt=\"\" width=\"1248\" height=\"832\" data-attachment-id=\"11421\" data-permalink=\"https:\/\/www.weelz.fr\/fr\/weelz-cycliste-urbain-paris-79\/\" data-orig-file=\"https:\/\/www.weelz.fr\/fr\/wp-content\/uploads\/2017\/06\/Weelz-Cycliste-Urbain-Paris-79.jpg\" data-orig-size=\"1248,832\" data-comments-opened=\"1\" data-image-meta=\"{&quot;aperture&quot;:&quot;8&quot;,&quot;credit&quot;:&quot;cateau&quot;,&quot;camera&quot;:&quot;Canon EOS 600D&quot;,&quot;caption&quot;:&quot;&quot;,&quot;created_timestamp&quot;:&quot;1494611092&quot;,&quot;copyright&quot;:&quot;&quot;,&quot;focal_length&quot;:&quot;50&quot;,&quot;iso&quot;:&quot;100&quot;,&quot;shutter_speed&quot;:&quot;0.016666666666667&quot;,&quot;title&quot;:&quot;&quot;,&quot;orientation&quot;:&quot;0&quot;}\" data-image-title=\"Weelz-Cycliste-Urbain-Paris-79\" data-image-description=\"\" data-medium-file=\"https:\/\/www.weelz.fr\/fr\/wp-content\/uploads\/2017\/06\/Weelz-Cycliste-Urbain-Paris-79-330x220.jpg\" data-large-file=\"https:\/\/www.weelz.fr\/fr\/wp-content\/uploads\/2017\/06\/Weelz-Cycliste-Urbain-Paris-79-1248x832.jpg\" data-wp-pid=\"14044\" \/><\/a><\/h4>\n<h4 class=\"date\" title=\"Cet article a \u00e9t\u00e9 publi\u00e9 le mercredi 15 ao\u00fbt 2018 \u00e0 10:00\"><a href=\"https:\/\/www.weelz.fr\/fr\/author\/admin\/\">La derni\u00e8re fois que cela est arriv\u00e9 c&rsquo;\u00e9tait en 2016, puis, plus en arri\u00e8re, en 2013. Voil\u00e0 un d\u00e9bat qui semble se r\u00e9p\u00e9ter de mani\u00e8re cyclique. Ce d\u00e9bat, c&rsquo;est la question sur l&rsquo;<strong>obligation du port du casque<\/strong> pour les cyclistes.<\/a><\/h4>\n<\/div>\n<\/div>\n<\/header>\n<p><!--more--><\/p>\n<h4>Apr\u00e8s un <a href=\"https:\/\/www.weelz.fr\/fr\/port-casque-velo-obligation-senateur\/\">s\u00e9nateur de l&rsquo;Eure<\/a>, voici une d\u00e9put\u00e9e \u00ab\u00a0Nouvelle Gauche\u00a0\u00bb de Sa\u00f4ne-et-Loire, madame <strong>C\u00e9cile Untermaier<\/strong>, qui remet le couvert via une <a href=\"http:\/\/www.cecileuntermaier.fr\/questions-ecrites\/\">question pos\u00e9e<\/a> au minist\u00e8re des Transports. Une question publi\u00e9e au Journal Officiel le 17 juillet 2018 et que @EmmanuelSPV signale sur Twitter.<\/h4>\n<h4 dir=\"ltr\" lang=\"fr\">Revoil\u00e0 une question de d\u00e9put\u00e9e sur le casque <a href=\"https:\/\/twitter.com\/oschneider_fub?ref_src=twsrc%5Etfw\">@oschneider_fub<\/a> \u00ab\u00a0Alors qu&rsquo;un plan v\u00e9lo est attendu \u00e0 la rentr\u00e9e dans le cadre de la future loi d&rsquo;orientation des mobilit\u00e9s, celui-ci serait l&rsquo;occasion de rendre obligatoire le port du casque \u00e0 v\u00e9lo.\u00a0\u00bb <a href=\"https:\/\/t.co\/sLgHrKUGKn\">pic.twitter.com\/sLgHrKUGKn<\/a><\/h4>\n<h4>Selon elle, \u00ab\u00a0<em>l&rsquo;efficacit\u00e9 du port du casque ne fait plus aucun doute<\/em>\u00a0\u00bb et il faudrait profiter du futur \u00ab\u00a0<a href=\"http:\/\/www.weelz.fr\/fr\/plan-velo-reporte-pas-en-arriere-etat\/\"><em>plan v\u00e9lo<\/em><\/a>\u00a0\u00bb dans le cadre de la loi d&rsquo;orientation des mobilit\u00e9s, de rendre celui-ci obligatoire pour tous les cyclistes.<\/h4>\n<h4>Pour \u00e9tayer ses propos, elle cite une \u00e9tude parue en 2017, r\u00e9alis\u00e9e par deux \u00e9pid\u00e9miologistes de l&rsquo;Universit\u00e9 de Nouvelle-Galles du Sud en Australie. Un \u00e9tat australien qui a justement instaur\u00e9 depuis de nombreuses ann\u00e9es une loi qui impose le port du casque \u00e0 v\u00e9lo.<\/h4>\n<h4>Diminution de l&rsquo;usage du v\u00e9lo<\/h4>\n<h4>Il est vrai que si l&rsquo;on ne regarde que les faits et surtout uniquement les chiffres, oui, on ne peut que constater une baisse des blessures \u00e0 la t\u00eate lors d&rsquo;un accident impliquant un cycliste. Mais ce type de mesure a malheureusement un autre effet beaucoup plus n\u00e9gatif\u2026<\/h4>\n<h4><span class=\"extrait \">\u00ab\u00a0le port du casque renforcent l&rsquo;id\u00e9e que le cyclisme n&rsquo;est pas un moyen pour se d\u00e9placer au quotidien\u00a0\u00bb<\/span> En 1993, la Nouvelle-Galles du Sud a command\u00e9 une \u00e9tude pour voir si une nouvelle loi sur le port du casque par les enfants augmentait l&rsquo;usage du casque. Ce fut le cas. Mais les chercheurs ont \u00e9galement constat\u00e9 une diminution de 30 % des enfants se rendant \u00e0 l&rsquo;\u00e9cole \u00e0 v\u00e9lo ! En Nouvelle-Z\u00e9lande, o\u00f9 la contrainte du port du casque a \u00e9t\u00e9 introduite d\u00e8s 1994, le nombre total de trajets \u00e0 v\u00e9lo a chut\u00e9 de 51 % entre 1989-1990 et 2003-2006.<\/h4>\n<h4>Les raisons sont mixtes : certaines personnes ne veulent tout simplement pas s&#8217;emb\u00eater avec un casque. Pour d&rsquo;autres, les lois sur le port du casque renforcent l&rsquo;id\u00e9e que le v\u00e9lo n&rsquo;est pas un moyen pour se d\u00e9placer au quotidien, mais plut\u00f4t une activit\u00e9 sp\u00e9cialis\u00e9e n\u00e9cessitant un \u00e9quipement sp\u00e9cial de s\u00e9curit\u00e9.<\/h4>\n<h4><span class=\"ctaText\">\u00c0 lire<\/span>\u00a0 <span class=\"postTitle\">Plan v\u00e9lo national, envoi une carte postale \u00e0 ton \u00e9lu !<\/span><\/h4>\n<h4>Et si une loi signifie moins de cyclistes, elle pourrait aussi avoir un effet inverse de \u00ab\u00a0s\u00e9curit\u00e9 par le nombre\u00a0\u00bb : Moins de cyclistes sur la route pourrait exposer ceux qui restent \u00e0 un risque plus individuel. En d&rsquo;autres termes si l&rsquo;on souhaite plus de s\u00e9curit\u00e9 pour les cyclistes, celle-ci ne peut arriver que s&rsquo;il y a un nombre cons\u00e9quent de cyclistes dans nos rues, et plus il y aura de cyclistes moins il y aura d&rsquo;accident.<\/h4>\n<h4><span class=\"extrait centrer\">\u00ab\u00a0les b\u00e9n\u00e9fices sanitaires li\u00e9s \u00e0 la pratique du v\u00e9lo en ville sont largement sup\u00e9rieurs aux risques associ\u00e9s\u00a0\u00bb<\/span><\/h4>\n<h4>Madame la d\u00e9put\u00e9e, si vous \u00eates une adepte des chiffres, nous vous conseillons la lecture de <a href=\"https:\/\/www.weelz.fr\/fr\/etude-velo-ville-bon-sante\/\">cette \u00e9tude<\/a>, qui elle est europ\u00e9enne. Elle a \u00e9t\u00e9 r\u00e9alis\u00e9e par un groupe de recherche, le consortium TAPAS (<em>Transportation, Air pollution and Physical ActivitieS<\/em>).<\/h4>\n<h4>Les r\u00e9sultats d\u00e9montr\u00e9s par cette \u00e9tude sont tr\u00e8s clairs. Malgr\u00e9 le risque d&rsquo;accident accru d\u00fb \u00e0 la vitesse des v\u00e9hicules motoris\u00e9s, malgr\u00e9 l&rsquo;augmentation de l&rsquo;inhalation de polluants atmosph\u00e9riques (<em>toujours d\u00fb aux v\u00e9hicules motoris\u00e9s<\/em>), les b\u00e9n\u00e9fices sanitaires li\u00e9s \u00e0 la pratique du v\u00e9lo en ville sont largement sup\u00e9rieurs aux risques associ\u00e9s.<\/h4>\n<h4>R\u00e9ponse liberticide, d\u00e9responsabilisante et s\u00e9curitaire<\/h4>\n<h4>M\u00eame la FUB, la principale association fran\u00e7aise des usagers de la bicyclette, est <a href=\"http:\/\/www.fubicy.org\/IMG\/pdf\/fub_dossiercasqvlo.pdf\">f\u00e9rocement oppos\u00e9e<\/a> \u00e0 toute l\u00e9gislation qui tendrait \u00e0 rendre obligatoire le port du casque \u00e0 v\u00e9lo.<\/h4>\n<h4>Ce type de mesure est contre-productif et demeure une tr\u00e8s mauvaise r\u00e9ponse au probl\u00e8me de l&rsquo;ins\u00e9curit\u00e9 des cyclistes en milieu urbain, car elle va dissuader au d\u00e9placement \u00e0 v\u00e9lo, alors m\u00eame qu&rsquo;il faut au contraire encourager ce mode de transport. C&rsquo;est une r\u00e9ponse liberticide, d\u00e9responsabilisante et s\u00e9curitaire.<\/h4>\n<h4>Renforcer la s\u00e9curit\u00e9 des cyclistes, ce n&rsquo;est pas tous les forcer \u00e0 porter un casque, c&rsquo;est avant tout <a href=\"http:\/\/www.weelz.fr\/fr\/partager-la-route-contrainte-voiture-moto-velo\/\">diminuer la vitesse<\/a> des v\u00e9hicules motoris\u00e9s en ville, c&rsquo;est prendre des mesures pour <a href=\"https:\/\/www.weelz.fr\/fr\/vehicules-thermiques-diesel-3-semaines-esperance-de-vie-supplementaires\/\">am\u00e9liorer la qualit\u00e9 de l&rsquo;air<\/a>, c&rsquo;est r\u00e9aliser <a href=\"http:\/\/www.weelz.fr\/fr\/appel-pnue-onu-piste-cyclable\/\">des infrastructures cyclables qualitatives<\/a>, c&rsquo;est favoriser les modes de d\u00e9placements actifs (<em>marche, v\u00e9lo, trottinettes\u2026<\/em>), c&rsquo;est <a href=\"http:\/\/www.weelz.fr\/fr\/france-difficulte-voyager-train-velo-multimodalite\/\">encourager la multimodalit\u00e9<\/a> (<em>train+v\u00e9lo<\/em>), c&rsquo;est tout simplement <strong>adapter l&rsquo;espace public \u00e0 l&rsquo;usage du v\u00e9lo<\/strong>.<\/h4>\n","protected":false},"excerpt":{"rendered":"<p>Un article repris du site internet https:\/\/www.weelz.fr\/fr\/obligation-port-casque-velo-fausse-bonne-reponse\/ 15 ao\u00fbt 2018 par Xavier CADEAU La derni\u00e8re fois que cela est arriv\u00e9 c&rsquo;\u00e9tait en 2016, puis, plus en arri\u00e8re, en 2013. Voil\u00e0 un d\u00e9bat qui semble se r\u00e9p\u00e9ter de mani\u00e8re cyclique. Ce &hellip; <a href=\"https:\/\/lescheminsdemusarde.fr\/?p=5563\">Continuer la lecture <span class=\"meta-nav\">&rarr;<\/span><\/a><\/p>\n","protected":false},"author":1,"featured_media":0,"comment_status":"closed","ping_status":"closed","sticky":false,"template":"","format":"standard","meta":{"_exactmetrics_skip_tracking":false,"_exactmetrics_sitenote_active":false,"_exactmetrics_sitenote_note":"","_exactmetrics_sitenote_category":0,"footnotes":""},"categories":[1],"tags":[],"class_list":["post-5563","post","type-post","status-publish","format-standard","hentry","category-divers"],"_links":{"self":[{"href":"https:\/\/lescheminsdemusarde.fr\/index.php?rest_route=\/wp\/v2\/posts\/5563","targetHints":{"allow":["GET"]}}],"collection":[{"href":"https:\/\/lescheminsdemusarde.fr\/index.php?rest_route=\/wp\/v2\/posts"}],"about":[{"href":"https:\/\/lescheminsdemusarde.fr\/index.php?rest_route=\/wp\/v2\/types\/post"}],"author":[{"embeddable":true,"href":"https:\/\/lescheminsdemusarde.fr\/index.php?rest_route=\/wp\/v2\/users\/1"}],"replies":[{"embeddable":true,"href":"https:\/\/lescheminsdemusarde.fr\/index.php?rest_route=%2Fwp%2Fv2%2Fcomments&post=5563"}],"version-history":[{"count":3,"href":"https:\/\/lescheminsdemusarde.fr\/index.php?rest_route=\/wp\/v2\/posts\/5563\/revisions"}],"predecessor-version":[{"id":5571,"href":"https:\/\/lescheminsdemusarde.fr\/index.php?rest_route=\/wp\/v2\/posts\/5563\/revisions\/5571"}],"wp:attachment":[{"href":"https:\/\/lescheminsdemusarde.fr\/index.php?rest_route=%2Fwp%2Fv2%2Fmedia&parent=5563"}],"wp:term":[{"taxonomy":"category","embeddable":true,"href":"https:\/\/lescheminsdemusarde.fr\/index.php?rest_route=%2Fwp%2Fv2%2Fcategories&post=5563"},{"taxonomy":"post_tag","embeddable":true,"href":"https:\/\/lescheminsdemusarde.fr\/index.php?rest_route=%2Fwp%2Fv2%2Ftags&post=5563"}],"curies":[{"name":"wp","href":"https:\/\/api.w.org\/{rel}","templated":true}]}}