{"id":5728,"date":"2018-09-27T07:52:34","date_gmt":"2018-09-27T06:52:34","guid":{"rendered":"http:\/\/lescheminsdemusarde.fr\/?p=5728"},"modified":"2018-11-27T07:07:46","modified_gmt":"2018-11-27T06:07:46","slug":"une-solitude-heureuse-sur-le-gr-34","status":"publish","type":"post","link":"https:\/\/lescheminsdemusarde.fr\/?p=5728","title":{"rendered":"Une solitude heureuse sur le GR 34"},"content":{"rendered":"<h4><img loading=\"lazy\" decoding=\"async\" class=\"alignleft wp-image-5716 size-thumbnail\" src=\"https:\/\/lescheminsdemusarde.fr\/wp-content\/uploads\/2018\/09\/DSCN3865-Copie-150x150.jpg\" alt=\"\" width=\"150\" height=\"150\" \/>En ce mois de septembre 2018, j&rsquo;avais d\u00e9cid\u00e9, curieux que je suis, de faire voyager mon sac \u00e0 dos, seul \u00e0 pied, sur le GR 34, le chemin des douaniers en Finist\u00e8re Nord d\u00e9sign\u00e9 en 2017 \u00ab\u00a0Plus beau GR de France\u00a0\u00bb.<\/h4>\n<p><!--more--><\/p>\n<h4>Je posais mon fourgon au camping des 4 saisons \u00e0 Roscoff &#8211; 29 &#8211; pour la semaine avec quelques escapades afin de rejoindre un point de d\u00e9part diff\u00e9rent de jour en jour. Par chance, la m\u00e9t\u00e9o a \u00e9t\u00e9 tr\u00e8s acceptable sauf le dimanche matin 23 septembre o\u00f9 un crachin me rappela que j&rsquo;\u00e9tais bien en Pays Breton.<\/h4>\n<h4><img loading=\"lazy\" decoding=\"async\" class=\"alignright size-thumbnail wp-image-5706\" src=\"https:\/\/lescheminsdemusarde.fr\/wp-content\/uploads\/2018\/09\/20180920_144544-Copie-150x150.jpg\" alt=\"\" width=\"150\" height=\"150\" \/>J&rsquo;ai commenc\u00e9 mon p\u00e9riple en allant visiter l&rsquo;\u00eele de Batz. Les randonneurs, en descendant du bateau, sont tous partis en suivant le chemin orient\u00e9 comme les aiguilles d&rsquo;une montre et moi, toujours rebelle, j&rsquo;ai visit\u00e9 l&rsquo;\u00eele dans l&rsquo;autre sens&#8230; Bien m&rsquo;en a pris pour la tranquillit\u00e9 !<\/h4>\n<h4>J&rsquo;y ai pris beaucoup de plaisir pour cette premi\u00e8re journ\u00e9e, loin de tous les \u00ab\u00a0emp\u00eacheurs de tourner en rond\u00a0\u00bb&#8230;\u00a0 J&rsquo;ai m\u00eame pris mon pied !<\/h4>\n<h4><img loading=\"lazy\" decoding=\"async\" class=\"alignleft wp-image-5724 size-thumbnail\" src=\"https:\/\/lescheminsdemusarde.fr\/wp-content\/uploads\/2018\/09\/DSCN3849-Copie-150x150.jpg\" alt=\"\" width=\"150\" height=\"150\" \/>Ensuite, au fil des jours, je suis all\u00e9 de d\u00e9couverte en d\u00e9couverte, de Roscoff une jolie ville, du GR 34 vers Saint-Pol-de-L\u00e9on, Carentec, Morlaix mais aussi vers Santec et Plougoulm c\u00f4t\u00e9 Ouest. J&rsquo;ai rencontr\u00e9 et parl\u00e9 avec des randonneurs heureux de suivre un tel chemin de Grande Randonn\u00e9e m\u00eame si, par endroits, les chiens sont nombreux et les ma\u00eetres pas tr\u00e8s \u00e9duqu\u00e9s&#8230; Attention o\u00f9 vous mettez vos pas surtout du c\u00f4t\u00e9 de Santec !<\/h4>\n<h4>Bref, une belle semaine de balades \u00e0 pied : 102 km au compteur en 5 randonn\u00e9es !<\/h4>\n<h4>Je reviendrai sur le chemin des douaniers&#8230;<\/h4>\n<h1><a href=\"https:\/\/lescheminsdemusarde.fr\/?p=5726#more-5726\"><span style=\"color: #ff0000;\">LES PHOTOS SONT ICI&#8230;<\/span><\/a><\/h1>\n","protected":false},"excerpt":{"rendered":"<p>En ce mois de septembre 2018, j&rsquo;avais d\u00e9cid\u00e9, curieux que je suis, de faire voyager mon sac \u00e0 dos, seul \u00e0 pied, sur le GR 34, le chemin des douaniers en Finist\u00e8re Nord d\u00e9sign\u00e9 en 2017 \u00ab\u00a0Plus beau GR de &hellip; <a href=\"https:\/\/lescheminsdemusarde.fr\/?p=5728\">Continuer la lecture <span class=\"meta-nav\">&rarr;<\/span><\/a><\/p>\n","protected":false},"author":1,"featured_media":0,"comment_status":"closed","ping_status":"closed","sticky":false,"template":"","format":"standard","meta":{"_exactmetrics_skip_tracking":false,"_exactmetrics_sitenote_active":false,"_exactmetrics_sitenote_note":"","_exactmetrics_sitenote_category":0,"footnotes":""},"categories":[4,2],"tags":[],"class_list":["post-5728","post","type-post","status-publish","format-standard","hentry","category-pedestre","category-randonnees-voyages"],"_links":{"self":[{"href":"https:\/\/lescheminsdemusarde.fr\/index.php?rest_route=\/wp\/v2\/posts\/5728","targetHints":{"allow":["GET"]}}],"collection":[{"href":"https:\/\/lescheminsdemusarde.fr\/index.php?rest_route=\/wp\/v2\/posts"}],"about":[{"href":"https:\/\/lescheminsdemusarde.fr\/index.php?rest_route=\/wp\/v2\/types\/post"}],"author":[{"embeddable":true,"href":"https:\/\/lescheminsdemusarde.fr\/index.php?rest_route=\/wp\/v2\/users\/1"}],"replies":[{"embeddable":true,"href":"https:\/\/lescheminsdemusarde.fr\/index.php?rest_route=%2Fwp%2Fv2%2Fcomments&post=5728"}],"version-history":[{"count":13,"href":"https:\/\/lescheminsdemusarde.fr\/index.php?rest_route=\/wp\/v2\/posts\/5728\/revisions"}],"predecessor-version":[{"id":6109,"href":"https:\/\/lescheminsdemusarde.fr\/index.php?rest_route=\/wp\/v2\/posts\/5728\/revisions\/6109"}],"wp:attachment":[{"href":"https:\/\/lescheminsdemusarde.fr\/index.php?rest_route=%2Fwp%2Fv2%2Fmedia&parent=5728"}],"wp:term":[{"taxonomy":"category","embeddable":true,"href":"https:\/\/lescheminsdemusarde.fr\/index.php?rest_route=%2Fwp%2Fv2%2Fcategories&post=5728"},{"taxonomy":"post_tag","embeddable":true,"href":"https:\/\/lescheminsdemusarde.fr\/index.php?rest_route=%2Fwp%2Fv2%2Ftags&post=5728"}],"curies":[{"name":"wp","href":"https:\/\/api.w.org\/{rel}","templated":true}]}}