{"id":606,"date":"2014-12-10T15:25:08","date_gmt":"2014-12-10T15:25:08","guid":{"rendered":"http:\/\/lescheminsdemusarde.fr\/?p=606"},"modified":"2014-12-11T07:03:11","modified_gmt":"2014-12-11T07:03:11","slug":"lamicale-des-randonneurs-cyclo-touristes-en-loir-et-cher","status":"publish","type":"post","link":"https:\/\/lescheminsdemusarde.fr\/?p=606","title":{"rendered":"L&rsquo;Amicale des Randonneurs Cyclo-touristes en Loir-et-Cher&#8230;"},"content":{"rendered":"<h4 style=\"text-align: justify;\">L&rsquo;Amicale des Randonneurs Cyclo-touristes a d\u00e9laiss\u00e9 la bicyclette en ces temps de froidure hivernale pour se retrouver, en Loir-et-Cher, du c\u00f4t\u00e9 de Oisly, pour une d\u00e9couverte de la proche vall\u00e9e du Cher. C&rsquo;est \u00e0 l&rsquo;initiative de Luc et Marie-Claude, que cette \u00ab\u00a0\u00e9chauffour\u00e9e\u00a0\u00bb, comme nous appelons malicieusement nos organisations, a \u00e9t\u00e9 mise sur pied de mani\u00e8re tr\u00e8s conviviale&#8230; comme d&rsquo;habitude !<\/h4>\n<p><!--more--><\/p>\n<h4 style=\"text-align: justify;\">C&rsquo;est au g\u00eete de La Presle Verte \u00e0 Oisly, en Loir-et-Cher, qu&rsquo;une vingtaine d&rsquo;Amicalistes Randonneurs Cyclo-touristes s&rsquo;est retrouv\u00e9e en ce week-end des 6 et 7 d\u00e9cembre afin de cl\u00f4turer de belle fa\u00e7on cette ann\u00e9e 2014&#8230;<\/h4>\n<h4 style=\"text-align: justify;\"><a href=\"https:\/\/lescheminsdemusarde.fr\/wp-content\/uploads\/2014\/12\/Pin-Pon-.jpg\"><img loading=\"lazy\" decoding=\"async\" class=\"alignleft size-thumbnail wp-image-619\" src=\"https:\/\/lescheminsdemusarde.fr\/wp-content\/uploads\/2014\/12\/Pin-Pon--150x150.jpg\" alt=\"Pin Pon !\" width=\"150\" height=\"150\" \/><\/a>Le samedi a \u00e9t\u00e9 consacr\u00e9 \u00e0 une visite d\u00e9taill\u00e9e de la jolie petite ville de Montrichard avec ses rues \u00e9troites, ses vieilles maisons, son donjon et son superbe mus\u00e9e du poids lourd. Pour finir cette journ\u00e9e, une visite au ch\u00e2teau du Gu\u00e9-P\u00e9an \u00e0 Monthou-sur-Cher a permis la r\u00e9alisation de belles photos au soleil couchant.<\/h4>\n<h4 style=\"text-align: justify;\">Le buffet du samedi soir a \u00e9t\u00e9 \u00ab\u00a0royal\u00a0\u00bb avec les victuailles apport\u00e9es par chacun. La veill\u00e9e s&rsquo;est faite au coin de la chemin\u00e9e avec comme sujets incontournables \u00ab\u00a0sauver le Randonneur et le cyclo-tourisme fran\u00e7ais\u00a0\u00bb&#8230; La nuit a \u00e9t\u00e9 de courte dur\u00e9e !<\/h4>\n<h4 style=\"text-align: justify;\">Le dimanche, apr\u00e8s avoir rejoint la petite ville de Saint-Aignan-sur-Cher, sa rivi\u00e8re, son ch\u00e2teau et sa coll\u00e9giale embrum\u00e9s, une randonn\u00e9e p\u00e9destre nous a permis d&rsquo;aller \u00e0 la rencontre de l&rsquo;ancien camp am\u00e9ricain de Noyers-sur-Cher (1917-1919) et ses graffitis, du canal de Berry et ses coches, des coteaux avec leurs loges de vignes et leurs caves&#8230;<\/h4>\n<h4 style=\"text-align: justify;\">Un superbe week-end d&rsquo;amiti\u00e9 \u00e0 l&rsquo;organisation quasi parfaite. Grand Merci \u00e0 Marie-Claude et Luc.<\/h4>\n<h4 style=\"text-align: justify;\"><a title=\"Les photos sont ICI...\" href=\"https:\/\/lescheminsdemusarde.fr\/?p=625#more-625\">Les photos sont ICI&#8230;<\/a><\/h4>\n<h4>Sign\u00e9 : pedibuscyclus.<\/h4>\n","protected":false},"excerpt":{"rendered":"<p>L&rsquo;Amicale des Randonneurs Cyclo-touristes a d\u00e9laiss\u00e9 la bicyclette en ces temps de froidure hivernale pour se retrouver, en Loir-et-Cher, du c\u00f4t\u00e9 de Oisly, pour une d\u00e9couverte de la proche vall\u00e9e du Cher. C&rsquo;est \u00e0 l&rsquo;initiative de Luc et Marie-Claude, que &hellip; <a href=\"https:\/\/lescheminsdemusarde.fr\/?p=606\">Continuer la lecture <span class=\"meta-nav\">&rarr;<\/span><\/a><\/p>\n","protected":false},"author":1,"featured_media":0,"comment_status":"open","ping_status":"closed","sticky":false,"template":"","format":"standard","meta":{"_exactmetrics_skip_tracking":false,"_exactmetrics_sitenote_active":false,"_exactmetrics_sitenote_note":"","_exactmetrics_sitenote_category":0,"footnotes":""},"categories":[3,2],"tags":[],"class_list":["post-606","post","type-post","status-publish","format-standard","hentry","category-bicyclette","category-randonnees-voyages"],"_links":{"self":[{"href":"https:\/\/lescheminsdemusarde.fr\/index.php?rest_route=\/wp\/v2\/posts\/606","targetHints":{"allow":["GET"]}}],"collection":[{"href":"https:\/\/lescheminsdemusarde.fr\/index.php?rest_route=\/wp\/v2\/posts"}],"about":[{"href":"https:\/\/lescheminsdemusarde.fr\/index.php?rest_route=\/wp\/v2\/types\/post"}],"author":[{"embeddable":true,"href":"https:\/\/lescheminsdemusarde.fr\/index.php?rest_route=\/wp\/v2\/users\/1"}],"replies":[{"embeddable":true,"href":"https:\/\/lescheminsdemusarde.fr\/index.php?rest_route=%2Fwp%2Fv2%2Fcomments&post=606"}],"version-history":[{"count":12,"href":"https:\/\/lescheminsdemusarde.fr\/index.php?rest_route=\/wp\/v2\/posts\/606\/revisions"}],"predecessor-version":[{"id":648,"href":"https:\/\/lescheminsdemusarde.fr\/index.php?rest_route=\/wp\/v2\/posts\/606\/revisions\/648"}],"wp:attachment":[{"href":"https:\/\/lescheminsdemusarde.fr\/index.php?rest_route=%2Fwp%2Fv2%2Fmedia&parent=606"}],"wp:term":[{"taxonomy":"category","embeddable":true,"href":"https:\/\/lescheminsdemusarde.fr\/index.php?rest_route=%2Fwp%2Fv2%2Fcategories&post=606"},{"taxonomy":"post_tag","embeddable":true,"href":"https:\/\/lescheminsdemusarde.fr\/index.php?rest_route=%2Fwp%2Fv2%2Ftags&post=606"}],"curies":[{"name":"wp","href":"https:\/\/api.w.org\/{rel}","templated":true}]}}