{"id":6063,"date":"2018-11-20T10:04:38","date_gmt":"2018-11-20T09:04:38","guid":{"rendered":"http:\/\/lescheminsdemusarde.fr\/?p=6063"},"modified":"2018-11-20T10:16:02","modified_gmt":"2018-11-20T09:16:02","slug":"le-casque-velo-est-il-dangereux","status":"publish","type":"post","link":"https:\/\/lescheminsdemusarde.fr\/?p=6063","title":{"rendered":"Le casque v\u00e9lo est-il dangereux ?"},"content":{"rendered":"<figure class=\"featured-image\"><a title=\"Le casque v\u00e9lo est-il dangereux?\" href=\"http:\/\/carfree.fr\/index.php\/2018\/11\/20\/le-casque-velo-est-il-dangereux\/\"> <img loading=\"lazy\" decoding=\"async\" class=\"attachment-featured size-featured wp-post-image\" src=\"http:\/\/carfree.fr\/img\/2018\/11\/casque-velo-600x324.jpg\" alt=\"\" width=\"600\" height=\"324\" \/> <\/a><\/figure>\n<div class=\"entry-container\">\n<header class=\"entry-header\">\n<h1 class=\"entry-title\"><a title=\"Permalink to Le casque v\u00e9lo est-il dangereux?\" href=\"http:\/\/carfree.fr\/index.php\/2018\/11\/20\/le-casque-velo-est-il-dangereux\/\" rel=\"bookmark\">Le casque v\u00e9lo est-il dangereux ?<\/a><\/h1>\n<h4 class=\"entry-meta\"><span class=\"on-date\">Repris du site internet www.carfree.fr<\/span><\/h4>\n<h4 class=\"entry-meta\"><span class=\"on-date\">Publi\u00e9 le <a title=\"9:53\" href=\"http:\/\/carfree.fr\/index.php\/2018\/11\/20\/le-casque-velo-est-il-dangereux\/\" rel=\"bookmark\"><time class=\"entry-date\" datetime=\"2018-11-20T09:53:08+00:00\">20 novembre 2018<\/time><\/a><\/span><span class=\"by-author\"> par V\u00e9love<\/span><span class=\"date\"><br \/>\n<\/span><\/h4>\n<\/header>\n<h4>La science confirme aujourd\u2019hui que les automobilistes fr\u00f4lent de plus pr\u00e8s les cyclistes qui portent un casque v\u00e9lo. Porter un casque v\u00e9lo peut d\u00e8s lors \u00eatre un facteur aggrav\u00e9 de collision avec une voiture. <span id=\"more-41397\"><\/span><\/h4>\n<\/div>\n<h4><!--more--><\/h4>\n<h4>D\u00e8s 2014, nous en parlions dans un article devenu \u00ab\u00a0c\u00e9l\u00e8bre\u00a0\u00bb (plus de 50.000 vues!) intitul\u00e9 \u00ab\u00a0<a href=\"http:\/\/carfree.fr\/index.php\/2014\/05\/08\/pour-en-finir-avec-le-casque-velo\/\" target=\"_blank\" rel=\"noopener\">Pour en finir avec le casque v\u00e9lo<\/a>\u00ab\u00a0: \u00ab\u00a0<em>le casque v\u00e9lo envoie un mauvais signal aux automobilistes: il leur fait croire que le cycliste est prot\u00e9g\u00e9, ce qui rel\u00e2che leur vigilance et peut les amener par exemple \u00e0 moins respecter la distance minimale entre le cycliste et leur voiture ou \u00e0 ne pas limiter assez leur vitesse \u00e0 l\u2019approche d\u2019un cycliste<\/em>.\u00a0\u00bb<\/h4>\n<h4>En effet, il semble bien que les automobilistes respectent moins les distances de s\u00e9curit\u00e9 avec les cyclistes portant un casque v\u00e9lo, confirme un article publi\u00e9 aujourd\u2019hui par le psychologue britannique Ian Walker et la statisticienne australienne Dorothy Robinson.<\/h4>\n<h4>Dans son \u00e9tude, le Dr Walker a utilis\u00e9 un v\u00e9lo \u00e9quip\u00e9 d\u2019une cam\u00e9ra et d\u2019un appareil de mesure de distance. Il a enregistr\u00e9 les donn\u00e9es de 2 500 conducteurs qui l\u2019ont crois\u00e9 sur les routes \u00e0 proximit\u00e9 de son lieu de travail, l\u2019Universit\u00e9 de Bath. La moiti\u00e9 du temps, il portait un casque v\u00e9lo et l\u2019autre moiti\u00e9, non. Les r\u00e9sultats ont montr\u00e9 que les automobilistes avaient tendance \u00e0 le d\u00e9passer de plus pr\u00e8s lorsqu\u2019il portait un casque. De tels d\u00e9passements dangereux peuvent conduire \u00e0 des collisions, des collisions qui peuvent entra\u00eener des blessures et la mort \u2013 et pas \u00e0 ceux qui sont coupables de ces d\u00e9passements dangereux.<\/h4>\n<h4>Walker a sugg\u00e9r\u00e9 que les conducteurs croient que les cyclistes qui portent un casque sont plus s\u00e9rieux, plus exp\u00e9riment\u00e9s et plus pr\u00e9visibles que ceux qui n\u2019en portent pas et que, par cons\u00e9quent, les automobilistes les d\u00e9passent avec moins de prudence. Les conducteurs peuvent aussi supposer \u00e0 tort que les casques v\u00e9lo \u2013 habituellement faits de polystyr\u00e8ne expans\u00e9 \u2013 sont des formes d\u2019armure qui prot\u00e8gent les cyclistes en cas d\u2019impact avec un v\u00e9hicule automobile. Les casques de v\u00e9lo ne sont pas con\u00e7us pour de telles collisions (ils ne prot\u00e8gent m\u00eame pas contre les commotions c\u00e9r\u00e9brales).<\/h4>\n<h4>Walker estime que le port d\u2019un \u00ab\u00a0\u00e9quipement de protection individuelle\u00a0\u00bb (EPI) est l\u2019option la moins efficace pour faire face aux dangers potentiels, l\u2019EPI \u00ab\u00a0<em>ne doit \u00eatre utilis\u00e9 qu\u2019une fois que les efforts pour neutraliser le danger par \u00e9limination, substitution, ing\u00e9nierie et contr\u00f4les administratifs ont \u00e9chou\u00e9<\/em>\u00ab\u00a0. Il pr\u00e9f\u00e8re l\u2019approche hollandaise : s\u00e9parer les automobilistes et les cyclistes. Des pistes cyclables plut\u00f4t que des casques. (Les cyclistes n\u00e9erlandais, dans l\u2019ensemble, ne portent pas de casque lorsqu\u2019ils font du v\u00e9lo, et pourtant il n\u2019y a pas d\u2019\u00e9pid\u00e9mie de traumatismes cr\u00e2niens aux Pays-Bas).<\/h4>\n<h4>D\u2019autres universitaires sont d\u2019accord. Dans un article publi\u00e9 en 2012, le Dr Harry Rutter, \u00e9pid\u00e9miologiste sp\u00e9cialis\u00e9 dans l\u2019activit\u00e9 physique, affirmait que \u00ab\u00a0<em>la plupart des risques de blessures graves \u00e0 v\u00e9lo ne sont pas intrins\u00e8ques \u00e0 l\u2019activit\u00e9 \u2013 les automobilistes les imposent aux cyclistes<\/em>\u00ab\u00a0.<\/h4>\n<h4>Sign\u00e9 : V\u00e9love<\/h4>\n<h4>Source: <a href=\"https:\/\/www.forbes.com\/sites\/carltonreid\/2018\/11\/14\/motorists-punish-helmet-wearing-cyclists-with-close-passes-confirms-data-recrunch\/#4b0f3ca24859\" target=\"_blank\" rel=\"noopener\">https:\/\/www.forbes.com\/sites\/carltonreid\/2018\/11\/14\/motorists-punish-helmet-wearing-cyclists-with-close-passes-confirms-data-recrunch\/#4b0f3ca24859<\/a><\/h4>\n","protected":false},"excerpt":{"rendered":"<p>Le casque v\u00e9lo est-il dangereux ? Repris du site internet www.carfree.fr Publi\u00e9 le 20 novembre 2018 par V\u00e9love La science confirme aujourd\u2019hui que les automobilistes fr\u00f4lent de plus pr\u00e8s les cyclistes qui portent un casque v\u00e9lo. Porter un casque v\u00e9lo &hellip; <a href=\"https:\/\/lescheminsdemusarde.fr\/?p=6063\">Continuer la lecture <span class=\"meta-nav\">&rarr;<\/span><\/a><\/p>\n","protected":false},"author":1,"featured_media":0,"comment_status":"closed","ping_status":"closed","sticky":false,"template":"","format":"standard","meta":{"_exactmetrics_skip_tracking":false,"_exactmetrics_sitenote_active":false,"_exactmetrics_sitenote_note":"","_exactmetrics_sitenote_category":0,"footnotes":""},"categories":[1],"tags":[],"class_list":["post-6063","post","type-post","status-publish","format-standard","hentry","category-divers"],"_links":{"self":[{"href":"https:\/\/lescheminsdemusarde.fr\/index.php?rest_route=\/wp\/v2\/posts\/6063","targetHints":{"allow":["GET"]}}],"collection":[{"href":"https:\/\/lescheminsdemusarde.fr\/index.php?rest_route=\/wp\/v2\/posts"}],"about":[{"href":"https:\/\/lescheminsdemusarde.fr\/index.php?rest_route=\/wp\/v2\/types\/post"}],"author":[{"embeddable":true,"href":"https:\/\/lescheminsdemusarde.fr\/index.php?rest_route=\/wp\/v2\/users\/1"}],"replies":[{"embeddable":true,"href":"https:\/\/lescheminsdemusarde.fr\/index.php?rest_route=%2Fwp%2Fv2%2Fcomments&post=6063"}],"version-history":[{"count":6,"href":"https:\/\/lescheminsdemusarde.fr\/index.php?rest_route=\/wp\/v2\/posts\/6063\/revisions"}],"predecessor-version":[{"id":6072,"href":"https:\/\/lescheminsdemusarde.fr\/index.php?rest_route=\/wp\/v2\/posts\/6063\/revisions\/6072"}],"wp:attachment":[{"href":"https:\/\/lescheminsdemusarde.fr\/index.php?rest_route=%2Fwp%2Fv2%2Fmedia&parent=6063"}],"wp:term":[{"taxonomy":"category","embeddable":true,"href":"https:\/\/lescheminsdemusarde.fr\/index.php?rest_route=%2Fwp%2Fv2%2Fcategories&post=6063"},{"taxonomy":"post_tag","embeddable":true,"href":"https:\/\/lescheminsdemusarde.fr\/index.php?rest_route=%2Fwp%2Fv2%2Ftags&post=6063"}],"curies":[{"name":"wp","href":"https:\/\/api.w.org\/{rel}","templated":true}]}}