{"id":615,"date":"2014-12-08T15:23:45","date_gmt":"2014-12-08T15:23:45","guid":{"rendered":"http:\/\/lescheminsdemusarde.fr\/?p=615"},"modified":"2014-12-08T15:27:19","modified_gmt":"2014-12-08T15:27:19","slug":"vers-des-amendes-speciales-pour-les-cyclistes","status":"publish","type":"post","link":"https:\/\/lescheminsdemusarde.fr\/?p=615","title":{"rendered":"Vers des amendes sp\u00e9ciales pour les cyclistes&#8230;"},"content":{"rendered":"<h4 class=\"copy-paste-block\"><em><strong>Un article repris ce jour du site internet du Monde&#8230;<\/strong><\/em><\/h4>\n<h4 class=\"bloc_signature\" style=\"text-align: justify;\"><span id=\"publisher\" data-source=\"Le Monde.fr avec AFP\">http:\/\/www.lemonde.fr\/m-perso\/article\/2014\/12\/08\/vers-des-amendes-speciales-pour-les-cyclistes_4536669_4497916.html<\/span><\/h4>\n<h4 class=\"bloc_signature\" style=\"text-align: justify;\"><span id=\"publisher\" data-source=\"Le Monde.fr avec AFP\">Le Monde.fr avec AFP<\/span> | <time datetime=\"2014-12-08T16:12:30+01:00\">08.12.2014 \u00e0 16h12<\/time><\/h4>\n<div id=\"articleBody\" class=\"contenu_article js_article_body\" style=\"text-align: justify;\">\n<h4 class=\"chapo\">Le Conseil national de la s\u00e9curit\u00e9 routi\u00e8re pr\u00e9conise d&rsquo;introduire de nouvelles amendes \u00ab\u00a0adapt\u00e9es\u00a0\u00bb \u00e0 la circulation \u00e0 v\u00e9lo, test\u00e9es depuis 2012 \u00e0 Strasbourg.<\/h4>\n<figure class=\"illustration_haut   \"><img loading=\"lazy\" decoding=\"async\" class=\"lazy-retina\" title=\"AFP\/JEAN-PHILIPPE KSIAZEK\" src=\"http:\/\/s2.lemde.fr\/image\/2014\/12\/08\/534x267\/4536707_3_d498_le-conseil-national-de-la-securite-routiere_a5d49f00620054dac9d1dea14d09946a.jpg\" alt=\"Le Conseil national de la s\u00e9curit\u00e9 routi\u00e8re pr\u00e9conise d'introduire de nouvelles amendes \u00ab adapt\u00e9es \u00bb aux v\u00e9los.\" width=\"534\" height=\"267\" data-lazyload=\"false\" \/><\/figure>\n<h3 class=\"taille_courante\">Les cyclistes ignorant le code de la route pourraient <a class=\"lien_interne conjug\" title=\"Conjugaison du verbe \u00eatre\" href=\"http:\/\/conjugaison.lemonde.fr\/conjugaison\/auxiliaire\/%C3%AAtre\" target=\"_blank\">\u00eatre<\/a> vis\u00e9s par de nouvelles amendes <em>\u00ab\u00a0adapt\u00e9es\u00a0\u00bb<\/em> \u00e0 la circulation \u00e0 v\u00e9lo. C&rsquo;est en tout cas ce que pr\u00e9conise, lundi 8 d\u00e9cembre, le Conseil national de la <a class=\"lien_interne rub\" title=\"Toute l\u2019actualit\u00e9 s\u00e9curit\u00e9 routi\u00e8re\" href=\"http:\/\/www.lemonde.fr\/securite-routiere\/\">s\u00e9curit\u00e9 routi\u00e8re<\/a> (CNSR), qui avance les bons r\u00e9sultats de ces mesures test\u00e9es dans la communaut\u00e9 urbaine de <a class=\"lien_interne rub\" title=\"Toute l\u2019actualit\u00e9 Strasbourg\" href=\"http:\/\/www.lemonde.fr\/strasbourg\/\">Strasbourg<\/a>.<\/h3>\n<\/div>\n<p><!--more--><\/p>\n<h4 style=\"text-align: justify;\">\u00a0<em>\u00ab\u00a0Ce dispositif a permis plus de verbalisations par les forces de l&rsquo;ordre (&#8230;) et une baisse sensible des accidents, de plus de 30 %, ce qui n&rsquo;est pas un pourcentage faible\u00a0\u00bb<\/em>, a soulign\u00e9 le pr\u00e9sident de la commission deux-roues du CNSR, Christian Jacquot.<\/h4>\n<h4 style=\"text-align: justify;\">Depuis 2012, un syst\u00e8me d&rsquo;<em>\u00ab\u00a0amendes adapt\u00e9es\u00a0\u00bb<\/em> en vigueur dans la pr\u00e9fecture alsacienne fixe des p\u00e9nalit\u00e9s de quatri\u00e8me cat\u00e9gorie divis\u00e9es par deux (45,60 euros contre 90 euros pour un automobiliste) pour un certain nombre d&rsquo;infractions comme la circulation en sens interdit, l&rsquo;inobservation de l&rsquo;arr\u00eat \u00e0 un panneau \u00ab\u00a0stop\u00a0\u00bb ou \u00e0 un feu rouge, les refus de priorit\u00e9 et l&rsquo;usage du t\u00e9l\u00e9phone tenu en main.<\/h4>\n<h4 class=\"lire\" style=\"text-align: justify;\">Lire notre reportage : <a href=\"http:\/\/www.lemonde.fr\/mobilite\/article\/2012\/11\/01\/les-velos-ne-sont-plus-les-rois-a-strasbourg_1784467_1653095.html\">Les v\u00e9los ne sont plus les rois \u00e0 Strasbourg<\/a><\/h4>\n<h4 style=\"text-align: justify;\"><strong>AUCUNE VALEUR CONTRAIGNANTE<\/strong><\/h4>\n<h4 style=\"text-align: justify;\">Il ne s&rsquo;agit que de pr\u00e9conisations, qui n&rsquo;ont aucune valeur contraignante, et sur lesquelles le gouvernement n&rsquo;a pas statu\u00e9. D&rsquo;autant que cette diff\u00e9renciation du prix des amendes pourrait <a class=\"lien_interne conjug\" title=\"Conjugaison du verbe poser\" href=\"http:\/\/conjugaison.lemonde.fr\/conjugaison\/premier-groupe\/poser\" target=\"_blank\">poser<\/a> un probl\u00e8me d&rsquo;<em>\u00ab\u00a0\u00e9galit\u00e9 devant la loi\u00a0\u00bb<\/em>. Il reste une <em>\u00ab\u00a0expertise juridique \u00e0 faire\u00a0\u00bb<\/em> avec le minist\u00e8re de la <a class=\"lien_interne rub\" title=\"Toute l\u2019actualit\u00e9 justice\" href=\"http:\/\/www.lemonde.fr\/justice\/\">justice<\/a>, souligne le d\u00e9l\u00e9gu\u00e9 interminist\u00e9riel \u00e0 la s\u00e9curit\u00e9 routi\u00e8re, Jean-Robert Lopez, qui s&rsquo;est abstenu lors du vote de cette recommandation.<\/h4>\n<h4 style=\"text-align: justify;\">Les membres du CNSR ont \u00e9galement vot\u00e9 favorablement pour l&rsquo;\u00e9largissement \u00e0 d&rsquo;autres villes de la pratique des <em>\u00ab\u00a0espaces mixtes pi\u00e9tons-cyclistes\u00a0\u00bb<\/em> sur les trottoirs, sans d\u00e9limitation entre les deux cat\u00e9gories d&rsquo;usagers. <em>\u00ab\u00a0Il est pr\u00e9f\u00e9rable de <a class=\"lien_interne conjug\" title=\"Conjugaison du verbe partager\" href=\"http:\/\/conjugaison.lemonde.fr\/conjugaison\/premier-groupe\/partager\" target=\"_blank\">partager<\/a> l&rsquo;espace entre pi\u00e9tons et cyclistes plut\u00f4t que celui entre cyclistes et v\u00e9hicules \u00e0 moteur pour des raisons \u00e9videntes de rapport de forces \u00bb<\/em>, a expliqu\u00e9 M. Jacquot.<\/h4>\n<h4 style=\"text-align: justify;\">Le CNSR a \u00e9galement vot\u00e9 un renforcement de la promotion du port du casque pour les cyclistes, mais sans obligation r\u00e9glementaire, qui <em>\u00ab\u00a0serait de nature \u00e0 <a class=\"lien_interne conjug\" title=\"Conjugaison du verbe r\u00e9duire\" href=\"http:\/\/conjugaison.lemonde.fr\/conjugaison\/troisieme-groupe\/r%C3%A9duire\" target=\"_blank\">r\u00e9duire<\/a> l&rsquo;usage du v\u00e9lo\u00a0\u00bb<\/em>.<\/h4>\n<h4 style=\"text-align: justify;\">Les cyclistes repr\u00e9sentent 5 % des morts sur les routes et 15 % des bless\u00e9s graves, selon les donn\u00e9es de l&rsquo;Institut fran\u00e7ais des <a class=\"lien_interne rub\" title=\"Toute l\u2019actualit\u00e9 sciences\" href=\"http:\/\/www.lemonde.fr\/sciences\/\">sciences<\/a> et <a class=\"lien_interne rub\" title=\"Toute l\u2019actualit\u00e9 technologies\" href=\"http:\/\/www.lemonde.fr\/technologies\/\">technologies<\/a> des <a class=\"lien_interne rub\" title=\"Toute l\u2019actualit\u00e9 transports\" href=\"http:\/\/www.lemonde.fr\/transports\/\">transports<\/a>, de l&rsquo;am\u00e9nagement et des r\u00e9seaux. La mortalit\u00e9 des cyclistes a moins diminu\u00e9 entre 2000 et 2010 que la moyenne de l&rsquo;ensemble des usagers et \u00e9tait en 2013 au m\u00eame niveau qu&rsquo;en 2010.<\/h4>\n<h4 style=\"text-align: justify;\">En savoir plus sur http:\/\/www.lemonde.fr\/m-perso\/article\/2014\/12\/08\/vers-des-amendes-speciales-pour-les-cyclistes_4536669_4497916.html#wqOr3ksdQiXOapfY.99<\/h4>\n","protected":false},"excerpt":{"rendered":"<p>Un article repris ce jour du site internet du Monde&#8230; http:\/\/www.lemonde.fr\/m-perso\/article\/2014\/12\/08\/vers-des-amendes-speciales-pour-les-cyclistes_4536669_4497916.html Le Monde.fr avec AFP | 08.12.2014 \u00e0 16h12 Le Conseil national de la s\u00e9curit\u00e9 routi\u00e8re pr\u00e9conise d&rsquo;introduire de nouvelles amendes \u00ab\u00a0adapt\u00e9es\u00a0\u00bb \u00e0 la circulation \u00e0 v\u00e9lo, test\u00e9es depuis 2012 &hellip; <a href=\"https:\/\/lescheminsdemusarde.fr\/?p=615\">Continuer la lecture <span class=\"meta-nav\">&rarr;<\/span><\/a><\/p>\n","protected":false},"author":1,"featured_media":0,"comment_status":"open","ping_status":"closed","sticky":false,"template":"","format":"standard","meta":{"_exactmetrics_skip_tracking":false,"_exactmetrics_sitenote_active":false,"_exactmetrics_sitenote_note":"","_exactmetrics_sitenote_category":0,"footnotes":""},"categories":[1],"tags":[],"class_list":["post-615","post","type-post","status-publish","format-standard","hentry","category-divers"],"_links":{"self":[{"href":"https:\/\/lescheminsdemusarde.fr\/index.php?rest_route=\/wp\/v2\/posts\/615","targetHints":{"allow":["GET"]}}],"collection":[{"href":"https:\/\/lescheminsdemusarde.fr\/index.php?rest_route=\/wp\/v2\/posts"}],"about":[{"href":"https:\/\/lescheminsdemusarde.fr\/index.php?rest_route=\/wp\/v2\/types\/post"}],"author":[{"embeddable":true,"href":"https:\/\/lescheminsdemusarde.fr\/index.php?rest_route=\/wp\/v2\/users\/1"}],"replies":[{"embeddable":true,"href":"https:\/\/lescheminsdemusarde.fr\/index.php?rest_route=%2Fwp%2Fv2%2Fcomments&post=615"}],"version-history":[{"count":3,"href":"https:\/\/lescheminsdemusarde.fr\/index.php?rest_route=\/wp\/v2\/posts\/615\/revisions"}],"predecessor-version":[{"id":618,"href":"https:\/\/lescheminsdemusarde.fr\/index.php?rest_route=\/wp\/v2\/posts\/615\/revisions\/618"}],"wp:attachment":[{"href":"https:\/\/lescheminsdemusarde.fr\/index.php?rest_route=%2Fwp%2Fv2%2Fmedia&parent=615"}],"wp:term":[{"taxonomy":"category","embeddable":true,"href":"https:\/\/lescheminsdemusarde.fr\/index.php?rest_route=%2Fwp%2Fv2%2Fcategories&post=615"},{"taxonomy":"post_tag","embeddable":true,"href":"https:\/\/lescheminsdemusarde.fr\/index.php?rest_route=%2Fwp%2Fv2%2Ftags&post=615"}],"curies":[{"name":"wp","href":"https:\/\/api.w.org\/{rel}","templated":true}]}}