{"id":6217,"date":"2018-12-27T12:10:13","date_gmt":"2018-12-27T11:10:13","guid":{"rendered":"http:\/\/lescheminsdemusarde.fr\/?p=6217"},"modified":"2019-02-13T07:07:32","modified_gmt":"2019-02-13T06:07:32","slug":"le-temps-est-venu-du-bilan-2018","status":"publish","type":"post","link":"https:\/\/lescheminsdemusarde.fr\/?p=6217","title":{"rendered":"Le temps est venu du bilan 2018&#8230;"},"content":{"rendered":"<h4><img loading=\"lazy\" decoding=\"async\" class=\"alignleft size-thumbnail wp-image-5999\" src=\"https:\/\/lescheminsdemusarde.fr\/wp-content\/uploads\/2018\/11\/0001-1-150x150.jpg\" alt=\"\" width=\"150\" height=\"150\" \/>Dans les derniers mois de l&rsquo;ann\u00e9e 2017, une page s&rsquo;est tourn\u00e9e pour moi de mani\u00e8re douloureuse et l&rsquo;ann\u00e9e 2018 a vu quelques chamboulements comme la fr\u00e9quentation des chemins \u00e0 pied devenir la plus importante activit\u00e9 de mes randonn\u00e9es.<br \/>J&rsquo;ai accompli pas mal de kilom\u00e8tres \u00e0 mettre un pied devant l&rsquo;autre avec, entre autre, deux belles balades sur une semaine chacune : en Aubrac au printemps et sur le chemin des douaniers du c\u00f4t\u00e9 du Nord Finist\u00e8re \u00e0 l&rsquo;automne o\u00f9 j&rsquo;ai appr\u00e9ci\u00e9 une solitude heureuse.<\/h4>\n<p><!--more--><\/p>\n<h4>Un bilan d\u00e9finitif de 4 500 km en randonn\u00e9e \u00e0 bicyclette en 2018 au lieu des 6 \u00e0 7 000 km habituels mais aussi 1 500 km \u00e0 pied de plaisir et, ajout\u00e9s \u00e0 ceux-la, plus de 1 500 km que j&rsquo;appellerai \u00ab\u00a0utilitaires\u00a0\u00bb.<\/h4>\n<h4>En cette ann\u00e9e 2018, j\u2019ai aussi aid\u00e9 \u00e0 la mise en place et j\u2019ai particip\u00e9 \u00e0 la vie d\u2019un groupe \u00ab\u00a0informel\u00a0\u00bb de randonneurs p\u00e9destres : Les Grolles MERoises (hors milieu associatif). <a href=\"https:\/\/lescheminsdemusarde.fr\/?page_id=2156\">https:\/\/lescheminsdemusarde.fr\/?page_id=2156<\/a> Une belle aventure d\u2019amiti\u00e9 entre copains.<\/h4>\n<h4>Une ann\u00e9e 2018 de transition avec, et peut-\u00eatre surtout, la pratique de la photographie lors de mes balades !<\/h4>\n<h4>Que sera 2019 ?<\/h4>\n<h4><img loading=\"lazy\" decoding=\"async\" class=\"size-thumbnail wp-image-5239 alignright\" src=\"https:\/\/lescheminsdemusarde.fr\/wp-content\/uploads\/2018\/06\/0001-2-150x150.jpg\" alt=\"\" width=\"150\" height=\"150\" \/>Mes choix seront, comme en 2018, entre randonn\u00e9es \u00e0 bicyclette avec les amis du Randonneur (<a href=\"https:\/\/www.le-randonneur.org\">https:\/\/www.le-randonneur.org<\/a>\/) et escapades p\u00e9destres avec, pour cette derni\u00e8re activit\u00e9, toujours des r\u00eaves \u00e0 r\u00e9aliser\u2026<\/h4>\n<h4>Pour l&rsquo;instant, je pr\u00e9pare avec f\u00e9brilit\u00e9 mon calendrier \u00e0 venir&#8230;<\/h4>\n<h4>Au plaisir de se croiser !<\/h4>\n<h4>Pedibuscyclus<\/h4>\n\n\n<p class=\"has-medium-font-size\"><\/p>\n","protected":false},"excerpt":{"rendered":"<p>Dans les derniers mois de l&rsquo;ann\u00e9e 2017, une page s&rsquo;est tourn\u00e9e pour moi de mani\u00e8re douloureuse et l&rsquo;ann\u00e9e 2018 a vu quelques chamboulements comme la fr\u00e9quentation des chemins \u00e0 pied devenir la plus importante activit\u00e9 de mes randonn\u00e9es.J&rsquo;ai accompli pas &hellip; <a href=\"https:\/\/lescheminsdemusarde.fr\/?p=6217\">Continuer la lecture <span class=\"meta-nav\">&rarr;<\/span><\/a><\/p>\n","protected":false},"author":1,"featured_media":0,"comment_status":"closed","ping_status":"closed","sticky":false,"template":"","format":"standard","meta":{"_exactmetrics_skip_tracking":false,"_exactmetrics_sitenote_active":false,"_exactmetrics_sitenote_note":"","_exactmetrics_sitenote_category":0,"footnotes":""},"categories":[3,4,2],"tags":[],"class_list":["post-6217","post","type-post","status-publish","format-standard","hentry","category-bicyclette","category-pedestre","category-randonnees-voyages"],"_links":{"self":[{"href":"https:\/\/lescheminsdemusarde.fr\/index.php?rest_route=\/wp\/v2\/posts\/6217","targetHints":{"allow":["GET"]}}],"collection":[{"href":"https:\/\/lescheminsdemusarde.fr\/index.php?rest_route=\/wp\/v2\/posts"}],"about":[{"href":"https:\/\/lescheminsdemusarde.fr\/index.php?rest_route=\/wp\/v2\/types\/post"}],"author":[{"embeddable":true,"href":"https:\/\/lescheminsdemusarde.fr\/index.php?rest_route=\/wp\/v2\/users\/1"}],"replies":[{"embeddable":true,"href":"https:\/\/lescheminsdemusarde.fr\/index.php?rest_route=%2Fwp%2Fv2%2Fcomments&post=6217"}],"version-history":[{"count":33,"href":"https:\/\/lescheminsdemusarde.fr\/index.php?rest_route=\/wp\/v2\/posts\/6217\/revisions"}],"predecessor-version":[{"id":6649,"href":"https:\/\/lescheminsdemusarde.fr\/index.php?rest_route=\/wp\/v2\/posts\/6217\/revisions\/6649"}],"wp:attachment":[{"href":"https:\/\/lescheminsdemusarde.fr\/index.php?rest_route=%2Fwp%2Fv2%2Fmedia&parent=6217"}],"wp:term":[{"taxonomy":"category","embeddable":true,"href":"https:\/\/lescheminsdemusarde.fr\/index.php?rest_route=%2Fwp%2Fv2%2Fcategories&post=6217"},{"taxonomy":"post_tag","embeddable":true,"href":"https:\/\/lescheminsdemusarde.fr\/index.php?rest_route=%2Fwp%2Fv2%2Ftags&post=6217"}],"curies":[{"name":"wp","href":"https:\/\/api.w.org\/{rel}","templated":true}]}}