{"id":625,"date":"2014-12-10T17:02:46","date_gmt":"2014-12-10T17:02:46","guid":{"rendered":"http:\/\/lescheminsdemusarde.fr\/?p=625"},"modified":"2014-12-12T08:19:58","modified_gmt":"2014-12-12T08:19:58","slug":"photos-lamicale-des-randonneurs-cyclo-touristes-en-loir-et-cher","status":"publish","type":"post","link":"https:\/\/lescheminsdemusarde.fr\/?p=625","title":{"rendered":"Photos : L\u2019Amicale des Randonneurs Cyclo-touristes en Loir-et-Cher\u2026"},"content":{"rendered":"<dl id=\"attachment_627\" class=\"wp-caption aligncenter\" style=\"width: 810px;\">\n<dt class=\"wp-caption-dt\">\n<dl id=\"attachment_626\" class=\"wp-caption aligncenter\" style=\"width: 810px;\">\n<dt class=\"wp-caption-dt\"><a href=\"https:\/\/lescheminsdemusarde.fr\/wp-content\/uploads\/2014\/12\/A-table-.jpg\"><img loading=\"lazy\" decoding=\"async\" class=\"wp-image-626 size-full\" src=\"https:\/\/lescheminsdemusarde.fr\/wp-content\/uploads\/2014\/12\/A-table-.jpg\" alt=\"A table !\" width=\"800\" height=\"600\" srcset=\"https:\/\/lescheminsdemusarde.fr\/wp-content\/uploads\/2014\/12\/A-table-.jpg 800w, https:\/\/lescheminsdemusarde.fr\/wp-content\/uploads\/2014\/12\/A-table--300x225.jpg 300w, https:\/\/lescheminsdemusarde.fr\/wp-content\/uploads\/2014\/12\/A-table--600x450.jpg 600w, https:\/\/lescheminsdemusarde.fr\/wp-content\/uploads\/2014\/12\/A-table--624x468.jpg 624w\" sizes=\"auto, (max-width: 800px) 100vw, 800px\" \/><\/a><\/dt>\n<dd class=\"wp-caption-dd\">\n<h3><em><strong>A table !<\/strong><\/em><!--more--><\/h3>\n<\/dd>\n<\/dl>\n<\/dt>\n<\/dl>\n<p><a href=\"https:\/\/lescheminsdemusarde.fr\/wp-content\/uploads\/2014\/12\/En-visite-\u00e0-Montrichard..jpg\"><img loading=\"lazy\" decoding=\"async\" class=\"wp-image-627 size-full\" src=\"https:\/\/lescheminsdemusarde.fr\/wp-content\/uploads\/2014\/12\/En-visite-\u00e0-Montrichard..jpg\" alt=\"En visite \u00e0 Montrichard.\" width=\"800\" height=\"600\" srcset=\"https:\/\/lescheminsdemusarde.fr\/wp-content\/uploads\/2014\/12\/En-visite-\u00e0-Montrichard..jpg 800w, https:\/\/lescheminsdemusarde.fr\/wp-content\/uploads\/2014\/12\/En-visite-\u00e0-Montrichard.-300x225.jpg 300w, https:\/\/lescheminsdemusarde.fr\/wp-content\/uploads\/2014\/12\/En-visite-\u00e0-Montrichard.-600x450.jpg 600w, https:\/\/lescheminsdemusarde.fr\/wp-content\/uploads\/2014\/12\/En-visite-\u00e0-Montrichard.-624x468.jpg 624w\" sizes=\"auto, (max-width: 800px) 100vw, 800px\" \/><\/a><strong>En visite \u00e0 Montrichard (41).<\/strong><\/p>\n<p class=\"mceTemp\"><a href=\"https:\/\/lescheminsdemusarde.fr\/wp-content\/uploads\/2014\/12\/Le-donjon-de-Montrichard..jpg\"><img loading=\"lazy\" decoding=\"async\" class=\"wp-image-628 size-full\" src=\"https:\/\/lescheminsdemusarde.fr\/wp-content\/uploads\/2014\/12\/Le-donjon-de-Montrichard..jpg\" alt=\"Le donjon de Montrichard.\" width=\"800\" height=\"600\" srcset=\"https:\/\/lescheminsdemusarde.fr\/wp-content\/uploads\/2014\/12\/Le-donjon-de-Montrichard..jpg 800w, https:\/\/lescheminsdemusarde.fr\/wp-content\/uploads\/2014\/12\/Le-donjon-de-Montrichard.-300x225.jpg 300w, https:\/\/lescheminsdemusarde.fr\/wp-content\/uploads\/2014\/12\/Le-donjon-de-Montrichard.-600x450.jpg 600w, https:\/\/lescheminsdemusarde.fr\/wp-content\/uploads\/2014\/12\/Le-donjon-de-Montrichard.-624x468.jpg 624w\" sizes=\"auto, (max-width: 800px) 100vw, 800px\" \/><\/a><strong>Le donjon de Montrichard (41).<\/strong><\/p>\n<p class=\"mceTemp\"><a href=\"https:\/\/lescheminsdemusarde.fr\/wp-content\/uploads\/2014\/12\/Pin-Pon-1.jpg\"><img loading=\"lazy\" decoding=\"async\" class=\"wp-image-629 size-full\" src=\"https:\/\/lescheminsdemusarde.fr\/wp-content\/uploads\/2014\/12\/Pin-Pon-1.jpg\" alt=\"Pin Pon !\" width=\"800\" height=\"600\" srcset=\"https:\/\/lescheminsdemusarde.fr\/wp-content\/uploads\/2014\/12\/Pin-Pon-1.jpg 800w, https:\/\/lescheminsdemusarde.fr\/wp-content\/uploads\/2014\/12\/Pin-Pon-1-300x225.jpg 300w, https:\/\/lescheminsdemusarde.fr\/wp-content\/uploads\/2014\/12\/Pin-Pon-1-600x450.jpg 600w, https:\/\/lescheminsdemusarde.fr\/wp-content\/uploads\/2014\/12\/Pin-Pon-1-624x468.jpg 624w\" sizes=\"auto, (max-width: 800px) 100vw, 800px\" \/><\/a><strong>Pin Pon ! Visite du superbe mus\u00e9e du Poids lourd \u00e0 Montrichard (41).<br \/>\n<\/strong><\/p>\n<p class=\"mceTemp\"><a href=\"https:\/\/lescheminsdemusarde.fr\/wp-content\/uploads\/2014\/12\/Le-Gu\u00e9-P\u00e9an-\u00e0-Monthou-sur-Cher.jpg\"><img loading=\"lazy\" decoding=\"async\" class=\"wp-image-630 size-full\" src=\"https:\/\/lescheminsdemusarde.fr\/wp-content\/uploads\/2014\/12\/Le-Gu\u00e9-P\u00e9an-\u00e0-Monthou-sur-Cher.jpg\" alt=\"Le Gu\u00e9-P\u00e9an \u00e0 Monthou-sur-Cher\" width=\"800\" height=\"478\" srcset=\"https:\/\/lescheminsdemusarde.fr\/wp-content\/uploads\/2014\/12\/Le-Gu\u00e9-P\u00e9an-\u00e0-Monthou-sur-Cher.jpg 800w, https:\/\/lescheminsdemusarde.fr\/wp-content\/uploads\/2014\/12\/Le-Gu\u00e9-P\u00e9an-\u00e0-Monthou-sur-Cher-300x179.jpg 300w, https:\/\/lescheminsdemusarde.fr\/wp-content\/uploads\/2014\/12\/Le-Gu\u00e9-P\u00e9an-\u00e0-Monthou-sur-Cher-600x358.jpg 600w, https:\/\/lescheminsdemusarde.fr\/wp-content\/uploads\/2014\/12\/Le-Gu\u00e9-P\u00e9an-\u00e0-Monthou-sur-Cher-624x372.jpg 624w\" sizes=\"auto, (max-width: 800px) 100vw, 800px\" \/><\/a><strong>Le Gu\u00e9-P\u00e9an \u00e0 Monthou-sur-Cher (41).<\/strong><\/p>\n<p class=\"mceTemp\"><a href=\"https:\/\/lescheminsdemusarde.fr\/wp-content\/uploads\/2014\/12\/O\u00f9-lai-je-mis.jpg\"><img loading=\"lazy\" decoding=\"async\" class=\"wp-image-631 size-full\" src=\"https:\/\/lescheminsdemusarde.fr\/wp-content\/uploads\/2014\/12\/O\u00f9-lai-je-mis.jpg\" alt=\"O\u00f9 l'ai-je mis\" width=\"800\" height=\"600\" srcset=\"https:\/\/lescheminsdemusarde.fr\/wp-content\/uploads\/2014\/12\/O\u00f9-lai-je-mis.jpg 800w, https:\/\/lescheminsdemusarde.fr\/wp-content\/uploads\/2014\/12\/O\u00f9-lai-je-mis-300x225.jpg 300w, https:\/\/lescheminsdemusarde.fr\/wp-content\/uploads\/2014\/12\/O\u00f9-lai-je-mis-600x450.jpg 600w, https:\/\/lescheminsdemusarde.fr\/wp-content\/uploads\/2014\/12\/O\u00f9-lai-je-mis-624x468.jpg 624w\" sizes=\"auto, (max-width: 800px) 100vw, 800px\" \/><\/a><strong>O\u00f9 l&rsquo;ai-je mis&#8230;<\/strong><\/p>\n<p class=\"mceTemp\"><a href=\"https:\/\/lescheminsdemusarde.fr\/wp-content\/uploads\/2014\/12\/Brume-\u00e0-St-Aignan-sur-Cher..jpg\"><img loading=\"lazy\" decoding=\"async\" class=\"wp-image-632 size-full\" src=\"https:\/\/lescheminsdemusarde.fr\/wp-content\/uploads\/2014\/12\/Brume-\u00e0-St-Aignan-sur-Cher..jpg\" alt=\"Brume \u00e0 St Aignan-sur-Cher.\" width=\"800\" height=\"539\" srcset=\"https:\/\/lescheminsdemusarde.fr\/wp-content\/uploads\/2014\/12\/Brume-\u00e0-St-Aignan-sur-Cher..jpg 800w, https:\/\/lescheminsdemusarde.fr\/wp-content\/uploads\/2014\/12\/Brume-\u00e0-St-Aignan-sur-Cher.-300x202.jpg 300w, https:\/\/lescheminsdemusarde.fr\/wp-content\/uploads\/2014\/12\/Brume-\u00e0-St-Aignan-sur-Cher.-600x404.jpg 600w, https:\/\/lescheminsdemusarde.fr\/wp-content\/uploads\/2014\/12\/Brume-\u00e0-St-Aignan-sur-Cher.-624x420.jpg 624w\" sizes=\"auto, (max-width: 800px) 100vw, 800px\" \/><\/a><strong>Brume \u00e0 St Aignan-sur-Cher (41).<\/strong><\/p>\n<p class=\"mceTemp\"><a href=\"https:\/\/lescheminsdemusarde.fr\/wp-content\/uploads\/2014\/12\/La-coll\u00e9giale-de-St-Aignan-sur-Cher.jpg\"><img loading=\"lazy\" decoding=\"async\" class=\"wp-image-633 size-full\" src=\"https:\/\/lescheminsdemusarde.fr\/wp-content\/uploads\/2014\/12\/La-coll\u00e9giale-de-St-Aignan-sur-Cher.jpg\" alt=\"La coll\u00e9giale de St-Aignan-sur-Cher\" width=\"800\" height=\"600\" srcset=\"https:\/\/lescheminsdemusarde.fr\/wp-content\/uploads\/2014\/12\/La-coll\u00e9giale-de-St-Aignan-sur-Cher.jpg 800w, https:\/\/lescheminsdemusarde.fr\/wp-content\/uploads\/2014\/12\/La-coll\u00e9giale-de-St-Aignan-sur-Cher-300x225.jpg 300w, https:\/\/lescheminsdemusarde.fr\/wp-content\/uploads\/2014\/12\/La-coll\u00e9giale-de-St-Aignan-sur-Cher-600x450.jpg 600w, https:\/\/lescheminsdemusarde.fr\/wp-content\/uploads\/2014\/12\/La-coll\u00e9giale-de-St-Aignan-sur-Cher-624x468.jpg 624w\" sizes=\"auto, (max-width: 800px) 100vw, 800px\" \/><\/a><strong>La coll\u00e9giale de St-Aignan-sur-Cher (41).<\/strong><\/p>\n<p class=\"mceTemp\"><a href=\"https:\/\/lescheminsdemusarde.fr\/wp-content\/uploads\/2014\/12\/Loge-de-vigne-accueillante..jpg\"><img loading=\"lazy\" decoding=\"async\" class=\"wp-image-634 size-full\" src=\"https:\/\/lescheminsdemusarde.fr\/wp-content\/uploads\/2014\/12\/Loge-de-vigne-accueillante..jpg\" alt=\"Loge de vigne accueillante.\" width=\"800\" height=\"518\" srcset=\"https:\/\/lescheminsdemusarde.fr\/wp-content\/uploads\/2014\/12\/Loge-de-vigne-accueillante..jpg 800w, https:\/\/lescheminsdemusarde.fr\/wp-content\/uploads\/2014\/12\/Loge-de-vigne-accueillante.-300x194.jpg 300w, https:\/\/lescheminsdemusarde.fr\/wp-content\/uploads\/2014\/12\/Loge-de-vigne-accueillante.-600x388.jpg 600w, https:\/\/lescheminsdemusarde.fr\/wp-content\/uploads\/2014\/12\/Loge-de-vigne-accueillante.-624x404.jpg 624w\" sizes=\"auto, (max-width: 800px) 100vw, 800px\" \/><\/a><strong>Loge de vigne accueillante pour le d\u00e9jeuner.<\/strong><\/p>\n<p class=\"mceTemp\"><a href=\"https:\/\/lescheminsdemusarde.fr\/wp-content\/uploads\/2014\/12\/Visite-de-cave..jpg\"><img loading=\"lazy\" decoding=\"async\" class=\"wp-image-635 size-full\" src=\"https:\/\/lescheminsdemusarde.fr\/wp-content\/uploads\/2014\/12\/Visite-de-cave..jpg\" alt=\"Visite de cave.\" width=\"800\" height=\"600\" srcset=\"https:\/\/lescheminsdemusarde.fr\/wp-content\/uploads\/2014\/12\/Visite-de-cave..jpg 800w, https:\/\/lescheminsdemusarde.fr\/wp-content\/uploads\/2014\/12\/Visite-de-cave.-300x225.jpg 300w, https:\/\/lescheminsdemusarde.fr\/wp-content\/uploads\/2014\/12\/Visite-de-cave.-600x450.jpg 600w, https:\/\/lescheminsdemusarde.fr\/wp-content\/uploads\/2014\/12\/Visite-de-cave.-624x468.jpg 624w\" sizes=\"auto, (max-width: 800px) 100vw, 800px\" \/><\/a><strong>Visite de cave.<\/strong><\/p>\n<p class=\"mceTemp\"><a href=\"https:\/\/lescheminsdemusarde.fr\/wp-content\/uploads\/2014\/12\/Graffitis-am\u00e9ricains-de-1917-1919.jpg\"><img loading=\"lazy\" decoding=\"async\" class=\"wp-image-636 size-full\" src=\"https:\/\/lescheminsdemusarde.fr\/wp-content\/uploads\/2014\/12\/Graffitis-am\u00e9ricains-de-1917-1919.jpg\" alt=\"Graffitis am\u00e9ricains de 1917-1919\" width=\"800\" height=\"600\" srcset=\"https:\/\/lescheminsdemusarde.fr\/wp-content\/uploads\/2014\/12\/Graffitis-am\u00e9ricains-de-1917-1919.jpg 800w, https:\/\/lescheminsdemusarde.fr\/wp-content\/uploads\/2014\/12\/Graffitis-am\u00e9ricains-de-1917-1919-300x225.jpg 300w, https:\/\/lescheminsdemusarde.fr\/wp-content\/uploads\/2014\/12\/Graffitis-am\u00e9ricains-de-1917-1919-600x450.jpg 600w, https:\/\/lescheminsdemusarde.fr\/wp-content\/uploads\/2014\/12\/Graffitis-am\u00e9ricains-de-1917-1919-624x468.jpg 624w\" sizes=\"auto, (max-width: 800px) 100vw, 800px\" \/><\/a><strong>Graffitis am\u00e9ricains (1917-1919) \u00e0 Noyers-sur-Cher (41).<\/strong><\/p>\n<p class=\"mceTemp\"><a href=\"https:\/\/lescheminsdemusarde.fr\/wp-content\/uploads\/2014\/12\/Pot-de-cl\u00f4ture..jpg\"><img loading=\"lazy\" decoding=\"async\" class=\"wp-image-637 size-full\" src=\"https:\/\/lescheminsdemusarde.fr\/wp-content\/uploads\/2014\/12\/Pot-de-cl\u00f4ture..jpg\" alt=\"Pot de cl\u00f4ture.\" width=\"800\" height=\"600\" srcset=\"https:\/\/lescheminsdemusarde.fr\/wp-content\/uploads\/2014\/12\/Pot-de-cl\u00f4ture..jpg 800w, https:\/\/lescheminsdemusarde.fr\/wp-content\/uploads\/2014\/12\/Pot-de-cl\u00f4ture.-300x225.jpg 300w, https:\/\/lescheminsdemusarde.fr\/wp-content\/uploads\/2014\/12\/Pot-de-cl\u00f4ture.-600x450.jpg 600w, https:\/\/lescheminsdemusarde.fr\/wp-content\/uploads\/2014\/12\/Pot-de-cl\u00f4ture.-624x468.jpg 624w\" sizes=\"auto, (max-width: 800px) 100vw, 800px\" \/><\/a><strong>Le verre de l&rsquo;amiti\u00e9 avant s\u00e9paration.<\/strong><\/p>\n<p class=\"mceTemp\">\n","protected":false},"excerpt":{"rendered":"<p>A table !<\/p>\n","protected":false},"author":1,"featured_media":0,"comment_status":"open","ping_status":"closed","sticky":false,"template":"","format":"standard","meta":{"_exactmetrics_skip_tracking":false,"_exactmetrics_sitenote_active":false,"_exactmetrics_sitenote_note":"","_exactmetrics_sitenote_category":0,"footnotes":""},"categories":[2,6],"tags":[],"class_list":["post-625","post","type-post","status-publish","format-standard","hentry","category-randonnees-voyages","category-photos"],"_links":{"self":[{"href":"https:\/\/lescheminsdemusarde.fr\/index.php?rest_route=\/wp\/v2\/posts\/625","targetHints":{"allow":["GET"]}}],"collection":[{"href":"https:\/\/lescheminsdemusarde.fr\/index.php?rest_route=\/wp\/v2\/posts"}],"about":[{"href":"https:\/\/lescheminsdemusarde.fr\/index.php?rest_route=\/wp\/v2\/types\/post"}],"author":[{"embeddable":true,"href":"https:\/\/lescheminsdemusarde.fr\/index.php?rest_route=\/wp\/v2\/users\/1"}],"replies":[{"embeddable":true,"href":"https:\/\/lescheminsdemusarde.fr\/index.php?rest_route=%2Fwp%2Fv2%2Fcomments&post=625"}],"version-history":[{"count":5,"href":"https:\/\/lescheminsdemusarde.fr\/index.php?rest_route=\/wp\/v2\/posts\/625\/revisions"}],"predecessor-version":[{"id":654,"href":"https:\/\/lescheminsdemusarde.fr\/index.php?rest_route=\/wp\/v2\/posts\/625\/revisions\/654"}],"wp:attachment":[{"href":"https:\/\/lescheminsdemusarde.fr\/index.php?rest_route=%2Fwp%2Fv2%2Fmedia&parent=625"}],"wp:term":[{"taxonomy":"category","embeddable":true,"href":"https:\/\/lescheminsdemusarde.fr\/index.php?rest_route=%2Fwp%2Fv2%2Fcategories&post=625"},{"taxonomy":"post_tag","embeddable":true,"href":"https:\/\/lescheminsdemusarde.fr\/index.php?rest_route=%2Fwp%2Fv2%2Ftags&post=625"}],"curies":[{"name":"wp","href":"https:\/\/api.w.org\/{rel}","templated":true}]}}