{"id":6388,"date":"2019-01-06T21:38:54","date_gmt":"2019-01-06T20:38:54","guid":{"rendered":"http:\/\/lescheminsdemusarde.fr\/?p=6388"},"modified":"2019-01-13T08:12:52","modified_gmt":"2019-01-13T07:12:52","slug":"rando-du-1er-dimanche-de-janvier-2019","status":"publish","type":"post","link":"https:\/\/lescheminsdemusarde.fr\/?p=6388","title":{"rendered":"Rando du 1er dimanche de janvier 2019"},"content":{"rendered":"\n<figure class=\"wp-block-image\"><img decoding=\"async\" src=\"https:\/\/lescheminsdemusarde.fr\/wp-content\/uploads\/2019\/01\/04-1.jpg\" alt=\"\"\/><figcaption><strong>En chemin&#8230;<\/strong><\/figcaption><\/figure>\n\n\n\n<p><strong>Avec les copains randonneurs cyclo-touristes la tradition du 1er dimanche de janvier nous a conduits depuis 20 ans vers l&rsquo;\u00e9tang de Montpercher (41), et bien, en ce dimanche 6 janvier 2019, cette premi\u00e8re randonn\u00e9e de l&rsquo;ann\u00e9e nouvelle nous a permis de cheminer p\u00e9destrement, sur une id\u00e9e de l&rsquo;ami Luc, entre Tour-en-Sologne (41) et S\u00e9rigny, au c\u0153ur des bois de Sologne.<\/strong><\/p>\n\n\n\n<!--more-->\n\n\n\n<p><strong>La m\u00e9t\u00e9o \u00e9tait un peu maussade avec un plafond de nuages bien gris mais la temp\u00e9rature n&rsquo;\u00e9tait pas trop froide et le vent absent.<\/strong><\/p>\n\n\n\n<p><strong>L&rsquo;ambiance \u00e9tait joyeuse autour de la table avec des mets partag\u00e9s ainsi que des bouteilles avec une consommation raisonnable cependant. Avec les galettes des Rois ont \u00e9t\u00e9 \u00e9lus Reine et Roi de S\u00e9rigny Claudine et Jean-Fran\u00e7ois. Le caf\u00e9 et son \u00ab\u00a0averse\u00a0\u00bb ont conclu ce moment de partage avant de reprendre le chemin vers Tour-en-Sologne&#8230;<\/strong><\/p>\n\n\n\n<p><strong>Une belle balade ! Merci les amis ! A l&rsquo;ann\u00e9e prochaine&#8230;<\/strong><\/p>\n\n\n\n<h2 class=\"wp-block-heading\"><strong><a href=\"https:\/\/lescheminsdemusarde.fr\/?p=6385#more-6385\">LES PHOTOS SONT ICI&#8230;<\/a><\/strong><\/h2>\n","protected":false},"excerpt":{"rendered":"<p>Avec les copains randonneurs cyclo-touristes la tradition du 1er dimanche de janvier nous a conduits depuis 20 ans vers l&rsquo;\u00e9tang de Montpercher (41), et bien, en ce dimanche 6 janvier 2019, cette premi\u00e8re randonn\u00e9e de l&rsquo;ann\u00e9e nouvelle nous a permis &hellip; <a href=\"https:\/\/lescheminsdemusarde.fr\/?p=6388\">Continuer la lecture <span class=\"meta-nav\">&rarr;<\/span><\/a><\/p>\n","protected":false},"author":1,"featured_media":0,"comment_status":"closed","ping_status":"closed","sticky":false,"template":"","format":"standard","meta":{"_exactmetrics_skip_tracking":false,"_exactmetrics_sitenote_active":false,"_exactmetrics_sitenote_note":"","_exactmetrics_sitenote_category":0,"footnotes":""},"categories":[4,2],"tags":[],"class_list":["post-6388","post","type-post","status-publish","format-standard","hentry","category-pedestre","category-randonnees-voyages"],"_links":{"self":[{"href":"https:\/\/lescheminsdemusarde.fr\/index.php?rest_route=\/wp\/v2\/posts\/6388","targetHints":{"allow":["GET"]}}],"collection":[{"href":"https:\/\/lescheminsdemusarde.fr\/index.php?rest_route=\/wp\/v2\/posts"}],"about":[{"href":"https:\/\/lescheminsdemusarde.fr\/index.php?rest_route=\/wp\/v2\/types\/post"}],"author":[{"embeddable":true,"href":"https:\/\/lescheminsdemusarde.fr\/index.php?rest_route=\/wp\/v2\/users\/1"}],"replies":[{"embeddable":true,"href":"https:\/\/lescheminsdemusarde.fr\/index.php?rest_route=%2Fwp%2Fv2%2Fcomments&post=6388"}],"version-history":[{"count":12,"href":"https:\/\/lescheminsdemusarde.fr\/index.php?rest_route=\/wp\/v2\/posts\/6388\/revisions"}],"predecessor-version":[{"id":6429,"href":"https:\/\/lescheminsdemusarde.fr\/index.php?rest_route=\/wp\/v2\/posts\/6388\/revisions\/6429"}],"wp:attachment":[{"href":"https:\/\/lescheminsdemusarde.fr\/index.php?rest_route=%2Fwp%2Fv2%2Fmedia&parent=6388"}],"wp:term":[{"taxonomy":"category","embeddable":true,"href":"https:\/\/lescheminsdemusarde.fr\/index.php?rest_route=%2Fwp%2Fv2%2Fcategories&post=6388"},{"taxonomy":"post_tag","embeddable":true,"href":"https:\/\/lescheminsdemusarde.fr\/index.php?rest_route=%2Fwp%2Fv2%2Ftags&post=6388"}],"curies":[{"name":"wp","href":"https:\/\/api.w.org\/{rel}","templated":true}]}}