{"id":6436,"date":"2019-01-17T08:01:46","date_gmt":"2019-01-17T07:01:46","guid":{"rendered":"http:\/\/lescheminsdemusarde.fr\/?p=6436"},"modified":"2019-01-17T08:01:48","modified_gmt":"2019-01-17T07:01:48","slug":"avant-les-levees-de-loire","status":"publish","type":"post","link":"https:\/\/lescheminsdemusarde.fr\/?p=6436","title":{"rendered":"Avant les lev\u00e9es de Loire"},"content":{"rendered":"\n\n\n\n\n<p><\/p>\n\n\n\n\n\n<p><strong>Avant les lev\u00e9es de la page Facebook <\/strong><a rel=\"noreferrer noopener\" target=\"_blank\" href=\"https:\/\/www.facebook.com\/Partageusement\/\"><strong>RDV au Parle-Loire<\/strong><\/a><strong>\u00b7 du <\/strong><a href=\"https:\/\/www.facebook.com\/notes\/rdv-au-parle-loire\/avant-les-lev%C3%A9es\/402870453617365\/\"><strong>Jeudi 17 janvier 2019<\/strong><\/a><strong>  La Loire et son lit \u2026<\/strong><\/p>\n\n\n\n<p><strong>Les lev\u00e9es ne sont pas pr\u00e9sentes en notre Val de toute \u00e9ternit\u00e9. Il y eut un avant durant lequel les monticules d\u2019alluvions form\u00e9s lors des crues jou\u00e8rent un r\u00f4le pr\u00e9pond\u00e9rant dans l\u2019occupation traditionnelle du Val dans les temps anciens. Nul n\u2019aurait d\u2019ailleurs song\u00e9 en ces temps lointains \u00e0 b\u00e2tir sa demeure au risque de la crue. Les humains \u00e9taient sans doute plus sages qu\u2019aujourd\u2019hui et plus respectueux de la Nature aussi.     Des mamelons, imperceptibles \u00e0 l\u2019\u0153il nu, \u00e9taient connus de tous en cas de crues majeures. C\u2019est l\u00e0 que venaient se r\u00e9fugier gens et animaux. On les trouve \u00e0 une altitude sup\u00e9rieure de 6 \u00e0 7 m\u00e8tres du niveau de la Loire. C\u2019\u00e9tait des terrains g\u00e9n\u00e9ralement plant\u00e9s de vignes ou qui recevaient un lieu de culte ou bien encore les cimeti\u00e8res. La spiritualit\u00e9 a toujours fait bon m\u00e9nage avec les endroits hors d\u2019eau sur notre Val, c\u2019est un point \u00e0 ne pas n\u00e9gliger dans les rep\u00e9rages. Ainsi \u00e0 Saint Denis en Val, la place de l\u2019\u00e9glise constituait un de ces mamelons protecteurs. <\/strong><br><\/p>\n\n\n\n<!--more-->\n\n\n\n<figure class=\"wp-block-image\"><img decoding=\"async\" src=\"https:\/\/scontent-cdt1-1.xx.fbcdn.net\/v\/t1.0-9\/p720x720\/49900460_403064050264672_8438747465393373184_o.jpg?_nc_cat=104&amp;_nc_ht=scontent-cdt1-1.xx&amp;oh=5fa1521e720dcecead97f43a9a873095&amp;oe=5CCF5A78\" alt=\"\"\/><\/figure>\n\n\n\n<p><strong>    Le risque de crue arrivant, l\u2019alarme \u00e9tant donn\u00e9e par les rumeurs qui descendent de la Loire, chacun songe \u00e0 se r\u00e9fugier en ces endroits. Le b\u00e9tail n\u2019est jamais oubli\u00e9. Des cordes d\u00e9limitent des zones de parcage sur ces petites bosses tandis que les gens se regroupent autour de feux en attendant que passe l\u2019alerte. Lors des grandes trag\u00e9dies du XVIII \u00b0 si\u00e8cle, des t\u00e9moins oculaires \u00e9voquaient la vision \u00e9tonnante de ces feux de camp \u00e9mergeant d\u2019un Val inond\u00e9 de ces points lumineux, autour desquels se r\u00e9fugiaient ceux qui se trouvaient ainsi sur de maigres \u00eelots protecteurs. <\/strong><br><\/p>\n\n\n\n<figure class=\"wp-block-image\"><img decoding=\"async\" src=\"https:\/\/scontent-cdt1-1.xx.fbcdn.net\/v\/t1.0-9\/49938200_402876810283396_2105887207565819904_n.jpg?_nc_cat=109&amp;_nc_ht=scontent-cdt1-1.xx&amp;oh=cd59a2a47161af2e253c955b9231685c&amp;oe=5D00D508\" alt=\"\"\/><\/figure>\n\n\n\n<p><strong>    Le Grand Val inondable, celui qui s\u2019\u00e9tend de Sully sur Loire jusqu\u2019\u00e0 l\u2019embouchure du Loiret, l\u00e0 o\u00f9 la crue provoque une mise en eau sur des largeurs de plusieurs dizaines de kilom\u00e8tres de large, l\u2019habitat pr\u00e9historique a lui aussi respect\u00e9 ces zones salvatrices. C\u2019est ainsi que ce sont sur ces monticules que l\u2019on d\u00e9couvre des vestiges d\u2019un pass\u00e9 lointain : haches polies, tumulus, pierre crapaud, n\u00e9cropole, tr\u00e9sor de Neuvy, constructions gallo-romaines ensuite. L\u2019abbaye de Saint Benoit et l\u2019oratoire de Germigny sont naturellement plac\u00e9s en des lieux qui ne redoutent pas les flots. Ce n\u2019est certes pas le fruit du hasard. <\/strong><\/p>\n\n\n\n<p><\/p>\n\n\n\n<figure class=\"wp-block-image\"><img decoding=\"async\" src=\"https:\/\/scontent-cdt1-1.xx.fbcdn.net\/v\/t1.0-9\/49898588_402888733615537_5413929237226717184_n.jpg?_nc_cat=108&amp;_nc_ht=scontent-cdt1-1.xx&amp;oh=14154bed298c0a0b77b9a3de50d7cec6&amp;oe=5CBDC1F3\" alt=\"\"\/><\/figure>\n\n\n\n<p><strong>    Les lieux-dits portent encore le souvenir de ces rep\u00e8res essentiels pour les lig\u00e9riens d\u2019alors : \u00ab Les Hautes Bornes \u00bb, \u00ab les Gros Cailloux \u00bb, \u00ab La Butte aux Cailles \u00bb, \u00ab La Croix des Folies \u00bb \u00ab Butte du Matroy \u00bb \u00e0 Ferrolles \u2026     Des petites dunes ou buttes alluviales ont ainsi servi de recours avant que les constructions humaines de protection des eaux ne viennent s\u2019y appuyer.  Longtemps ignor\u00e9s des hommes modernes, l\u2019\u00e9tude de la toponymie a permis de rep\u00e9rer ces lieux connus depuis l\u2019installation humaine en bord de Loire. Ainsi le suffixe Dunum associ\u00e9 \u00e0 un lieu-dit exprime la racine \u00ab hauteur \u00bb en gaulois. La butte sur laquelle a \u00e9t\u00e9 construit l\u2019antique Tours correspond \u00e0 une pro\u00e9minence sur laquelle autrefois venaient se r\u00e9fugier les Varenniers et leurs b\u00eates. Trois buttes furent ainsi \u00e0 l\u2019origine de l\u2019implantation de la ville.  <\/strong><\/p>\n\n\n\n<figure class=\"wp-block-image\"><img decoding=\"async\" src=\"https:\/\/scontent-cdt1-1.xx.fbcdn.net\/v\/t1.0-9\/50396368_402874576950286_7278408745539862528_n.jpg?_nc_cat=104&amp;_nc_ht=scontent-cdt1-1.xx&amp;oh=af1880c930308c2a934ef71983082c3f&amp;oe=5CC4C95C\" alt=\"\"\/><\/figure>\n\n\n\n<p><strong>   Par la suite, des tertres furent b\u00e2tis de la main de l\u2019homme pour accroitre les zones de protection ou bien en cr\u00e9er de nouvelles. C\u2019est le cas \u00e0 Tours de la \u00ab Tour Charlemagne \u00bb et du \u00ab tertre de Saint Martin \u00bb. Plus bas sur le cours de la Loire, apr\u00e8s Tours, on retrouve \u00e9galement des buttes insubmersibles de type alluviales. Il est vrai que la pr\u00e9sence du Tuffeau et des vallons rend plus difficile leur rep\u00e9rage. L\u00e0 encore, le nom des lieux peut donner bonne indication. La racine \u00ab Peu \u00bb issu du mot \u00ab Puy \u00bb doit vous mettre la puce \u00e0 l\u2019oreille comme avec \u00ab Le Peu de Moulinotte \u00bb pr\u00e8s de Chouz\u00e9 ou \u00ab Le Moulin du Peu \u00bb pr\u00e8s de Varennes. <\/strong><br><\/p>\n\n\n\n<figure class=\"wp-block-image\"><img decoding=\"async\" src=\"https:\/\/scontent-cdt1-1.xx.fbcdn.net\/v\/t1.0-9\/49949095_402872050283872_2825525633893793792_n.jpg?_nc_cat=108&amp;_nc_ht=scontent-cdt1-1.xx&amp;oh=e17f24f75ada03c5a31f7d4a2f51ebfe&amp;oe=5CC0A28A\" alt=\"\"\/><\/figure>\n\n\n\n<p><strong>    Les \u00ab Peux \u00bb de la Vall\u00e9e d\u2019Anjou sont les derniers monticules alluviaux. \u00c0 partir des Ponts de C\u00e9, il en est termin\u00e9 pour eux. Les appointements rocheux de schiste prendront le relais pour une protection plus efficace et plus rep\u00e9rable.     De ce petit rappel, nous devons garder en esprit l\u2019importance de la conservation du nom des lieux- dits et des rues. La f\u00e2cheuse habitude de vouloir les changer pour y glorifier les pr\u00e9tentions posthumes d\u2019une c\u00e9l\u00e9brit\u00e9 qu\u2019elle fut locale ou bien nationale n\u2019est pas de nature \u00e0 pr\u00e9server ce bel h\u00e9ritage. \u00ab Tertre \u00bb, \u00ab Motte \u00bb, \u00ab Butte \u00bb, \u00ab Borne \u00bb, \u00ab Pierre Lev\u00e9e \u00bb, \u00ab Cailloux \u00bb, \u00ab Peux \u00bb sont des t\u00e9moins pr\u00e9cieux \u00e0 pr\u00e9server pour notre longue et riche histoire lig\u00e9rienne.   <\/strong><br><\/p>\n\n\n\n<figure class=\"wp-block-image\"><img decoding=\"async\" src=\"https:\/\/scontent-cdt1-1.xx.fbcdn.net\/v\/t1.0-9\/50549159_402872933617117_4358137322802249728_n.jpg?_nc_cat=105&amp;_nc_ht=scontent-cdt1-1.xx&amp;oh=e32e64681071a4770ef28e45f7ea3aab&amp;oe=5CFDCC13\" alt=\"\"\/><\/figure>\n\n\n\n<p><strong>     \u00c0 suivre &#8230;     <\/strong><\/p>\n","protected":false},"excerpt":{"rendered":"<p>Avant les lev\u00e9es de la page Facebook RDV au Parle-Loire\u00b7 du Jeudi 17 janvier 2019 La Loire et son lit \u2026 Les lev\u00e9es ne sont pas pr\u00e9sentes en notre Val de toute \u00e9ternit\u00e9. Il y eut un avant durant lequel &hellip; <a href=\"https:\/\/lescheminsdemusarde.fr\/?p=6436\">Continuer la lecture <span class=\"meta-nav\">&rarr;<\/span><\/a><\/p>\n","protected":false},"author":1,"featured_media":0,"comment_status":"closed","ping_status":"closed","sticky":false,"template":"","format":"standard","meta":{"_exactmetrics_skip_tracking":false,"_exactmetrics_sitenote_active":false,"_exactmetrics_sitenote_note":"","_exactmetrics_sitenote_category":0,"footnotes":""},"categories":[1,14],"tags":[],"class_list":["post-6436","post","type-post","status-publish","format-standard","hentry","category-divers","category-images-de-loire"],"_links":{"self":[{"href":"https:\/\/lescheminsdemusarde.fr\/index.php?rest_route=\/wp\/v2\/posts\/6436","targetHints":{"allow":["GET"]}}],"collection":[{"href":"https:\/\/lescheminsdemusarde.fr\/index.php?rest_route=\/wp\/v2\/posts"}],"about":[{"href":"https:\/\/lescheminsdemusarde.fr\/index.php?rest_route=\/wp\/v2\/types\/post"}],"author":[{"embeddable":true,"href":"https:\/\/lescheminsdemusarde.fr\/index.php?rest_route=\/wp\/v2\/users\/1"}],"replies":[{"embeddable":true,"href":"https:\/\/lescheminsdemusarde.fr\/index.php?rest_route=%2Fwp%2Fv2%2Fcomments&post=6436"}],"version-history":[{"count":1,"href":"https:\/\/lescheminsdemusarde.fr\/index.php?rest_route=\/wp\/v2\/posts\/6436\/revisions"}],"predecessor-version":[{"id":6437,"href":"https:\/\/lescheminsdemusarde.fr\/index.php?rest_route=\/wp\/v2\/posts\/6436\/revisions\/6437"}],"wp:attachment":[{"href":"https:\/\/lescheminsdemusarde.fr\/index.php?rest_route=%2Fwp%2Fv2%2Fmedia&parent=6436"}],"wp:term":[{"taxonomy":"category","embeddable":true,"href":"https:\/\/lescheminsdemusarde.fr\/index.php?rest_route=%2Fwp%2Fv2%2Fcategories&post=6436"},{"taxonomy":"post_tag","embeddable":true,"href":"https:\/\/lescheminsdemusarde.fr\/index.php?rest_route=%2Fwp%2Fv2%2Ftags&post=6436"}],"curies":[{"name":"wp","href":"https:\/\/api.w.org\/{rel}","templated":true}]}}