{"id":6529,"date":"2019-01-31T06:54:56","date_gmt":"2019-01-31T05:54:56","guid":{"rendered":"http:\/\/lescheminsdemusarde.fr\/?p=6529"},"modified":"2019-01-31T13:53:37","modified_gmt":"2019-01-31T12:53:37","slug":"un-charmant-petit-port-de-loire-le-port-du-cavereau","status":"publish","type":"post","link":"https:\/\/lescheminsdemusarde.fr\/?p=6529","title":{"rendered":"Un charmant petit port de Loire : Le port du Cavereau (41)"},"content":{"rendered":"\n<p><strong> Repris de la page Facebook de&nbsp;<\/strong><a rel=\"noreferrer noopener\" target=\"_blank\" href=\"https:\/\/www.facebook.com\/Partageusement\/\"><strong>RDV au Parle-Loire<\/strong><\/a><strong>\u00b7<\/strong><a href=\"https:\/\/www.facebook.com\/notes\/rdv-au-parle-loire\/port-de-cavereau\/409354539635623\/\"><strong>Jeudi 31 janvier 2019<\/strong><\/a><br><\/p>\n\n\n\n<figure class=\"wp-block-image\"><img decoding=\"async\" src=\"https:\/\/scontent-cdg2-1.xx.fbcdn.net\/v\/t1.0-9\/51099665_409359302968480_3876945280200867840_n.jpg?_nc_cat=101&amp;_nc_ht=scontent-cdg2-1.xx&amp;oh=933c2d73999cca208fab351eff7b1ec4&amp;oe=5CBF713D\" alt=\"\"\/><\/figure>\n\n\n\n<p><strong>Situ\u00e9 sur la rive gauche de la Loire, le port du Cavereau (Loir-et-Cher) est \u00e9quip\u00e9 de trois cales abreuvoirs simples. Il mesure environ 400 m\u00e8tres de long et dispose d&rsquo;escaliers et de plusieurs organeaux.<\/strong><br><\/p>\n\n\n\n<!--more-->\n\n\n\n<figure class=\"wp-block-image\"><img decoding=\"async\" src=\"https:\/\/scontent-cdg2-1.xx.fbcdn.net\/v\/t1.0-9\/50881521_409362326301511_6430976449242464256_n.jpg?_nc_cat=101&amp;_nc_ht=scontent-cdg2-1.xx&amp;oh=c0e80d8a8331adaa4032b20234529a13&amp;oe=5CB583E8\" alt=\"\"\/><\/figure>\n\n\n\n<p><strong>     La d\u00e9cision de construire le port fut prise vers 1820, \u00e9poque glorieuse encore pour le transport fluvial. L\u2019\u00e9tape suivante fut l\u2019attribution des droits de location de place pour les marchandises d\u00e9pos\u00e9es sur le port. Situ\u00e9 juste avant Beaugency, cet endroit voyait passer de nombreux chalands, acheminant les marchandises jusqu&rsquo;\u00e0 Orl\u00e9ans.    <\/strong><br><\/p>\n\n\n\n<figure class=\"wp-block-image\"><img decoding=\"async\" src=\"https:\/\/scontent-cdg2-1.xx.fbcdn.net\/v\/t1.0-9\/50913099_409355609635516_5273100927492947968_n.jpg?_nc_cat=106&amp;_nc_ht=scontent-cdg2-1.xx&amp;oh=7ebfbdef8634f4c6a775c271d3a450a4&amp;oe=5CB2825C\" alt=\"\"\/><\/figure>\n\n\n\n<p><strong> \u00a0\u00bb La grande Jeanne \u00a0\u00bb est le nom donn\u00e9 par les mariniers au grand coude dessin\u00e9 par la Loire ici. Faute d&rsquo;un vent tr\u00e8s favorable, la remonte s\u2019av\u00e9rait impossible. A contrario, \u00e0 la descente, par les hautes eaux et le courant devenu fort, on d\u00e9nombrait de nombreux naufrages. Les bateaux \u00e0 r\u00e9parer se r\u00e9fugiaient l&rsquo;hiver pr\u00e8s de l&#8217;embouchure de l&rsquo;Ardoux au Port Pichard. Le port fut abandonn\u00e9 vers 1930.    <\/strong><br><\/p>\n\n\n\n<figure class=\"wp-block-image\"><img decoding=\"async\" src=\"https:\/\/scontent-cdg2-1.xx.fbcdn.net\/v\/t1.0-9\/51268300_409356926302051_6111535078326665216_n.jpg?_nc_cat=109&amp;_nc_ht=scontent-cdg2-1.xx&amp;oh=7243e4c99139cc58552250335c96a49f&amp;oe=5CB81A9D\" alt=\"\"\/><\/figure>\n\n\n\n<p><strong> Au Cavereau, on peut encore aujourd&rsquo;hui imaginer ce qu&rsquo;\u00e9tait le port \u00e0 l&rsquo;\u00e9poque o\u00f9 la Loire \u00e9tait marchande. Les petites maisons de p\u00eacheurs et de mariniers, les boucles d&rsquo;amarrage existent toujours. Restaur\u00e9e en 2000, une rampe de cano\u00eb a \u00e9t\u00e9 am\u00e9nag\u00e9e pour autre forme de d\u00e9couverte de la rivi\u00e8re.    <\/strong><br><\/p>\n\n\n\n<figure class=\"wp-block-image\"><img decoding=\"async\" src=\"https:\/\/scontent-cdg2-1.xx.fbcdn.net\/v\/t1.0-9\/51019904_409357409635336_4956088798669701120_n.jpg?_nc_cat=101&amp;_nc_ht=scontent-cdg2-1.xx&amp;oh=c9de7f1cd7c477eec275cb1642401565&amp;oe=5CBA4BA9\" alt=\"\"\/><\/figure>\n\n\n\n<p><strong>   Historique  Le lieu dit est conu depuis longtemps pour une ressource naturelle : le Blanc d\u2019Espagne dit Blanc de Caverau.  <\/strong><br><\/p>\n\n\n\n<figure class=\"wp-block-image\"><img decoding=\"async\" src=\"https:\/\/scontent-cdg2-1.xx.fbcdn.net\/v\/t1.0-9\/p720x720\/50905758_409365189634558_6921178495712231424_o.jpg?_nc_cat=101&amp;_nc_ht=scontent-cdg2-1.xx&amp;oh=cabc7b08939c9706451461c4bbe58f6c&amp;oe=5CF45F56\" alt=\"\"\/><\/figure>\n\n\n\n<p><\/p>\n\n\n\n<figure class=\"wp-block-image\"><img decoding=\"async\" src=\"https:\/\/scontent-cdg2-1.xx.fbcdn.net\/v\/t1.0-9\/50860014_409357712968639_1487097259047780352_n.jpg?_nc_cat=109&amp;_nc_ht=scontent-cdg2-1.xx&amp;oh=031dbc2758ebdb38f020942db6c3edf6&amp;oe=5D001A19\" alt=\"\"\/><\/figure>\n\n\n\n<p><strong>Il me dit que ces sortes de pierres se tiroient d\u2019un endroit qu\u2019on nomme le Cavereau, petit hameau de la paroisse de Nouan, situ\u00e9 sur la rive gauche de la Loire, \u00e0 neuf lieues au dessous d\u2019Orl\u00e9ans. Essais sur les dendrites des environs d\u2019Orl\u00e9ans : Imprimerie royale, 1755.  <\/strong><br><\/p>\n\n\n\n<figure class=\"wp-block-image\"><img decoding=\"async\" src=\"https:\/\/scontent-cdg2-1.xx.fbcdn.net\/v\/t1.0-9\/50946083_409362996301444_681797561131991040_n.jpg?_nc_cat=110&amp;_nc_ht=scontent-cdg2-1.xx&amp;oh=5e4f0657290e0fc2c6a85921d9ebb324&amp;oe=5CC12BF2\" alt=\"\"\/><\/figure>\n\n\n\n<p><strong>Les carri\u00e8res du Cavereau occupent, sur le bord de la Loire, un quart de lieue d\u2019\u00e9tendue ; elles pr\u00e9sentent un front de quarante \u00e0 cinquante pieds d\u2019\u00e9l\u00e9vation. C\u2019est l\u00e0 que les habitants du Cavereau creusent tous les ans des fosses de douze \u00e0 quinze pieds de profondeur, non-seulement pour en extraire les pierres de formes bizarres &amp; celles qui contiennent des dendrites dont nous venons de parler, &amp; avec lesquelles ils b\u00e2tissent leurs maisons , mais surtout pour y fouiller la mati\u00e8re qu\u2019ils emploient \u00e0 faire le blanc de craie qu\u2019on nomme vulgairement blanc d\u2019Espagne. Encyclop\u00e9die m\u00e9thodique: G\u00e9ographie-physique (par M. Desmarest),  H. Agasse, 1809.  <\/strong><br><\/p>\n\n\n\n<figure class=\"wp-block-image\"><img decoding=\"async\" src=\"https:\/\/scontent-cdg2-1.xx.fbcdn.net\/v\/t1.0-9\/50995095_409360192968391_7204710856246951936_n.jpg?_nc_cat=103&amp;_nc_ht=scontent-cdg2-1.xx&amp;oh=3bee3642c0b070e7fbe82cd19bb9f649&amp;oe=5CF37ABA\" alt=\"\"\/><\/figure>\n\n\n\n<p><strong> En 1818, un ing\u00e9nieur des ponts et chauss\u00e9es analyse la structure de la Loire qui fait un coude au hameau du Cavereau. Il d\u00e9couvre que la rive compos\u00e9e de marne, de sable et de quelques blocs de pierre, est continuellement d\u00e9grad\u00e9e par les crues. Les riverains d\u2019ailleur sont consid\u00e9rablement \u00e0 p\u00e2tir de cette exposition. Leurs maisons sont emport\u00e9es par les hautes-eaux tandis que des bancs de sable se forment sur la rive oppos\u00e9e.    La construction d\u2019un perr\u00e9 devient une n\u00e9cessit\u00e9 pour prot\u00e9ger la rive sur 425 m\u00e8tres de long. Du point de vue \u00e9conomique,  des bois de marine et autres marchandises sont dirig\u00e9s vers le Cavereau pour y \u00eatre embarqu\u00e9s. La cr\u00e9ation d\u2019un port \u00e0 cet endroit alors qu\u2019il n&rsquo;y a pas de port entre les villes de Saint-Dy\u00e9 et Beaugency distantes de 26 kilom\u00e8tres serait opportune. Son projet : construire un petit port d&#8217;embarquement \u00e9quip\u00e9 de trois cales.     <\/strong><br><\/p>\n\n\n\n<figure class=\"wp-block-image\"><img decoding=\"async\" src=\"https:\/\/scontent-cdg2-1.xx.fbcdn.net\/v\/t1.0-9\/50866843_409360486301695_709870292012367872_n.jpg?_nc_cat=107&amp;_nc_ht=scontent-cdg2-1.xx&amp;oh=49be61a99aab23ec7494fa0c942d8045&amp;oe=5CBE20B1\" alt=\"\"\/><\/figure>\n\n\n\n<p><strong>En 1822, il convient de diminuer la d\u00e9pense : le nombre de rampe est r\u00e9duit \u00e0 deux (une \u00e0 chaque extr\u00e9mit\u00e9 du port). Les perr\u00e9s de 45\u00b0 d&rsquo;inclinaison seront pourvus de quatre escaliers et de 30 pilots d&rsquo;amarre. Outre les dispositions permettant l&#8217;embarquement des marchandises, le port a  un r\u00f4le important de d\u00e9fense des berges. Il est ainsi \u00e9lev\u00e9 \u00e0 6,20 m au-dessus de l&rsquo;\u00e9tiage.    Les travaux sont ex\u00e9cut\u00e9s jusqu\u2019en 1825. L\u2019ann\u00e9e suivante, des terrains sont encore indemnis\u00e9s par l&rsquo;Etat.Un arr\u00eat\u00e9 pr\u00e9fectoral relatif aux droits de d\u00e9p\u00f4t sur le port du Cavereau est sign\u00e9 en 1835. Il instaure un tarif pour les d\u00e9p\u00f4ts de marchandises : gratuit la premi\u00e8re journ\u00e9e puis 0,15 F par m\u00b2 de terrain occup\u00e9.    Le port du Cavereau est afferm\u00e9 par la ville de 1836 \u00e0 1895. Un r\u00e8glement de police du port du Cavereau est projet\u00e9 en 1905. Le texte pr\u00e9cise que la commune est autoris\u00e9e \u00e0 percevoir des redevances pour le d\u00e9p\u00f4t et le stationnement des marchandises sur le port. L&rsquo;espace est divis\u00e9 en deux : une bande de 6 m\u00e8tres de large le long du fleuve est r\u00e9serv\u00e9e au halage et \u00e0 la circulation, Une deuxi\u00e8me bande, parall\u00e8le \u00e0 la premi\u00e8re, est destin\u00e9e au d\u00e9p\u00f4t des marchandises. En 1860, le port mesure 415 m de long sur 18 m de large et est \u00e9tabli \u00e0 6,20 m au-dessus de l&rsquo;\u00e9tiage. Sa surface est de 36 ares en 1903.    <\/strong><br><\/p>\n\n\n\n<figure class=\"wp-block-image\"><img decoding=\"async\" src=\"https:\/\/scontent-cdg2-1.xx.fbcdn.net\/v\/t1.0-9\/51105836_409359586301785_3611438656889290752_n.jpg?_nc_cat=100&amp;_nc_ht=scontent-cdg2-1.xx&amp;oh=9a9e7f3260335555987eb942c1c68f89&amp;oe=5CB8CF70\" alt=\"\"\/><\/figure>\n\n\n\n<p><strong>Ces informations sont pr\u00e9cieuses. Elles pr\u00e9cisent l\u2019organisation administrative du transport fluviale et sa volont\u00e9 de persister au del\u00e0 de l\u2019arriv\u00e9e du chemin de fer. En cela ce jeune port dans l\u2019histoire de Loire est r\u00e9v\u00e9lateur.  Le port est restaur\u00e9 en 2002. Il m\u00e9rite le d\u00e9tour.  <\/strong><br><\/p>\n\n\n\n<figure class=\"wp-block-image\"><img decoding=\"async\" src=\"https:\/\/scontent-cdg2-1.xx.fbcdn.net\/v\/t1.0-9\/50973560_409360986301645_5217069746222006272_n.jpg?_nc_cat=101&amp;_nc_ht=scontent-cdg2-1.xx&amp;oh=85f498922a3aa60938b68518d7a4ae37&amp;oe=5CF75198\" alt=\"\"\/><\/figure>\n\n\n\n<figure class=\"wp-block-image\"><img decoding=\"async\" src=\"https:\/\/scontent-cdg2-1.xx.fbcdn.net\/v\/t1.0-9\/51035524_409361752968235_2919003660060983296_n.jpg?_nc_cat=111&amp;_nc_ht=scontent-cdg2-1.xx&amp;oh=dede7d2654e3ce247b6905cc70fc3e6a&amp;oe=5CBDC59C\" alt=\"\"\/><\/figure>\n\n\n\n<figure class=\"wp-block-image\"><img decoding=\"async\" src=\"https:\/\/scontent-cdg2-1.xx.fbcdn.net\/v\/t1.0-9\/51128914_409357932968617_7222929935717892096_n.jpg?_nc_cat=101&amp;_nc_ht=scontent-cdg2-1.xx&amp;oh=d4e74b2f303295e68bd19cce51abeab8&amp;oe=5CEE2A0D\" alt=\"\"\/><\/figure>\n","protected":false},"excerpt":{"rendered":"<p>Repris de la page Facebook de&nbsp;RDV au Parle-Loire\u00b7Jeudi 31 janvier 2019 Situ\u00e9 sur la rive gauche de la Loire, le port du Cavereau (Loir-et-Cher) est \u00e9quip\u00e9 de trois cales abreuvoirs simples. Il mesure environ 400 m\u00e8tres de long et dispose &hellip; <a href=\"https:\/\/lescheminsdemusarde.fr\/?p=6529\">Continuer la lecture <span class=\"meta-nav\">&rarr;<\/span><\/a><\/p>\n","protected":false},"author":1,"featured_media":0,"comment_status":"closed","ping_status":"closed","sticky":false,"template":"","format":"standard","meta":{"_exactmetrics_skip_tracking":false,"_exactmetrics_sitenote_active":false,"_exactmetrics_sitenote_note":"","_exactmetrics_sitenote_category":0,"footnotes":""},"categories":[14],"tags":[],"class_list":["post-6529","post","type-post","status-publish","format-standard","hentry","category-images-de-loire"],"_links":{"self":[{"href":"https:\/\/lescheminsdemusarde.fr\/index.php?rest_route=\/wp\/v2\/posts\/6529","targetHints":{"allow":["GET"]}}],"collection":[{"href":"https:\/\/lescheminsdemusarde.fr\/index.php?rest_route=\/wp\/v2\/posts"}],"about":[{"href":"https:\/\/lescheminsdemusarde.fr\/index.php?rest_route=\/wp\/v2\/types\/post"}],"author":[{"embeddable":true,"href":"https:\/\/lescheminsdemusarde.fr\/index.php?rest_route=\/wp\/v2\/users\/1"}],"replies":[{"embeddable":true,"href":"https:\/\/lescheminsdemusarde.fr\/index.php?rest_route=%2Fwp%2Fv2%2Fcomments&post=6529"}],"version-history":[{"count":4,"href":"https:\/\/lescheminsdemusarde.fr\/index.php?rest_route=\/wp\/v2\/posts\/6529\/revisions"}],"predecessor-version":[{"id":6544,"href":"https:\/\/lescheminsdemusarde.fr\/index.php?rest_route=\/wp\/v2\/posts\/6529\/revisions\/6544"}],"wp:attachment":[{"href":"https:\/\/lescheminsdemusarde.fr\/index.php?rest_route=%2Fwp%2Fv2%2Fmedia&parent=6529"}],"wp:term":[{"taxonomy":"category","embeddable":true,"href":"https:\/\/lescheminsdemusarde.fr\/index.php?rest_route=%2Fwp%2Fv2%2Fcategories&post=6529"},{"taxonomy":"post_tag","embeddable":true,"href":"https:\/\/lescheminsdemusarde.fr\/index.php?rest_route=%2Fwp%2Fv2%2Ftags&post=6529"}],"curies":[{"name":"wp","href":"https:\/\/api.w.org\/{rel}","templated":true}]}}