{"id":655,"date":"2014-12-12T08:52:38","date_gmt":"2014-12-12T08:52:38","guid":{"rendered":"http:\/\/lescheminsdemusarde.fr\/?p=655"},"modified":"2014-12-12T09:55:47","modified_gmt":"2014-12-12T09:55:47","slug":"securite-routiere-les-cyclistes-on-vous-a-a-loeil","status":"publish","type":"post","link":"https:\/\/lescheminsdemusarde.fr\/?p=655","title":{"rendered":"S\u00e9curit\u00e9 routi\u00e8re : les cyclistes, on vous a \u00e0 l&rsquo;\u0153il !"},"content":{"rendered":"<h4 style=\"text-align: justify;\">Le Pr\u00e9sident de la Confr\u00e9rie des 650 est tr\u00e8s en col\u00e8re&#8230;<\/h4>\n<h4 style=\"text-align: justify;\">Repris, avec son autorisation, du site internet http:\/\/www.confreriedes650.org<\/h4>\n<h4><em>(suite \u00e0 l&rsquo;info concernant l&rsquo;exp\u00e9rience tent\u00e9e \u00e0 Strasbourg, de ramener les cyclistes dans le droit chemin du code de la route, \u00e0 grands coups de pioche dans les porte-monnaies).<\/em><\/h4>\n<p><!--more--><\/p>\n<h4 style=\"text-align: justify;\">Nous allons donc s\u00e9vir ! Parce que les cyclistes sont par trop imprudents. Tiens cela me rappelle l&rsquo;article paru un jour dans le courrier Picard, qui demandait aux automobilistes de prendre garde aux animaux dangereux qui peuplent la for\u00eat de Chantilly. Les cerfs, sangliers et autres renards sont \u00e9videmment tr\u00e8s agressifs qui d\u00e9foncent l&rsquo;avant des voitures roulant \u00e0 des 130 km\/h. Pour les cyclistes c&rsquo;est la m\u00eame : ils sont en minorit\u00e9, bien plus expos\u00e9s que les autres utilisateurs de la route (mis \u00e0 part les pi\u00e9tons), mais le bon peuple et ses \u00e9lus se soucient, malgr\u00e9 eux, de la s\u00e9curit\u00e9 des p\u00e9daleurs du fait de l&rsquo;\u00e9norme danger qu&rsquo;ils induisent.<\/h4>\n<h4 style=\"text-align: justify;\">On va donc, pour faire baisser la statistique des accidents, qui fait d\u00e9sordre \u00e0 l&rsquo;heure o\u00f9 le dieu s\u00e9curit\u00e9 r\u00e8gne sur l&rsquo;Olympe sociale, verbaliser les infractions cyclistes. Soit, on ne peut offrir aux cyclistes la totale libert\u00e9 en utilisant la chauss\u00e9e et son environnement. Ce serait ouvrir grand la bo\u00eete de Pandore. Mais peut-on pour autant imposer aux v\u00e9los le m\u00eame r\u00e8glement qu&rsquo;aux voitures ? Ils n&rsquo;ont ni le m\u00eame encombrement, ni la m\u00eame vitesse, ni font montre de l&rsquo;imb\u00e9cile agressivit\u00e9 du conducteur qui, par le simple fait d&rsquo;\u00e9craser un bout de ferraille, fait bondir sa puissante auto.<\/h4>\n<h4 style=\"text-align: justify;\">Bref et \u00e0 notre sens, il faudrait ici encore raison garder. Former simplement le public \u00e0 un minimum de courtoisie et d&rsquo;entente semblerait plus efficace&#8230; et plus simple. Car l\u00e9gif\u00e9rer est une chose, faire respecter la r\u00e8gle en est une autre. La mar\u00e9chauss\u00e9e ayant d&rsquo;autres chats \u00e0 fouetter, qui peine d\u00e9j\u00e0 \u00e0 contr\u00f4ler les voitures. Certes, il faudrait, si l&rsquo;on souhaitait mettre en place la ci-derni\u00e8re proposition, faire appel \u00e0 une certaine dose de mati\u00e8re grise dont on peut bien s\u00fbr se passer lorsqu&rsquo;il s&rsquo;agit simplement de remplir des PV.<\/h4>\n<h4 style=\"text-align: justify;\">Mais enfin soyons magnanimes. Acceptons le fait que nous ne sommes pas, nous autres cyclistes, toujours et tout \u00e0 fait blanc bleu, que la recherche de facilit\u00e9 nous entra\u00eene parfois \u00e0 des comportements un minimum os\u00e9s.<\/h4>\n<h4 style=\"text-align: justify;\">Cela dit, deux choses quand m\u00eame me turlupinent en-dessous du bonnet, que je mets ces temps-ci car il fait grand froid.<\/h4>\n<h4 style=\"text-align: justify;\">Un cas de contravention ! Je cite : \u00ab\u00a0ne pas prendre une piste cyclable\u00a0\u00bb. J&rsquo;ai toujours pris position contre les pistes cyclables hors agglom\u00e9ration, pr\u00e9f\u00e9rant de loin la signal\u00e9tique \u00ab\u00a0partageons la route\u00a0\u00bb. Aurais-je eu raison de craindre que vienne un jour l&rsquo;obligation de ne rouler que sur elles, avec l&rsquo;interdiction adjointe de rouler, l\u00e0 o\u00f9 elles ne sont pas ? Nous n&rsquo;en sommes pas l\u00e0, Dieu merci. Mais gr\u00e2ce \u00e0 ce point de la r\u00e9glementation dont les pontes proposent la mise en place : ce n&rsquo;est d\u00e9sormais plus une utopie.<\/h4>\n<h4 style=\"text-align: justify;\">Quant au second point qui me grattouille l\u00e0 o\u00f9 \u00e7a fait mal, il touche \u00e0 la s\u00e9curit\u00e9. Cette derni\u00e8re est devenue aujourd&rsquo;hui, je le disais, le souci majeur de toutes les instances. Elles tendent \u00e0 surprot\u00e9ger les gens, m\u00eame \u00e0 l&rsquo;insu de leur plein gr\u00e9. Eh bien l\u00e0, braves gens, en vous remerciant de votre sollicitude, je vous prie de vous occuper de vos fesses, en ce qui concerne les miennes, \u00e0 63 ans je suis assez grand pour m&rsquo;en charger.<\/h4>\n<h4>Patrick Jean<\/h4>\n<p>&nbsp;<\/p>\n","protected":false},"excerpt":{"rendered":"<p>Le Pr\u00e9sident de la Confr\u00e9rie des 650 est tr\u00e8s en col\u00e8re&#8230; Repris, avec son autorisation, du site internet http:\/\/www.confreriedes650.org (suite \u00e0 l&rsquo;info concernant l&rsquo;exp\u00e9rience tent\u00e9e \u00e0 Strasbourg, de ramener les cyclistes dans le droit chemin du code de la route, &hellip; <a href=\"https:\/\/lescheminsdemusarde.fr\/?p=655\">Continuer la lecture <span class=\"meta-nav\">&rarr;<\/span><\/a><\/p>\n","protected":false},"author":1,"featured_media":0,"comment_status":"open","ping_status":"closed","sticky":false,"template":"","format":"standard","meta":{"_exactmetrics_skip_tracking":false,"_exactmetrics_sitenote_active":false,"_exactmetrics_sitenote_note":"","_exactmetrics_sitenote_category":0,"footnotes":""},"categories":[1],"tags":[],"class_list":["post-655","post","type-post","status-publish","format-standard","hentry","category-divers"],"_links":{"self":[{"href":"https:\/\/lescheminsdemusarde.fr\/index.php?rest_route=\/wp\/v2\/posts\/655","targetHints":{"allow":["GET"]}}],"collection":[{"href":"https:\/\/lescheminsdemusarde.fr\/index.php?rest_route=\/wp\/v2\/posts"}],"about":[{"href":"https:\/\/lescheminsdemusarde.fr\/index.php?rest_route=\/wp\/v2\/types\/post"}],"author":[{"embeddable":true,"href":"https:\/\/lescheminsdemusarde.fr\/index.php?rest_route=\/wp\/v2\/users\/1"}],"replies":[{"embeddable":true,"href":"https:\/\/lescheminsdemusarde.fr\/index.php?rest_route=%2Fwp%2Fv2%2Fcomments&post=655"}],"version-history":[{"count":6,"href":"https:\/\/lescheminsdemusarde.fr\/index.php?rest_route=\/wp\/v2\/posts\/655\/revisions"}],"predecessor-version":[{"id":661,"href":"https:\/\/lescheminsdemusarde.fr\/index.php?rest_route=\/wp\/v2\/posts\/655\/revisions\/661"}],"wp:attachment":[{"href":"https:\/\/lescheminsdemusarde.fr\/index.php?rest_route=%2Fwp%2Fv2%2Fmedia&parent=655"}],"wp:term":[{"taxonomy":"category","embeddable":true,"href":"https:\/\/lescheminsdemusarde.fr\/index.php?rest_route=%2Fwp%2Fv2%2Fcategories&post=655"},{"taxonomy":"post_tag","embeddable":true,"href":"https:\/\/lescheminsdemusarde.fr\/index.php?rest_route=%2Fwp%2Fv2%2Ftags&post=655"}],"curies":[{"name":"wp","href":"https:\/\/api.w.org\/{rel}","templated":true}]}}