{"id":6901,"date":"2019-03-21T20:56:51","date_gmt":"2019-03-21T19:56:51","guid":{"rendered":"http:\/\/lescheminsdemusarde.fr\/?p=6901"},"modified":"2019-03-28T20:19:55","modified_gmt":"2019-03-28T19:19:55","slug":"une-balade-amicale-ce-jeudi-21-mars-2019","status":"publish","type":"post","link":"https:\/\/lescheminsdemusarde.fr\/?p=6901","title":{"rendered":"Une balade cyclo amicale &#8230;"},"content":{"rendered":"\n<p><strong>Avec Genevi\u00e8ve et Luc, il y avait quelques temps que nous n&rsquo;avions pas roul\u00e9 \u00e0 bicyclette de concert. Ce fut chose faite ce jeudi 21 mars 2019 au d\u00e9part de Selles-sur-Cher (41).<\/strong><\/p>\n\n\n\n<!--more-->\n\n\n\n<p><strong>Nous nous sommes donc retrouv\u00e9s pour une balade amicale \u00e0 trois \u00e0 parcourir les petites routes de l&rsquo;Indre en limite de Loir-et-Cher. Celles-ci nous ont conduits en direction de Varennes-sur-Fouzon, Poulaines et ses belles girouettes, Bouges-le-Ch\u00e2teau et son petit trianon remarquable avec un retour \u00ab\u00a0venteux\u00a0\u00bb par Saint-Christophe-en-Bazelle et Chabris.<\/strong><\/p>\n\n\n\n<figure class=\"wp-block-image\"><img loading=\"lazy\" decoding=\"async\" width=\"1024\" height=\"768\" src=\"https:\/\/lescheminsdemusarde.fr\/wp-content\/uploads\/2019\/03\/0001-7-1024x768.jpg\" alt=\"\" class=\"wp-image-6893\" srcset=\"https:\/\/lescheminsdemusarde.fr\/wp-content\/uploads\/2019\/03\/0001-7.jpg 1024w, https:\/\/lescheminsdemusarde.fr\/wp-content\/uploads\/2019\/03\/0001-7-300x225.jpg 300w, https:\/\/lescheminsdemusarde.fr\/wp-content\/uploads\/2019\/03\/0001-7-768x576.jpg 768w, https:\/\/lescheminsdemusarde.fr\/wp-content\/uploads\/2019\/03\/0001-7-624x468.jpg 624w\" sizes=\"auto, (max-width: 1024px) 100vw, 1024px\" \/><\/figure>\n\n\n\n<p><strong>Le circuit, concoct\u00e9 par Genevi\u00e8ve ma\u00eetre en la mati\u00e8re, \u00e9tait bien pens\u00e9 par de petites routes sans circulation automobile. Les bois travers\u00e9s \u00e9taient les bienvenus afin de nous \u00ab\u00a0couper\u00a0\u00bb du vent.<\/strong><\/p>\n\n\n\n<figure class=\"wp-block-image\"><img loading=\"lazy\" decoding=\"async\" width=\"800\" height=\"600\" src=\"https:\/\/lescheminsdemusarde.fr\/wp-content\/uploads\/2019\/03\/0003-8.jpg\" alt=\"\" class=\"wp-image-6895\" srcset=\"https:\/\/lescheminsdemusarde.fr\/wp-content\/uploads\/2019\/03\/0003-8.jpg 800w, https:\/\/lescheminsdemusarde.fr\/wp-content\/uploads\/2019\/03\/0003-8-300x225.jpg 300w, https:\/\/lescheminsdemusarde.fr\/wp-content\/uploads\/2019\/03\/0003-8-768x576.jpg 768w, https:\/\/lescheminsdemusarde.fr\/wp-content\/uploads\/2019\/03\/0003-8-624x468.jpg 624w\" sizes=\"auto, (max-width: 800px) 100vw, 800px\" \/><\/figure>\n\n\n\n<figure class=\"wp-block-image\"><img loading=\"lazy\" decoding=\"async\" width=\"1024\" height=\"768\" src=\"https:\/\/lescheminsdemusarde.fr\/wp-content\/uploads\/2019\/03\/DSC08171-Luc-1024x768.jpg\" alt=\"\" class=\"wp-image-6979\" srcset=\"https:\/\/lescheminsdemusarde.fr\/wp-content\/uploads\/2019\/03\/DSC08171-Luc-1024x768.jpg 1024w, https:\/\/lescheminsdemusarde.fr\/wp-content\/uploads\/2019\/03\/DSC08171-Luc-300x225.jpg 300w, https:\/\/lescheminsdemusarde.fr\/wp-content\/uploads\/2019\/03\/DSC08171-Luc-768x576.jpg 768w, https:\/\/lescheminsdemusarde.fr\/wp-content\/uploads\/2019\/03\/DSC08171-Luc-624x468.jpg 624w\" sizes=\"auto, (max-width: 1024px) 100vw, 1024px\" \/><\/figure>\n\n\n\n<p><strong>Photo des participants par Luc R.<\/strong><\/p>\n\n\n\n<p><strong>A l&rsquo;arriv\u00e9e, comme \u00e0 l&rsquo;habitude, nous avons arros\u00e9 la journ\u00e9e. Le soleil nous a bien accompagn\u00e9s mais le fond de l&rsquo;air s&rsquo;est av\u00e9r\u00e9 un peu frais par la faute d&rsquo;un petit vent du Nord.<\/strong><br><\/p>\n\n\n\n<figure class=\"wp-block-image\"><img loading=\"lazy\" decoding=\"async\" width=\"800\" height=\"600\" src=\"https:\/\/lescheminsdemusarde.fr\/wp-content\/uploads\/2019\/03\/0006-6.jpg\" alt=\"\" class=\"wp-image-6898\" srcset=\"https:\/\/lescheminsdemusarde.fr\/wp-content\/uploads\/2019\/03\/0006-6.jpg 800w, https:\/\/lescheminsdemusarde.fr\/wp-content\/uploads\/2019\/03\/0006-6-300x225.jpg 300w, https:\/\/lescheminsdemusarde.fr\/wp-content\/uploads\/2019\/03\/0006-6-768x576.jpg 768w, https:\/\/lescheminsdemusarde.fr\/wp-content\/uploads\/2019\/03\/0006-6-624x468.jpg 624w\" sizes=\"auto, (max-width: 800px) 100vw, 800px\" \/><\/figure>\n\n\n\n<p><strong>D\u00e9j\u00e0, rendez-vous est pris pour une prochaine balade amicale&#8230;<\/strong><\/p>\n","protected":false},"excerpt":{"rendered":"<p>Avec Genevi\u00e8ve et Luc, il y avait quelques temps que nous n&rsquo;avions pas roul\u00e9 \u00e0 bicyclette de concert. Ce fut chose faite ce jeudi 21 mars 2019 au d\u00e9part de Selles-sur-Cher (41).<\/p>\n","protected":false},"author":1,"featured_media":0,"comment_status":"closed","ping_status":"closed","sticky":false,"template":"","format":"standard","meta":{"_exactmetrics_skip_tracking":false,"_exactmetrics_sitenote_active":false,"_exactmetrics_sitenote_note":"","_exactmetrics_sitenote_category":0,"footnotes":""},"categories":[3,2],"tags":[],"class_list":["post-6901","post","type-post","status-publish","format-standard","hentry","category-bicyclette","category-randonnees-voyages"],"_links":{"self":[{"href":"https:\/\/lescheminsdemusarde.fr\/index.php?rest_route=\/wp\/v2\/posts\/6901","targetHints":{"allow":["GET"]}}],"collection":[{"href":"https:\/\/lescheminsdemusarde.fr\/index.php?rest_route=\/wp\/v2\/posts"}],"about":[{"href":"https:\/\/lescheminsdemusarde.fr\/index.php?rest_route=\/wp\/v2\/types\/post"}],"author":[{"embeddable":true,"href":"https:\/\/lescheminsdemusarde.fr\/index.php?rest_route=\/wp\/v2\/users\/1"}],"replies":[{"embeddable":true,"href":"https:\/\/lescheminsdemusarde.fr\/index.php?rest_route=%2Fwp%2Fv2%2Fcomments&post=6901"}],"version-history":[{"count":7,"href":"https:\/\/lescheminsdemusarde.fr\/index.php?rest_route=\/wp\/v2\/posts\/6901\/revisions"}],"predecessor-version":[{"id":6980,"href":"https:\/\/lescheminsdemusarde.fr\/index.php?rest_route=\/wp\/v2\/posts\/6901\/revisions\/6980"}],"wp:attachment":[{"href":"https:\/\/lescheminsdemusarde.fr\/index.php?rest_route=%2Fwp%2Fv2%2Fmedia&parent=6901"}],"wp:term":[{"taxonomy":"category","embeddable":true,"href":"https:\/\/lescheminsdemusarde.fr\/index.php?rest_route=%2Fwp%2Fv2%2Fcategories&post=6901"},{"taxonomy":"post_tag","embeddable":true,"href":"https:\/\/lescheminsdemusarde.fr\/index.php?rest_route=%2Fwp%2Fv2%2Ftags&post=6901"}],"curies":[{"name":"wp","href":"https:\/\/api.w.org\/{rel}","templated":true}]}}