{"id":7010,"date":"2019-04-01T17:31:33","date_gmt":"2019-04-01T16:31:33","guid":{"rendered":"http:\/\/lescheminsdemusarde.fr\/?p=7010"},"modified":"2022-04-04T06:33:39","modified_gmt":"2022-04-04T05:33:39","slug":"une-nouvelle-piste-cyclable-entre-mer-et-la-grenouillere","status":"publish","type":"post","link":"https:\/\/lescheminsdemusarde.fr\/?p=7010","title":{"rendered":"Une nouvelle piste cyclable entre Mer et La Grenouill\u00e8re en Loir-et-Cher"},"content":{"rendered":"\n<p><strong><em>A ce jour d&rsquo;avril 2022, il faut bien reconna\u00eetre que cette piste cyclable, partag\u00e9e entre mobilit\u00e9s douces et tracteurs agricoles, ne r\u00e9pond pas aux attentes et devient m\u00eame dangereuse avec les plaques de terre laiss\u00e9es par les tracteurs.<\/em> <em>Le cycliste est en danger ! D\u00e9ception !<\/em><\/strong><\/p>\n\n\n\n<p><strong>D\u00e9cid\u00e9ment, notre Communaut\u00e9 de Communes, la CCBVL, apporte un plus dans la circulation cycliste sur son territoire avec la cr\u00e9ation d&rsquo;une nouvelle piste cyclable entre la sortie de Mer (41) c\u00f4t\u00e9 Blois et le camping international de La Grenouill\u00e8re c\u00f4t\u00e9 Su\u00e8vres.<\/strong><\/p>\n\n\n\n<!--more-->\n\n\n\n<p><strong>Cette r\u00e9alisation va permettre aux touristes de passage au camping d&rsquo;\u00e9viter de circuler sur la D2152 fort dangereuse afin d&rsquo;aller faire leurs commissions du c\u00f4t\u00e9 des grandes surfaces de la ville&#8230; !!!<\/strong><\/p>\n\n\n\n<p><strong>Vous trouverez ci-dessous les photos de l&rsquo;am\u00e9nagement en question&#8230; et un compl\u00e9ment fort int\u00e9ressant !<\/strong><\/p>\n\n\n\n<figure class=\"wp-block-image\"><img loading=\"lazy\" decoding=\"async\" width=\"600\" height=\"800\" src=\"https:\/\/lescheminsdemusarde.fr\/wp-content\/uploads\/2019\/04\/0003.jpg\" alt=\"\" class=\"wp-image-7000\" srcset=\"https:\/\/lescheminsdemusarde.fr\/wp-content\/uploads\/2019\/04\/0003.jpg 600w, https:\/\/lescheminsdemusarde.fr\/wp-content\/uploads\/2019\/04\/0003-225x300.jpg 225w\" sizes=\"auto, (max-width: 600px) 100vw, 600px\" \/><\/figure>\n\n\n\n<figure class=\"wp-block-image\"><img loading=\"lazy\" decoding=\"async\" width=\"800\" height=\"600\" src=\"https:\/\/lescheminsdemusarde.fr\/wp-content\/uploads\/2019\/04\/0001.jpg\" alt=\"\" class=\"wp-image-6998\" srcset=\"https:\/\/lescheminsdemusarde.fr\/wp-content\/uploads\/2019\/04\/0001.jpg 800w, https:\/\/lescheminsdemusarde.fr\/wp-content\/uploads\/2019\/04\/0001-300x225.jpg 300w, https:\/\/lescheminsdemusarde.fr\/wp-content\/uploads\/2019\/04\/0001-768x576.jpg 768w, https:\/\/lescheminsdemusarde.fr\/wp-content\/uploads\/2019\/04\/0001-624x468.jpg 624w\" sizes=\"auto, (max-width: 800px) 100vw, 800px\" \/><\/figure>\n\n\n\n<figure class=\"wp-block-image\"><img loading=\"lazy\" decoding=\"async\" width=\"800\" height=\"600\" src=\"https:\/\/lescheminsdemusarde.fr\/wp-content\/uploads\/2019\/04\/0002.jpg\" alt=\"\" class=\"wp-image-6999\" srcset=\"https:\/\/lescheminsdemusarde.fr\/wp-content\/uploads\/2019\/04\/0002.jpg 800w, https:\/\/lescheminsdemusarde.fr\/wp-content\/uploads\/2019\/04\/0002-300x225.jpg 300w, https:\/\/lescheminsdemusarde.fr\/wp-content\/uploads\/2019\/04\/0002-768x576.jpg 768w, https:\/\/lescheminsdemusarde.fr\/wp-content\/uploads\/2019\/04\/0002-624x468.jpg 624w\" sizes=\"auto, (max-width: 800px) 100vw, 800px\" \/><\/figure>\n\n\n\n<figure class=\"wp-block-image\"><img loading=\"lazy\" decoding=\"async\" width=\"800\" height=\"600\" src=\"https:\/\/lescheminsdemusarde.fr\/wp-content\/uploads\/2019\/04\/0004.jpg\" alt=\"\" class=\"wp-image-7001\" srcset=\"https:\/\/lescheminsdemusarde.fr\/wp-content\/uploads\/2019\/04\/0004.jpg 800w, https:\/\/lescheminsdemusarde.fr\/wp-content\/uploads\/2019\/04\/0004-300x225.jpg 300w, https:\/\/lescheminsdemusarde.fr\/wp-content\/uploads\/2019\/04\/0004-768x576.jpg 768w, https:\/\/lescheminsdemusarde.fr\/wp-content\/uploads\/2019\/04\/0004-624x468.jpg 624w\" sizes=\"auto, (max-width: 800px) 100vw, 800px\" \/><\/figure>\n\n\n\n<figure class=\"wp-block-image\"><img loading=\"lazy\" decoding=\"async\" width=\"800\" height=\"600\" src=\"https:\/\/lescheminsdemusarde.fr\/wp-content\/uploads\/2019\/04\/0005.jpg\" alt=\"\" class=\"wp-image-7002\" srcset=\"https:\/\/lescheminsdemusarde.fr\/wp-content\/uploads\/2019\/04\/0005.jpg 800w, https:\/\/lescheminsdemusarde.fr\/wp-content\/uploads\/2019\/04\/0005-300x225.jpg 300w, https:\/\/lescheminsdemusarde.fr\/wp-content\/uploads\/2019\/04\/0005-768x576.jpg 768w, https:\/\/lescheminsdemusarde.fr\/wp-content\/uploads\/2019\/04\/0005-624x468.jpg 624w\" sizes=\"auto, (max-width: 800px) 100vw, 800px\" \/><\/figure>\n\n\n\n<p><strong>J&rsquo;ai pouss\u00e9 ma curiosit\u00e9 un peu plus loin&#8230;<\/strong><\/p>\n\n\n\n<p><strong>Les \u00e9diles du village de Su\u00e8vres (41) souhaitent voir cette piste cyclable prolong\u00e9e jusqu&rsquo;au coeur du village le long de la D2152&#8230; Demande fort louable par ailleurs !<\/strong><\/p>\n\n\n\n<p><strong>Sauf qu&rsquo;il existe un, voire deux itin\u00e9raires diff\u00e9rents afin de gagner Su\u00e8vres : un itin\u00e9raire \u00ab\u00a0Su\u00e8vres VTT\u00a0\u00bb fl\u00e9ch\u00e9 et un itin\u00e9raire \u00ab\u00a0Su\u00e8ves \u00e0 v\u00e9lo\u00a0\u00bb \u00e9galement fl\u00e9ch\u00e9 via les hameaux de Levrault, Dizier et Les Bonneaux. (Itin\u00e9raires sans doute fl\u00e9ch\u00e9s par la CCBVL \u00e0 la demande des \u00e9lus de Su\u00e8vres.)<\/strong><\/p>\n\n\n\n<p><strong>La difficult\u00e9 est de trouver ces deux itin\u00e9raires au d\u00e9part de La Grenouill\u00e8re car il y a une absence (volontaire ???) de la premi\u00e8re fl\u00e8che directionnelle vers ces deux itin\u00e9raires possibles&#8230;<\/strong><\/p>\n\n\n\n<p><strong>Un autre point de curiosit\u00e9 de ma part a \u00e9t\u00e9 de mesurer sur le terrain, \u00e0 bicyclette, un des deux itin\u00e9raires propos\u00e9s, celui appel\u00e9 par signal\u00e9tique \u00ab\u00a0Su\u00e8vres \u00e0 v\u00e9lo\u00a0\u00bb de La Grenouill\u00e8re \u00e0 Su\u00e8vres via Levrault, Dizier, Les Bonneaux, j&rsquo;ai trouv\u00e9 pile 5 km.<\/strong><\/p>\n\n\n\n<p><strong>Entre la Grenouill\u00e8re et le centre du village de Su\u00e8vres par la D 2152 il y a 3 km, donc une diff\u00e9rence de 2 km !<\/strong><\/p>\n\n\n\n<p><strong>Aussi, on peut se demander s&rsquo;il est judicieux de construire 3 km de piste cyclable le long de la D 2152 alors qu&rsquo;il existe deux autres itin\u00e9raires par ailleurs ?<\/strong><\/p>\n\n\n\n<p><strong>Le contribuable peut se poser cette l\u00e9gitime question !<\/strong><\/p>\n\n\n\n<p><strong>Voici les photos qui font foi&#8230;<\/strong><\/p>\n\n\n\n<figure class=\"wp-block-image\"><img loading=\"lazy\" decoding=\"async\" width=\"800\" height=\"600\" src=\"https:\/\/lescheminsdemusarde.fr\/wp-content\/uploads\/2019\/04\/0007.jpg\" alt=\"\" class=\"wp-image-7004\" srcset=\"https:\/\/lescheminsdemusarde.fr\/wp-content\/uploads\/2019\/04\/0007.jpg 800w, https:\/\/lescheminsdemusarde.fr\/wp-content\/uploads\/2019\/04\/0007-300x225.jpg 300w, https:\/\/lescheminsdemusarde.fr\/wp-content\/uploads\/2019\/04\/0007-768x576.jpg 768w, https:\/\/lescheminsdemusarde.fr\/wp-content\/uploads\/2019\/04\/0007-624x468.jpg 624w\" sizes=\"auto, (max-width: 800px) 100vw, 800px\" \/><figcaption><strong>Absence de signal\u00e9tique vers \u00ab\u00a0Su\u00e8vres \u00e0 v\u00e9lo\u00a0\u00bb<\/strong><\/figcaption><\/figure>\n\n\n\n<figure class=\"wp-block-image\"><img loading=\"lazy\" decoding=\"async\" width=\"800\" height=\"600\" src=\"https:\/\/lescheminsdemusarde.fr\/wp-content\/uploads\/2019\/04\/0008.jpg\" alt=\"\" class=\"wp-image-7005\" srcset=\"https:\/\/lescheminsdemusarde.fr\/wp-content\/uploads\/2019\/04\/0008.jpg 800w, https:\/\/lescheminsdemusarde.fr\/wp-content\/uploads\/2019\/04\/0008-300x225.jpg 300w, https:\/\/lescheminsdemusarde.fr\/wp-content\/uploads\/2019\/04\/0008-768x576.jpg 768w, https:\/\/lescheminsdemusarde.fr\/wp-content\/uploads\/2019\/04\/0008-624x468.jpg 624w\" sizes=\"auto, (max-width: 800px) 100vw, 800px\" \/><figcaption><strong>\u00ab\u00a0Su\u00e8vres VTT\u00a0\u00bb<\/strong><\/figcaption><\/figure>\n\n\n\n<figure class=\"wp-block-image\"><img loading=\"lazy\" decoding=\"async\" width=\"800\" height=\"600\" src=\"https:\/\/lescheminsdemusarde.fr\/wp-content\/uploads\/2019\/04\/0009.jpg\" alt=\"\" class=\"wp-image-7006\" srcset=\"https:\/\/lescheminsdemusarde.fr\/wp-content\/uploads\/2019\/04\/0009.jpg 800w, https:\/\/lescheminsdemusarde.fr\/wp-content\/uploads\/2019\/04\/0009-300x225.jpg 300w, https:\/\/lescheminsdemusarde.fr\/wp-content\/uploads\/2019\/04\/0009-768x576.jpg 768w, https:\/\/lescheminsdemusarde.fr\/wp-content\/uploads\/2019\/04\/0009-624x468.jpg 624w\" sizes=\"auto, (max-width: 800px) 100vw, 800px\" \/><figcaption><strong>\u00ab\u00a0Su\u00e8vres \u00e0 v\u00e9lo\u00a0\u00bb vers Levrault.<\/strong><\/figcaption><\/figure>\n\n\n\n<figure class=\"wp-block-image\"><img loading=\"lazy\" decoding=\"async\" width=\"800\" height=\"600\" src=\"https:\/\/lescheminsdemusarde.fr\/wp-content\/uploads\/2019\/04\/00010.jpg\" alt=\"\" class=\"wp-image-7007\" srcset=\"https:\/\/lescheminsdemusarde.fr\/wp-content\/uploads\/2019\/04\/00010.jpg 800w, https:\/\/lescheminsdemusarde.fr\/wp-content\/uploads\/2019\/04\/00010-300x225.jpg 300w, https:\/\/lescheminsdemusarde.fr\/wp-content\/uploads\/2019\/04\/00010-768x576.jpg 768w, https:\/\/lescheminsdemusarde.fr\/wp-content\/uploads\/2019\/04\/00010-624x468.jpg 624w\" sizes=\"auto, (max-width: 800px) 100vw, 800px\" \/><figcaption><strong>\u00ab\u00a0Su\u00e8vres \u00e0 v\u00e9lo\u00a0\u00bb vers Dizier.<\/strong><\/figcaption><\/figure>\n\n\n\n<figure class=\"wp-block-image\"><img loading=\"lazy\" decoding=\"async\" width=\"800\" height=\"600\" src=\"https:\/\/lescheminsdemusarde.fr\/wp-content\/uploads\/2019\/04\/00011.jpg\" alt=\"\" class=\"wp-image-7008\" srcset=\"https:\/\/lescheminsdemusarde.fr\/wp-content\/uploads\/2019\/04\/00011.jpg 800w, https:\/\/lescheminsdemusarde.fr\/wp-content\/uploads\/2019\/04\/00011-300x225.jpg 300w, https:\/\/lescheminsdemusarde.fr\/wp-content\/uploads\/2019\/04\/00011-768x576.jpg 768w, https:\/\/lescheminsdemusarde.fr\/wp-content\/uploads\/2019\/04\/00011-624x468.jpg 624w\" sizes=\"auto, (max-width: 800px) 100vw, 800px\" \/><figcaption><strong>\u00ab\u00a0Su\u00e8vres VTT\u00a0\u00bb. Pas vu de signal\u00e9tique aux Bonneaux<\/strong><\/figcaption><\/figure>\n\n\n\n<figure class=\"wp-block-image\"><img loading=\"lazy\" decoding=\"async\" width=\"800\" height=\"600\" src=\"https:\/\/lescheminsdemusarde.fr\/wp-content\/uploads\/2019\/04\/00012.jpg\" alt=\"\" class=\"wp-image-7009\" srcset=\"https:\/\/lescheminsdemusarde.fr\/wp-content\/uploads\/2019\/04\/00012.jpg 800w, https:\/\/lescheminsdemusarde.fr\/wp-content\/uploads\/2019\/04\/00012-300x225.jpg 300w, https:\/\/lescheminsdemusarde.fr\/wp-content\/uploads\/2019\/04\/00012-768x576.jpg 768w, https:\/\/lescheminsdemusarde.fr\/wp-content\/uploads\/2019\/04\/00012-624x468.jpg 624w\" sizes=\"auto, (max-width: 800px) 100vw, 800px\" \/><figcaption><strong>\u00ab\u00a0Su\u00e8vres \u00e0 v\u00e9lo\u00a0\u00bb et on arrive \u00e0 Su\u00e8vres.<\/strong><\/figcaption><\/figure>\n\n\n\n<p><strong>Il est vrai, il faut le reconnaitre, la CCBVL dans son \u00e9tude, n&rsquo;a pas fait appel aux sp\u00e9cialistes de la Mobilit\u00e9 Douce mais plut\u00f4t \u00e0 un cabinet \u00ab\u00a0sp\u00e9cialis\u00e9\u00a0\u00bb dont les \u00ab\u00a0sp\u00e9cialistes\u00a0\u00bb ne sont jamais mont\u00e9s sur une bicyclette !!! On peut remarquer des oublis d&rsquo;importance comme un panneau \u00ab\u00a0Stop\u00a0\u00bb \u00e0 l&rsquo;entr\u00e9e au camping de la Grenouill\u00e8re dans les deux sens et \u00e0 l&rsquo;intersection de la petite route vers Levrault &#8230;<\/strong><\/p>\n\n\n\n<p><strong>La meilleure solution sans doute aurait \u00e9t\u00e9 de construire cette piste cyclable c\u00f4t\u00e9 Sud le long de la D 2152 avec une travers\u00e9e s\u00e9curis\u00e9e \u00e0 hauteur de La Grenouill\u00e8re et avec la possibilit\u00e9 de rejoindre la base nautique du Domino et l&rsquo;acc\u00e8s au centre de Su\u00e8vres facilit\u00e9, via la zone artisanale des Places.<\/strong><\/p>\n\n\n\n<p><strong>L&rsquo;essentiel cependant r\u00e9side dans le fait que de toute mani\u00e8re les cyclistes sont heureux de circuler en toute s\u00e9curit\u00e9.<\/strong><\/p>\n","protected":false},"excerpt":{"rendered":"<p>A ce jour d&rsquo;avril 2022, il faut bien reconna\u00eetre que cette piste cyclable, partag\u00e9e entre mobilit\u00e9s douces et tracteurs agricoles, ne r\u00e9pond pas aux attentes et devient m\u00eame dangereuse avec les plaques de terre laiss\u00e9es par les tracteurs. Le cycliste &hellip; <a href=\"https:\/\/lescheminsdemusarde.fr\/?p=7010\">Continuer la lecture <span class=\"meta-nav\">&rarr;<\/span><\/a><\/p>\n","protected":false},"author":1,"featured_media":0,"comment_status":"closed","ping_status":"closed","sticky":false,"template":"","format":"standard","meta":{"_exactmetrics_skip_tracking":false,"_exactmetrics_sitenote_active":false,"_exactmetrics_sitenote_note":"","_exactmetrics_sitenote_category":0,"footnotes":""},"categories":[1],"tags":[],"class_list":["post-7010","post","type-post","status-publish","format-standard","hentry","category-divers"],"_links":{"self":[{"href":"https:\/\/lescheminsdemusarde.fr\/index.php?rest_route=\/wp\/v2\/posts\/7010","targetHints":{"allow":["GET"]}}],"collection":[{"href":"https:\/\/lescheminsdemusarde.fr\/index.php?rest_route=\/wp\/v2\/posts"}],"about":[{"href":"https:\/\/lescheminsdemusarde.fr\/index.php?rest_route=\/wp\/v2\/types\/post"}],"author":[{"embeddable":true,"href":"https:\/\/lescheminsdemusarde.fr\/index.php?rest_route=\/wp\/v2\/users\/1"}],"replies":[{"embeddable":true,"href":"https:\/\/lescheminsdemusarde.fr\/index.php?rest_route=%2Fwp%2Fv2%2Fcomments&post=7010"}],"version-history":[{"count":10,"href":"https:\/\/lescheminsdemusarde.fr\/index.php?rest_route=\/wp\/v2\/posts\/7010\/revisions"}],"predecessor-version":[{"id":12495,"href":"https:\/\/lescheminsdemusarde.fr\/index.php?rest_route=\/wp\/v2\/posts\/7010\/revisions\/12495"}],"wp:attachment":[{"href":"https:\/\/lescheminsdemusarde.fr\/index.php?rest_route=%2Fwp%2Fv2%2Fmedia&parent=7010"}],"wp:term":[{"taxonomy":"category","embeddable":true,"href":"https:\/\/lescheminsdemusarde.fr\/index.php?rest_route=%2Fwp%2Fv2%2Fcategories&post=7010"},{"taxonomy":"post_tag","embeddable":true,"href":"https:\/\/lescheminsdemusarde.fr\/index.php?rest_route=%2Fwp%2Fv2%2Ftags&post=7010"}],"curies":[{"name":"wp","href":"https:\/\/api.w.org\/{rel}","templated":true}]}}