{"id":7049,"date":"2019-04-07T12:05:53","date_gmt":"2019-04-07T11:05:53","guid":{"rendered":"http:\/\/lescheminsdemusarde.fr\/?p=7049"},"modified":"2019-04-09T07:38:59","modified_gmt":"2019-04-09T06:38:59","slug":"rando-de-lamitie-2019","status":"publish","type":"post","link":"https:\/\/lescheminsdemusarde.fr\/?p=7049","title":{"rendered":"Rando de l&rsquo;Amiti\u00e9 2019"},"content":{"rendered":"\n<p><strong>Le samedi 6 avril 2019 se sont retrouv\u00e9s \u00e0 MER, en Loir-et-Cher, les participants \u00e0 cette nouvelle rando de l&rsquo;Amiti\u00e9 2019, en toute discr\u00e9tion. Certains habitu\u00e9s des autres ann\u00e9es avaient un mot d&rsquo;excuse par suite d&rsquo;un voyage \u00e0 l&rsquo;\u00e9tranger, Italie pour Genevi\u00e8ve, Espagne pour Luc.<\/strong><\/p>\n\n\n\n<!--more-->\n\n\n\n<p><strong>Donc, c&rsquo;est \u00e0 huit amis que le d\u00e9part a \u00e9t\u00e9 pris de Mer en Loir-et-Cher. Le soleil \u00e9tait pr\u00e9sent, mais on sentait bien qu&rsquo;il n&rsquo;en ferait qu&rsquo;\u00e0 sa t\u00eate.<\/strong><\/p>\n\n\n\n<p><strong>Direction le Val de MERoisie afin de saluer Messire Gaspard du Val, l&rsquo;\u00e2ne c\u00e9l\u00e8bre de Jean-Pierre l&rsquo;organisateur, tout content de voir des cyclos en goguette s\u2019int\u00e9ressaient \u00e0 lui.<\/strong><\/p>\n\n\n\n<p><strong>Via des petits chemins de terre, sp\u00e9cialit\u00e9 de l&rsquo;organisateur, les touristes \u00e0 bicyclette sont parvenus au moulin-cavier de Nouan-sur-Loire avant de gagner les villages de Crouy-sur-Cosson et Thoury pour aborder le Domaine de Chambord par la Canardi\u00e8re o\u00f9 le point de vue sur le ch\u00e2teau de Fran\u00e7ois 1er est des plus jolis.<\/strong><\/p>\n\n\n\n<p><strong>Voila l&rsquo;\u00e9tang de Montpercher, lieu du pique-nique de tradition. Apr\u00e8s des agapes joyeuses, le retour se fait par la for\u00eat de Boulogne et ses pistes cyclables avant de rejoindre Chambord abord\u00e9 par le joli \u00e9tang de la Faisanderie.<\/strong><\/p>\n\n\n\n<p><strong>La remont\u00e9e par l&rsquo;Ormetrou et ses vignes prestigieuses nous voit accueillir d&rsquo;un mauvaise \u0153il les gouttes d&rsquo;une pluie pas invit\u00e9e pour l&rsquo;occasion.<\/strong><\/p>\n\n\n\n<p><strong>Nous gagnions rapidement le tr\u00e8s beau village de Saint-Dy\u00e9-sur-Loire (41) et le port de Chambord avant de rejoindre, par un dernier petit chemin de terre,  Muides-sur-Loire (41) pour regagner la petite ville de MER o\u00f9 l&rsquo;organisateur et son \u00e9pouse ont offert aux participants le pot de l&rsquo;Amiti\u00e9 avant la s\u00e9paration.<\/strong><\/p>\n\n\n\n<p><strong>66 km entre soleil, ciel couvert et quelques gouttes, toujours trop nombreuses, de pluie. Une belle journ\u00e9e de cyclo-amiti\u00e9.<\/strong><\/p>\n\n\n\n<p><strong>Merci les amis, au plaisir&#8230;<\/strong><\/p>\n\n\n\n<p style=\"color:#d30d1a\" class=\"has-text-color has-medium-font-size\"><strong><a href=\"https:\/\/lescheminsdemusarde.fr\/?p=7046#more-7046\">LES PHOTOS SONT ICI&#8230;<\/a><\/strong><br><\/p>\n","protected":false},"excerpt":{"rendered":"<p>Le samedi 6 avril 2019 se sont retrouv\u00e9s \u00e0 MER, en Loir-et-Cher, les participants \u00e0 cette nouvelle rando de l&rsquo;Amiti\u00e9 2019, en toute discr\u00e9tion. Certains habitu\u00e9s des autres ann\u00e9es avaient un mot d&rsquo;excuse par suite d&rsquo;un voyage \u00e0 l&rsquo;\u00e9tranger, Italie &hellip; <a href=\"https:\/\/lescheminsdemusarde.fr\/?p=7049\">Continuer la lecture <span class=\"meta-nav\">&rarr;<\/span><\/a><\/p>\n","protected":false},"author":1,"featured_media":0,"comment_status":"closed","ping_status":"closed","sticky":false,"template":"","format":"standard","meta":{"_exactmetrics_skip_tracking":false,"_exactmetrics_sitenote_active":false,"_exactmetrics_sitenote_note":"","_exactmetrics_sitenote_category":0,"footnotes":""},"categories":[3,2],"tags":[],"class_list":["post-7049","post","type-post","status-publish","format-standard","hentry","category-bicyclette","category-randonnees-voyages"],"_links":{"self":[{"href":"https:\/\/lescheminsdemusarde.fr\/index.php?rest_route=\/wp\/v2\/posts\/7049","targetHints":{"allow":["GET"]}}],"collection":[{"href":"https:\/\/lescheminsdemusarde.fr\/index.php?rest_route=\/wp\/v2\/posts"}],"about":[{"href":"https:\/\/lescheminsdemusarde.fr\/index.php?rest_route=\/wp\/v2\/types\/post"}],"author":[{"embeddable":true,"href":"https:\/\/lescheminsdemusarde.fr\/index.php?rest_route=\/wp\/v2\/users\/1"}],"replies":[{"embeddable":true,"href":"https:\/\/lescheminsdemusarde.fr\/index.php?rest_route=%2Fwp%2Fv2%2Fcomments&post=7049"}],"version-history":[{"count":7,"href":"https:\/\/lescheminsdemusarde.fr\/index.php?rest_route=\/wp\/v2\/posts\/7049\/revisions"}],"predecessor-version":[{"id":7067,"href":"https:\/\/lescheminsdemusarde.fr\/index.php?rest_route=\/wp\/v2\/posts\/7049\/revisions\/7067"}],"wp:attachment":[{"href":"https:\/\/lescheminsdemusarde.fr\/index.php?rest_route=%2Fwp%2Fv2%2Fmedia&parent=7049"}],"wp:term":[{"taxonomy":"category","embeddable":true,"href":"https:\/\/lescheminsdemusarde.fr\/index.php?rest_route=%2Fwp%2Fv2%2Fcategories&post=7049"},{"taxonomy":"post_tag","embeddable":true,"href":"https:\/\/lescheminsdemusarde.fr\/index.php?rest_route=%2Fwp%2Fv2%2Ftags&post=7049"}],"curies":[{"name":"wp","href":"https:\/\/api.w.org\/{rel}","templated":true}]}}