{"id":7137,"date":"2019-04-23T14:41:25","date_gmt":"2019-04-23T13:41:25","guid":{"rendered":"http:\/\/lescheminsdemusarde.fr\/?p=7137"},"modified":"2019-04-23T21:43:09","modified_gmt":"2019-04-23T20:43:09","slug":"paques-2019-en-iles-noirmoutier-et-yeu","status":"publish","type":"post","link":"https:\/\/lescheminsdemusarde.fr\/?p=7137","title":{"rendered":"P\u00e2ques 2019 en \u00eeles : Noirmoutier et Yeu"},"content":{"rendered":"\n<p><strong>Mon club de randonn\u00e9e p\u00e9destre, Blois B\u00e9gon Randonn\u00e9e, avait propos\u00e9 d&rsquo;aller faire nos \u00ab\u00a0P\u00e2ques\u00a0\u00bb dans les \u00eeles de Noirmoutier le samedi 20 et le dimanche 21 avril et de d\u00e9couvrir l&rsquo;\u00eele d&rsquo;Yeu le lundi 22 avril 2019. Nous \u00e9tions 43 \u00e0 avoir r\u00e9pondu \u00e0 l&rsquo;invitation.<\/strong><\/p>\n\n\n\n<!--more-->\n\n\n\n<p><strong>Tout ce week-end, l&rsquo;ambiance a \u00e9t\u00e9 joyeuse et complice entre les participants. Nous avons d\u00e9couvert des endroits inconnus ou m\u00e9connus de notre beau pays.<\/strong><\/p>\n\n\n\n<p><strong>Si, beaucoup d&rsquo;entre-nous avaient d\u00e9j\u00e0 foul\u00e9 du pied Noirmoutier, l&rsquo;\u00eele d&rsquo;Yeu \u00e9tait inconnue de beaucoup. Le temps nous a manqu\u00e9 pour tout d\u00e9couvrir et nous reviendrons, oblig\u00e9s que nous sommes &#8230;<\/strong><\/p>\n\n\n\n<p><strong>Un grand MERCI \u00e0 Jean-Jacques pour son organisation. Ce fut un beau moment de randos p\u00e9destres de qualit\u00e9 qui laissera de grands souvenirs de d\u00e9couvertes, de plaisir, d&rsquo;amiti\u00e9 et de franches rigolades.<\/strong><\/p>\n\n\n\n<p style=\"color:#a30500\" class=\"has-text-color\"><strong><a href=\"https:\/\/lescheminsdemusarde.fr\/?p=7135#more-7135\">LES PHOTOS SONT ICI&#8230;<\/a><\/strong><\/p>\n\n\n\n<p><\/p>\n","protected":false},"excerpt":{"rendered":"<p>Mon club de randonn\u00e9e p\u00e9destre, Blois B\u00e9gon Randonn\u00e9e, avait propos\u00e9 d&rsquo;aller faire nos \u00ab\u00a0P\u00e2ques\u00a0\u00bb dans les \u00eeles de Noirmoutier le samedi 20 et le dimanche 21 avril et de d\u00e9couvrir l&rsquo;\u00eele d&rsquo;Yeu le lundi 22 avril 2019. Nous \u00e9tions 43 &hellip; <a href=\"https:\/\/lescheminsdemusarde.fr\/?p=7137\">Continuer la lecture <span class=\"meta-nav\">&rarr;<\/span><\/a><\/p>\n","protected":false},"author":1,"featured_media":0,"comment_status":"closed","ping_status":"closed","sticky":false,"template":"","format":"standard","meta":{"_exactmetrics_skip_tracking":false,"_exactmetrics_sitenote_active":false,"_exactmetrics_sitenote_note":"","_exactmetrics_sitenote_category":0,"footnotes":""},"categories":[4,2],"tags":[],"class_list":["post-7137","post","type-post","status-publish","format-standard","hentry","category-pedestre","category-randonnees-voyages"],"_links":{"self":[{"href":"https:\/\/lescheminsdemusarde.fr\/index.php?rest_route=\/wp\/v2\/posts\/7137","targetHints":{"allow":["GET"]}}],"collection":[{"href":"https:\/\/lescheminsdemusarde.fr\/index.php?rest_route=\/wp\/v2\/posts"}],"about":[{"href":"https:\/\/lescheminsdemusarde.fr\/index.php?rest_route=\/wp\/v2\/types\/post"}],"author":[{"embeddable":true,"href":"https:\/\/lescheminsdemusarde.fr\/index.php?rest_route=\/wp\/v2\/users\/1"}],"replies":[{"embeddable":true,"href":"https:\/\/lescheminsdemusarde.fr\/index.php?rest_route=%2Fwp%2Fv2%2Fcomments&post=7137"}],"version-history":[{"count":5,"href":"https:\/\/lescheminsdemusarde.fr\/index.php?rest_route=\/wp\/v2\/posts\/7137\/revisions"}],"predecessor-version":[{"id":7150,"href":"https:\/\/lescheminsdemusarde.fr\/index.php?rest_route=\/wp\/v2\/posts\/7137\/revisions\/7150"}],"wp:attachment":[{"href":"https:\/\/lescheminsdemusarde.fr\/index.php?rest_route=%2Fwp%2Fv2%2Fmedia&parent=7137"}],"wp:term":[{"taxonomy":"category","embeddable":true,"href":"https:\/\/lescheminsdemusarde.fr\/index.php?rest_route=%2Fwp%2Fv2%2Fcategories&post=7137"},{"taxonomy":"post_tag","embeddable":true,"href":"https:\/\/lescheminsdemusarde.fr\/index.php?rest_route=%2Fwp%2Fv2%2Ftags&post=7137"}],"curies":[{"name":"wp","href":"https:\/\/api.w.org\/{rel}","templated":true}]}}