{"id":7474,"date":"2019-06-07T15:15:55","date_gmt":"2019-06-07T14:15:55","guid":{"rendered":"http:\/\/lescheminsdemusarde.fr\/?p=7474"},"modified":"2019-06-07T15:34:33","modified_gmt":"2019-06-07T14:34:33","slug":"7474","status":"publish","type":"post","link":"https:\/\/lescheminsdemusarde.fr\/?p=7474","title":{"rendered":"Ce vendredi 7 juin 2019, l\u2019Assembl\u00e9e Nationale ne rend pas le casque obligatoire \u00e0 v\u00e9lo ou \u00e0 trottinette"},"content":{"rendered":"\n<p><em>Repris du site internet https:\/\/www.lemonde.fr\/politique\/article\/2019\/06\/07\/l-assemblee-ne-rend-pas-le-casque-obligatoire-a-velo-ou-a-trottinette_5473167_823448.html<\/em><\/p>\n\n\n\n<h1 class=\"wp-block-heading\"><\/h1>\n\n\n\n<p><strong>  Selon la ministre des transports, le port du casque est seulement recommand\u00e9 et chacun prend ses responsabilit\u00e9s. <\/strong><\/p>\n\n\n\n<p><strong>L\u2019Assembl\u00e9e  nationale a vot\u00e9 vendredi 7&nbsp;juin 2019 contre une obligation du port du  casque \u00e0 v\u00e9lo ou \u00e0 trottinette \u00e9lectrique. Elisabeth Borne, la ministre  des transports, demandait le rejet d\u2019une s\u00e9rie d\u2019amendements qui  visaient \u00e0 inscrire cette obligation dans le projet de loi sur les  mobilit\u00e9s.<\/strong><\/p>\n\n\n\n<!--more-->\n\n\n\n<p><em><strong>\u00ab&nbsp;Le gouvernement est r\u00e9solument contre l\u2019obligation du port du casque sur les v\u00e9los au-del\u00e0 de 12&nbsp;ans&nbsp;<\/strong><\/em><strong>[et]<\/strong><em><strong>&nbsp;sur les trottinettes<\/strong><\/em><strong>, qui vont \u00eatre brid\u00e9es \u00e0 20&nbsp;km\/h, a d\u00e9clar\u00e9 Elisabeth Borne. <\/strong><em><strong>Les  Fran\u00e7ais en ont marre qu\u2019on leur impose des obligations. On recommande  le port du casque et chacun prend ses responsabilit\u00e9s.&nbsp;\u00bb<\/strong><\/em><\/p>\n\n\n\n<h2 class=\"wp-block-heading\">Bataille d\u2019arguments<\/h2>\n\n\n\n<p><em><strong>\u00ab&nbsp;Arr\u00eatons d\u2019emmerder les Fran\u00e7ais&nbsp;\u00bb<\/strong><\/em><strong>, s\u2019est exclam\u00e9 Bruno Millienne, corapporteur MoDem, estimant qu\u2019avec un casque on pouvait se sentir faussement <\/strong><em><strong>\u00ab&nbsp;plus en s\u00e9curit\u00e9&nbsp;\u00bb<\/strong><\/em><strong>. <\/strong><em><strong>\u00ab&nbsp;Si on oblige le port du casque, la pratique de ce type de mobilit\u00e9s ne va pas se d\u00e9velopper&nbsp;\u00bb<\/strong><\/em><strong>, a abond\u00e9 la corapporteuse B\u00e9rang\u00e8re Couillard (La R\u00e9publique en marche, LRM).<\/strong><\/p>\n\n\n\n<p><strong>De  son c\u00f4t\u00e9, Thomas Mesnier, \u00e9galement membre du groupe majoritaire, a  pris la parole en tant que m\u00e9decin urgentiste et s\u2019est dit <\/strong><em><strong>\u00ab&nbsp;choqu\u00e9&nbsp;\u00bb<\/strong><\/em><strong> par <\/strong><em><strong>\u00ab&nbsp;certains des arguments entendus&nbsp;\u00bb<\/strong><\/em><strong>. <\/strong><em><strong>\u00ab&nbsp;On est l\u00e0 pour prendre nos responsabilit\u00e9s, pour assurer la s\u00e9curit\u00e9 des Fran\u00e7ais&nbsp;\u00bb<\/strong><\/em><strong>,  a-t-il plaid\u00e9. Favorable \u00e0 une extension de l\u2019obligation aux v\u00e9los  classiques, Pascale Boyer, \u00e9galement LRM, a fait le parall\u00e8le avec les  pr\u00e9ventions pass\u00e9es puis l\u2019acceptation de la ceinture de s\u00e9curit\u00e9  obligatoire en voiture. <\/strong><em><strong>\u00ab&nbsp;C\u2019est bien plus agr\u00e9able d\u2019\u00eatre cheveux au vent&nbsp;\u00bb<\/strong><\/em><strong> mais <\/strong><em><strong>\u00ab&nbsp;\u00e0 Paris c\u2019est un capharna\u00fcm sans nom&nbsp;\u00bb<\/strong><\/em><strong>, a aussi soulign\u00e9 Brigitte Kuster, \u00e9lue Les R\u00e9publicains (LR) de la capitale et qui d\u00e9fend la m\u00eame id\u00e9e.<\/strong><\/p>\n\n\n\n<h2 class=\"wp-block-heading\">Nuisances caus\u00e9es par les trottinettes<\/h2>\n\n\n\n<p><strong>La  maire de Paris, Anne Hidalgo, a annonc\u00e9 jeudi une s\u00e9rie de mesures pour  mettre un terme aux nuisances caus\u00e9es par les trottinettes,  responsables de plusieurs accidents. L\u2019Assembl\u00e9e a vot\u00e9 dans la nuit des  mesures pour <\/strong><em><strong>\u00ab&nbsp;donner aux collectivit\u00e9s les outils&nbsp;\u00bb<\/strong><\/em><strong> d\u2019un  encadrement accru. Des d\u00e9put\u00e9s LR ont demand\u00e9 en vain que les  fournisseurs de cycles et trottinettes soient tenus de mettre \u00e0  disposition un casque.<\/strong><\/p>\n\n\n\n<p><strong>Dans le camp oppos\u00e9 au casque obligatoire, les arguments \u00e9taient tout aussi fournis. <\/strong><em><strong>\u00ab&nbsp;On risque de d\u00e9responsabiliser le citoyen et d\u2019infantiliser&nbsp;\u00bb<\/strong><\/em><strong>, aux yeux de Christophe Bouillon (Parti socialiste). <\/strong><em><strong>\u00ab&nbsp;Il y a quelques semaines j\u2019ai chut\u00e9 <\/strong><\/em><strong>[\u00e0 trottinette]<\/strong><em><strong> \u00e0 cause du mauvais \u00e9tat de la chauss\u00e9e et parce que j\u2019ai pas fait gaffe&nbsp;\u00bb<\/strong><\/em><strong>, a narr\u00e9 Damien Pichereau (LRM), plaidant pour plut\u00f4t <\/strong><em><strong>\u00ab&nbsp;lutter contre les causes des accidents&nbsp;\u00bb<\/strong><\/em><strong>. Bertrand Pancher (Libert\u00e9s et territoires) entend <\/strong><em><strong>\u00ab&nbsp;<\/strong><\/em><strong>[veiller] <\/strong><em><strong>avec la profession \u00e0 ce qu\u2019on arrive tranquillement \u00e0 des g\u00e9n\u00e9ralisations&nbsp;\u00bb<\/strong><\/em><strong> du casque.<\/strong><\/p>\n\n\n<p><!--EndFragment--><\/p>","protected":false},"excerpt":{"rendered":"<p>Repris du site internet https:\/\/www.lemonde.fr\/politique\/article\/2019\/06\/07\/l-assemblee-ne-rend-pas-le-casque-obligatoire-a-velo-ou-a-trottinette_5473167_823448.html Selon la ministre des transports, le port du casque est seulement recommand\u00e9 et chacun prend ses responsabilit\u00e9s. L\u2019Assembl\u00e9e nationale a vot\u00e9 vendredi 7&nbsp;juin 2019 contre une obligation du port du casque \u00e0 v\u00e9lo ou \u00e0 &hellip; <a href=\"https:\/\/lescheminsdemusarde.fr\/?p=7474\">Continuer la lecture <span class=\"meta-nav\">&rarr;<\/span><\/a><\/p>\n","protected":false},"author":1,"featured_media":0,"comment_status":"closed","ping_status":"closed","sticky":false,"template":"","format":"standard","meta":{"_exactmetrics_skip_tracking":false,"_exactmetrics_sitenote_active":false,"_exactmetrics_sitenote_note":"","_exactmetrics_sitenote_category":0,"footnotes":""},"categories":[1],"tags":[],"class_list":["post-7474","post","type-post","status-publish","format-standard","hentry","category-divers"],"_links":{"self":[{"href":"https:\/\/lescheminsdemusarde.fr\/index.php?rest_route=\/wp\/v2\/posts\/7474","targetHints":{"allow":["GET"]}}],"collection":[{"href":"https:\/\/lescheminsdemusarde.fr\/index.php?rest_route=\/wp\/v2\/posts"}],"about":[{"href":"https:\/\/lescheminsdemusarde.fr\/index.php?rest_route=\/wp\/v2\/types\/post"}],"author":[{"embeddable":true,"href":"https:\/\/lescheminsdemusarde.fr\/index.php?rest_route=\/wp\/v2\/users\/1"}],"replies":[{"embeddable":true,"href":"https:\/\/lescheminsdemusarde.fr\/index.php?rest_route=%2Fwp%2Fv2%2Fcomments&post=7474"}],"version-history":[{"count":6,"href":"https:\/\/lescheminsdemusarde.fr\/index.php?rest_route=\/wp\/v2\/posts\/7474\/revisions"}],"predecessor-version":[{"id":7486,"href":"https:\/\/lescheminsdemusarde.fr\/index.php?rest_route=\/wp\/v2\/posts\/7474\/revisions\/7486"}],"wp:attachment":[{"href":"https:\/\/lescheminsdemusarde.fr\/index.php?rest_route=%2Fwp%2Fv2%2Fmedia&parent=7474"}],"wp:term":[{"taxonomy":"category","embeddable":true,"href":"https:\/\/lescheminsdemusarde.fr\/index.php?rest_route=%2Fwp%2Fv2%2Fcategories&post=7474"},{"taxonomy":"post_tag","embeddable":true,"href":"https:\/\/lescheminsdemusarde.fr\/index.php?rest_route=%2Fwp%2Fv2%2Ftags&post=7474"}],"curies":[{"name":"wp","href":"https:\/\/api.w.org\/{rel}","templated":true}]}}