{"id":7618,"date":"2019-07-08T09:19:25","date_gmt":"2019-07-08T08:19:25","guid":{"rendered":"http:\/\/lescheminsdemusarde.fr\/?p=7618"},"modified":"2019-07-08T09:29:01","modified_gmt":"2019-07-08T08:29:01","slug":"le-festival-de-loire-2019-a-orleans","status":"publish","type":"post","link":"https:\/\/lescheminsdemusarde.fr\/?p=7618","title":{"rendered":"Le Festival de Loire 2019 \u00e0 Orl\u00e9ans"},"content":{"rendered":"\n<p><strong>Une belle occasion s&rsquo;offre \u00e0 nous, tous les deux ans, de d\u00e9couvrir la marine de Loire au travers du Festival de Loire \u00e0 Orl\u00e9ans.<\/strong><\/p>\n\n\n\n<p><strong><em>Le Festival de Loire revient du 18 au 22\u00a0septembre 2019\u00a0et je ne vais pas le rater :<br> Orl\u00e9ans redevient pour quelques jours le principal port de Paris et \u00e7a n\u2019arrive qu\u2019une fois tous les deux ans !<br> Rdv en septembre prochain, avec les invit\u00e9s d&rsquo;honneur que sont l&rsquo;Angleterre &amp; sa Tamise&#8230;<\/em><\/strong><\/p>\n\n\n\n<p><strong>Vous trouverez toutes les informations avec le lien ci-dessous :<\/strong><\/p>\n\n\n\n<p><a href=\"https:\/\/www.tourismeloiret.com\/fr\/decouvrir\/teste-pour-vous\/embarquez-pour-le-festival-de-loire\">https:\/\/www.tourismeloiret.com\/fr\/decouvrir\/teste-pour-vous\/embarquez-pour-le-festival-de-loire<\/a><\/p>\n","protected":false},"excerpt":{"rendered":"<p>Une belle occasion s&rsquo;offre \u00e0 nous, tous les deux ans, de d\u00e9couvrir la marine de Loire au travers du Festival de Loire \u00e0 Orl\u00e9ans. Le Festival de Loire revient du 18 au 22\u00a0septembre 2019\u00a0et je ne vais pas le rater &hellip; <a href=\"https:\/\/lescheminsdemusarde.fr\/?p=7618\">Continuer la lecture <span class=\"meta-nav\">&rarr;<\/span><\/a><\/p>\n","protected":false},"author":1,"featured_media":0,"comment_status":"closed","ping_status":"closed","sticky":false,"template":"","format":"standard","meta":{"_exactmetrics_skip_tracking":false,"_exactmetrics_sitenote_active":false,"_exactmetrics_sitenote_note":"","_exactmetrics_sitenote_category":0,"footnotes":""},"categories":[14],"tags":[],"class_list":["post-7618","post","type-post","status-publish","format-standard","hentry","category-images-de-loire"],"_links":{"self":[{"href":"https:\/\/lescheminsdemusarde.fr\/index.php?rest_route=\/wp\/v2\/posts\/7618","targetHints":{"allow":["GET"]}}],"collection":[{"href":"https:\/\/lescheminsdemusarde.fr\/index.php?rest_route=\/wp\/v2\/posts"}],"about":[{"href":"https:\/\/lescheminsdemusarde.fr\/index.php?rest_route=\/wp\/v2\/types\/post"}],"author":[{"embeddable":true,"href":"https:\/\/lescheminsdemusarde.fr\/index.php?rest_route=\/wp\/v2\/users\/1"}],"replies":[{"embeddable":true,"href":"https:\/\/lescheminsdemusarde.fr\/index.php?rest_route=%2Fwp%2Fv2%2Fcomments&post=7618"}],"version-history":[{"count":9,"href":"https:\/\/lescheminsdemusarde.fr\/index.php?rest_route=\/wp\/v2\/posts\/7618\/revisions"}],"predecessor-version":[{"id":7627,"href":"https:\/\/lescheminsdemusarde.fr\/index.php?rest_route=\/wp\/v2\/posts\/7618\/revisions\/7627"}],"wp:attachment":[{"href":"https:\/\/lescheminsdemusarde.fr\/index.php?rest_route=%2Fwp%2Fv2%2Fmedia&parent=7618"}],"wp:term":[{"taxonomy":"category","embeddable":true,"href":"https:\/\/lescheminsdemusarde.fr\/index.php?rest_route=%2Fwp%2Fv2%2Fcategories&post=7618"},{"taxonomy":"post_tag","embeddable":true,"href":"https:\/\/lescheminsdemusarde.fr\/index.php?rest_route=%2Fwp%2Fv2%2Ftags&post=7618"}],"curies":[{"name":"wp","href":"https:\/\/api.w.org\/{rel}","templated":true}]}}