{"id":8186,"date":"2019-10-18T16:56:06","date_gmt":"2019-10-18T15:56:06","guid":{"rendered":"http:\/\/lescheminsdemusarde.fr\/?p=8186"},"modified":"2019-10-27T09:34:14","modified_gmt":"2019-10-27T08:34:14","slug":"le-velo-vers-un-changement-dechelle","status":"publish","type":"post","link":"https:\/\/lescheminsdemusarde.fr\/?p=8186","title":{"rendered":"Le v\u00e9lo, vers un changement d\u2019\u00e9chelle ?"},"content":{"rendered":"\n<figure class=\"wp-block-image\"><a href=\"http:\/\/carfree.fr\/index.php\/2019\/10\/18\/le-velo-vers-un-changement-dechelle\/\"><img decoding=\"async\" src=\"http:\/\/carfree.fr\/img\/2019\/10\/velo-600x324.jpg\" alt=\"\"\/><\/a><\/figure>\n\n\n\n<h4 class=\"wp-block-heading\"><em>Publi\u00e9 le <\/em><a href=\"http:\/\/carfree.fr\/index.php\/2019\/10\/18\/le-velo-vers-un-changement-dechelle\/\"><em>18 octobre 2019<\/em><\/a><em> par <\/em><a href=\"http:\/\/carfree.fr\/index.php\/author\/velove\/\"><em>V\u00e9love<\/em><\/a><em>, repris du site internet www.carfree.fr    <\/em>    <\/h4>\n\n\n\n<p><strong>On peut dire qu\u2019on a \u00e9t\u00e9 des pr\u00e9curseurs sur Carfree  France. A vrai dire, cela fait maintenant plus de 15 ans que l\u2019on  pratique le v\u00e9lo au quotidien et qu\u2019on le pr\u00e9conise comme une solution  de mobilit\u00e9. La \u00ab&nbsp;solution v\u00e9lo&nbsp;\u00bb, on a fait partie des premiers \u00e0 la  d\u00e9fendre en France, \u00e0 une \u00e9poque o\u00f9 il n\u2019y avait pas beaucoup de v\u00e9los  dans les rues et par contre beaucoup d\u2019automobilistes pour nous dire \u00ab&nbsp;<\/strong><em><strong>le v\u00e9lo, c\u2019est un truc de Hollandais, \u00e7a ne prendra jamais en France\u2026<\/strong><\/em><strong>&nbsp;\u00bb <\/strong><\/p>\n\n\n\n<!--more-->\n\n\n\n<p><strong>Aujourd\u2019hui, non seulement \u00e7a prend le v\u00e9lo, mais c\u2019est un v\u00e9ritable succ\u00e8s. Un article r\u00e9cent du journal <\/strong><a rel=\"noreferrer noopener\" href=\"http:\/\/www.leparisien.fr\/societe\/le-velo-en-plein-essor-pres-de-2-francais-sur-5-l-utilisent-dans-leur-quotidien-19-09-2019-8155863.php\" target=\"_blank\"><strong>Le Parisien<\/strong><\/a><strong> nous rappelle que le v\u00e9lo est aujourd\u2019hui en plein essor en France.<\/strong><\/p>\n\n\n\n<p><strong>Au global, un Fran\u00e7ais sur cinq vivant dans une grande ville (plus de  100 000 habitants) p\u00e9dale pour son trajet domicile-travail. Plus  largement, pr\u00e8s de 2 Fran\u00e7ais sur 5 utilisent le v\u00e9lo dans leur  quotidien.<\/strong><\/p>\n\n\n\n<p><strong>On peut le constater dans nos rues tous les jours, il y a de plus en plus de v\u00e9los un peu partout. <\/strong><\/p>\n\n\n\n<p><strong>Parmi les motivations premi\u00e8res des personnes qui font du v\u00e9lo, il y a  apparemment d\u2019abord la sant\u00e9, \u00e0 savoir la volont\u00e9 de faire de  l\u2019exercice quotidien. Le second profil type est celui des  \u00ab&nbsp;v\u00e9lo-lovers&nbsp;\u00bb, des h\u00e9donistes qui p\u00e9dalent pour le plaisir. Autre type  de cycliste, surtout repr\u00e9sent\u00e9 dans les villes tr\u00e8s congestionn\u00e9es :  le pragmatique, celui pour qui se d\u00e9placer \u00e0 v\u00e9lo permet de ma\u00eetriser  son temps de trajet mieux que l\u2019automobile ou les RER parfois en panne.  C\u2019est l\u2019argument avanc\u00e9 par 42 % des urbains actifs.<\/strong><\/p>\n\n\n\n<p><strong>Si on veut expliquer l\u2019engouement actuel pour le v\u00e9lo, il y a sans  doute un \u00ab alignement des plan\u00e8tes \u00bb selon Olivier Schneider de la  F\u00e9d\u00e9ration des Usagers de la Bicyclette (FUB), \u00e0 savoir l\u2019am\u00e9lioration  continue et certaine des r\u00e9seaux cyclables (m\u00eame s\u2019il reste beaucoup \u00e0  faire encore !), le d\u00e9veloppement du V\u00e9lo \u00e0 Assistance \u00c9lectrique (VAE),  mais aussi sans doute la prise de conscience \u00e9cologique, le co\u00fbt du  carburant ou la congestion fr\u00e9quente en milieu urbain.<\/strong> <\/p>\n\n\n\n<p><strong>A vrai dire, on voit actuellement de plus en plus de v\u00e9los dans nos  villes, \u00e0 un point o\u00f9 cela commence m\u00eame parfois \u00e0 poser des probl\u00e8mes.  Les am\u00e9nagements cyclables encore trop peu nombreux et faiblement  dimensionn\u00e9s ne r\u00e9pondent plus toujours \u00e0 la demande. Il va falloir  donner plus d\u2019espace, cette mati\u00e8re si convoit\u00e9e en milieu urbain, au  v\u00e9lo. Il devient aujourd\u2019hui de plus en plus inacceptable de laisser  tant de place en ville \u00e0 des voitures \u00e9normes tr\u00e8s souvent \u00e0 un seul  passager, le conducteur, alors que les nombreux v\u00e9los en croissance  rapide s\u2019entassent sur un tr\u00e8s faible espace et doivent souvent  cohabiter avec les pi\u00e9tons ou les trottinettes. <\/strong><\/p>\n\n\n\n<p><strong>Il faut d\u00e9sormais changer d\u2019\u00e9chelle et penser l\u2019am\u00e9nagement urbain  diff\u00e9remment en milieu urbain. Il faut donner la priorit\u00e9 en termes  d\u2019espace aux infrastructures lourdes de transports collectifs, type  tramway, puis aux bus, aux v\u00e9los et aux pi\u00e9tons, et enfin aux voitures.  En ville, la voiture doit sentir qu\u2019elle est seulement invit\u00e9e, tol\u00e9r\u00e9e  sous conditions, alors que l\u2019ensemble des autres modes doivent  b\u00e9n\u00e9ficier d\u2019am\u00e9nagements g\u00e9n\u00e9reux destin\u00e9s \u00e0 favoriser leur  d\u00e9veloppement et leur \u00e9panouissement.<\/strong><\/p>\n\n\n\n<p><em><strong>Photo: LP\/Jean-Baptiste Quentin<\/strong><\/em><\/p>\n","protected":false},"excerpt":{"rendered":"<p>Publi\u00e9 le 18 octobre 2019 par V\u00e9love, repris du site internet www.carfree.fr On peut dire qu\u2019on a \u00e9t\u00e9 des pr\u00e9curseurs sur Carfree France. A vrai dire, cela fait maintenant plus de 15 ans que l\u2019on pratique le v\u00e9lo au quotidien &hellip; <a href=\"https:\/\/lescheminsdemusarde.fr\/?p=8186\">Continuer la lecture <span class=\"meta-nav\">&rarr;<\/span><\/a><\/p>\n","protected":false},"author":1,"featured_media":0,"comment_status":"closed","ping_status":"closed","sticky":false,"template":"","format":"standard","meta":{"_exactmetrics_skip_tracking":false,"_exactmetrics_sitenote_active":false,"_exactmetrics_sitenote_note":"","_exactmetrics_sitenote_category":0,"footnotes":""},"categories":[1],"tags":[],"class_list":["post-8186","post","type-post","status-publish","format-standard","hentry","category-divers"],"_links":{"self":[{"href":"https:\/\/lescheminsdemusarde.fr\/index.php?rest_route=\/wp\/v2\/posts\/8186","targetHints":{"allow":["GET"]}}],"collection":[{"href":"https:\/\/lescheminsdemusarde.fr\/index.php?rest_route=\/wp\/v2\/posts"}],"about":[{"href":"https:\/\/lescheminsdemusarde.fr\/index.php?rest_route=\/wp\/v2\/types\/post"}],"author":[{"embeddable":true,"href":"https:\/\/lescheminsdemusarde.fr\/index.php?rest_route=\/wp\/v2\/users\/1"}],"replies":[{"embeddable":true,"href":"https:\/\/lescheminsdemusarde.fr\/index.php?rest_route=%2Fwp%2Fv2%2Fcomments&post=8186"}],"version-history":[{"count":5,"href":"https:\/\/lescheminsdemusarde.fr\/index.php?rest_route=\/wp\/v2\/posts\/8186\/revisions"}],"predecessor-version":[{"id":8232,"href":"https:\/\/lescheminsdemusarde.fr\/index.php?rest_route=\/wp\/v2\/posts\/8186\/revisions\/8232"}],"wp:attachment":[{"href":"https:\/\/lescheminsdemusarde.fr\/index.php?rest_route=%2Fwp%2Fv2%2Fmedia&parent=8186"}],"wp:term":[{"taxonomy":"category","embeddable":true,"href":"https:\/\/lescheminsdemusarde.fr\/index.php?rest_route=%2Fwp%2Fv2%2Fcategories&post=8186"},{"taxonomy":"post_tag","embeddable":true,"href":"https:\/\/lescheminsdemusarde.fr\/index.php?rest_route=%2Fwp%2Fv2%2Ftags&post=8186"}],"curies":[{"name":"wp","href":"https:\/\/api.w.org\/{rel}","templated":true}]}}